{"id":349242,"date":"2025-08-28T05:05:11","date_gmt":"2025-08-28T05:05:11","guid":{"rendered":"https:\/\/www.europesays.com\/fr\/349242\/"},"modified":"2025-08-28T05:05:11","modified_gmt":"2025-08-28T05:05:11","slug":"de-nouveaux-creneaux-de-visite-bientot-en-ligne","status":"publish","type":"post","link":"https:\/\/www.europesays.com\/fr\/349242\/","title":{"rendered":"de nouveaux cr\u00e9neaux de visite bient\u00f4t en ligne"},"content":{"rendered":"<p>            Par<br \/>\n        <strong><br \/>\n            <a href=\"https:\/\/actu.fr\/auteur\/laure-gentil\" title=\"Consulter tous les articles de Laure Gentil\" target=\"_blank\" rel=\"noopener\">Laure Gentil<\/a><br \/>\n        <\/strong><\/p>\n<p>        Publi\u00e9 le<\/p>\n<p>            28 ao\u00fbt 2025 \u00e0 6h46        <\/p>\n<p>Depuis le samedi 28\u00a0juin 2025, le ch\u00e2teau des Ducs de Bretagne de Nantes accueille une exposition exceptionnelle\u2009<a href=\"https:\/\/actu.fr\/pays-de-la-loire\/nantes_44109\/a-nantes-le-peintre-japonais-hokusai-mis-a-l-honneur-au-chateau-dans-une-expo-hors-du-commun_62836497.html\" target=\"_blank\" rel=\"noopener\">: plus de 160 \u0153uvres du c\u00e9l\u00e8bre artiste japonais Hokusai, dont une quarantaine de peintures, sont expos\u00e9es<\/a>. Mais celle-ci, qui conna\u00eet un <strong>succ\u00e8s exceptionnel,<\/strong> se termine le <strong>7\u00a0septembre prochain.<\/strong><\/p>\n<p class=\" wall-content\">Pour faire face \u00e0 la demande avant le coup de sifflet final, le <strong>Mus\u00e9e d\u2019Histoire de Nantes<\/strong> a d\u00e9cid\u00e9 de proposer de nouveaux cr\u00e9neaux de visite.<\/p>\n<p>Pas de prolongation<\/p>\n<p class=\" wall-content\">Selon le Mus\u00e9e, malgr\u00e9 le \u00ab\u2009succ\u00e8s public et une reconnaissance scientifique incontestables\u2009\u00bb et les demandes r\u00e9guli\u00e8res du public pour prolonger l\u2019exposition, cette solution n\u2019a pas \u00e9t\u00e9 retenue. \u00ab<strong>\u2009Pour des raisons de conservation des \u0153uvres<\/strong>, cette option n\u2019est pas envisageable\u2009\u00bb, indique le Mus\u00e9e.<\/p>\n<blockquote class=\"ac-article-quote wall-content\">\n<p>Le partenariat avec le mus\u00e9e Hokusai-kan d\u2019Obuse, qui a accept\u00e9 un pr\u00eat jusqu\u2019au 7 septembre, est d\u00e9j\u00e0 exceptionnel du fait de la confiance \u00e9tablie entre les deux institutions, la dur\u00e9e d\u2019un pr\u00eat \u00e9tant habituellement de 4 semaines.<\/p>\n<p>    <strong>Mus\u00e9e d&rsquo;Histoire de Nantes<\/strong>\n            <\/p><\/blockquote>\n<p class=\" wall-content\">Les nouveaux cr\u00e9neaux d\u2019ouverture seront mis en ligne sur <a href=\"https:\/\/www.chateaunantes.fr\/\" target=\"_blank\" rel=\"noopener\">le site internet du mus\u00e9e<\/a>, le <strong>vendredi 29\u00a0ao\u00fbt \u00e0 12\u2009h<\/strong> et du lundi\u00a01er au samedi 6\u00a0septembre, <strong>l\u2019ouverture de l\u2019exposition sera prolong\u00e9e jusqu\u2019\u00e0 22\u2009h<\/strong> et le dimanche 7\u00a0septembre (dimanche gratuit, sans r\u00e9servation) jusqu\u2019\u00e0 19\u2009h.<\/p>\n<p class=\" wall-content\">Personnalisez votre actualit\u00e9 en ajoutant vos villes et m\u00e9dias en favori avec <a href=\"https:\/\/moncompte.actu.fr\" title=\"D\u00e9couvez Mon Actu\" rel=\"nofollow noopener\" data-trk=\"{&quot;cta&quot;:{&quot;action&quot;:&quot;https:\\\/\\\/moncompte.actu.fr&quot;,&quot;category&quot;:&quot;mon compte&quot;,&quot;from&quot;:&quot;article footer&quot;,&quot;name&quot;:&quot;Mon actu&quot;,&quot;type&quot;:&quot;cta&quot;}}\" target=\"_blank\">Mon Actu<\/a>.<\/p>\n","protected":false},"excerpt":{"rendered":"Par Laure Gentil Publi\u00e9 le 28 ao\u00fbt 2025 \u00e0 6h46 Depuis le samedi 28\u00a0juin 2025, le ch\u00e2teau des&hellip;\n","protected":false},"author":2,"featured_media":257174,"comment_status":"","ping_status":"","sticky":false,"template":"","format":"standard","meta":{"footnotes":""},"categories":[2818],"tags":[1111,11,1777,674,1349,1011,27,2070,1652,766,12,2636,25],"class_list":{"0":"post-349242","1":"post","2":"type-post","3":"status-publish","4":"format-standard","5":"has-post-thumbnail","7":"category-nantes","8":"tag-actu","9":"tag-actualites","10":"tag-eu","11":"tag-europe","12":"tag-expositions","13":"tag-fr","14":"tag-france","15":"tag-japon","16":"tag-loisirs-culture","17":"tag-nantes","18":"tag-news","19":"tag-pays-de-la-loire","20":"tag-republique-francaise"},"share_on_mastodon":{"url":"https:\/\/pubeurope.com\/@fr\/115104653226104107","error":""},"_links":{"self":[{"href":"https:\/\/www.europesays.com\/fr\/wp-json\/wp\/v2\/posts\/349242","targetHints":{"allow":["GET"]}}],"collection":[{"href":"https:\/\/www.europesays.com\/fr\/wp-json\/wp\/v2\/posts"}],"about":[{"href":"https:\/\/www.europesays.com\/fr\/wp-json\/wp\/v2\/types\/post"}],"author":[{"embeddable":true,"href":"https:\/\/www.europesays.com\/fr\/wp-json\/wp\/v2\/users\/2"}],"replies":[{"embeddable":true,"href":"https:\/\/www.europesays.com\/fr\/wp-json\/wp\/v2\/comments?post=349242"}],"version-history":[{"count":0,"href":"https:\/\/www.europesays.com\/fr\/wp-json\/wp\/v2\/posts\/349242\/revisions"}],"wp:featuredmedia":[{"embeddable":true,"href":"https:\/\/www.europesays.com\/fr\/wp-json\/wp\/v2\/media\/257174"}],"wp:attachment":[{"href":"https:\/\/www.europesays.com\/fr\/wp-json\/wp\/v2\/media?parent=349242"}],"wp:term":[{"taxonomy":"category","embeddable":true,"href":"https:\/\/www.europesays.com\/fr\/wp-json\/wp\/v2\/categories?post=349242"},{"taxonomy":"post_tag","embeddable":true,"href":"https:\/\/www.europesays.com\/fr\/wp-json\/wp\/v2\/tags?post=349242"}],"curies":[{"name":"wp","href":"https:\/\/api.w.org\/{rel}","templated":true}]}}