{"id":349246,"date":"2025-08-28T05:08:10","date_gmt":"2025-08-28T05:08:10","guid":{"rendered":"https:\/\/www.europesays.com\/fr\/349246\/"},"modified":"2025-08-28T05:08:10","modified_gmt":"2025-08-28T05:08:10","slug":"sans-alternance-cette-etudiante-de-toulouse-pourrait-perdre-ses-papiers","status":"publish","type":"post","link":"https:\/\/www.europesays.com\/fr\/349246\/","title":{"rendered":"sans alternance, cette \u00e9tudiante de Toulouse pourrait perdre ses papiers"},"content":{"rendered":"<p>            Par<br \/>\n        <strong><br \/>\n            <a href=\"https:\/\/actu.fr\/auteur\/enzo-legros\" title=\"Consulter tous les articles de Enzo Legros\" target=\"_blank\" rel=\"noopener\">Enzo Legros<\/a><br \/>\n        <\/strong><\/p>\n<p>        Publi\u00e9 le<\/p>\n<p>            28 ao\u00fbt 2025 \u00e0 6h46        <\/p>\n<p>En cette fin de mois d\u2019ao\u00fbt 2025, les \u00e9tudiants les moins chanceux sont pris dans un vent de panique \u00f4 combien angoissant\u2009: la recherche tardive d\u2019une alternance. Les r\u00e9ponses automatiques d\u00e9courageantes, des refus malgr\u00e9 pl\u00e9thore d\u2019entretiens\u2026 Le parcours peut-\u00eatre sinueux, et l\u2019attente insoutenable lorsque le Graal est indispensable pour valider son admission dans son \u00e9cole sup\u00e9rieure. Mais pour Monique, \u00e9tudiante s\u00e9n\u00e9galaise arriv\u00e9e <a href=\"https:\/\/actu.fr\/toulouse\/\" target=\"_blank\" rel=\"noopener\">\u00e0 Toulouse<\/a> en 2022, l\u2019enjeu est encore plus grand et terrifiant. Comme de nombreux \u00e9tudiants \u00e9trangers en France, si elle ne trouve pas d\u2019alternance, <strong>elle pourrait \u00eatre forc\u00e9e de quitter le pays<\/strong>. <a href=\"https:\/\/actu.fr\/tag\/temoignage\" target=\"_blank\" rel=\"noopener\">T\u00e9moignage<\/a>.<\/p>\n<p>Du statut d\u2019\u00e9tudiante \u00e0 celui de sans-papier<\/p>\n<p class=\" wall-content\">C\u2019est le souffle marqu\u00e9 par la crainte que Monique, \u00e9tudiante de 26\u00a0ans, a accept\u00e9 de se confier \u00e0 Actu Toulouse sur la situation qui occupe son esprit depuis plusieurs semaines. Admise dans une \u00e9cole toulousaine en ressources humaines, elle se retrouve depuis juin 2025 dans les rouages de la difficile recherche d\u2019alternance. Pour elle, ne pas obtenir de contrat d\u2019apprentissage ne mettrait pas seulement son ann\u00e9e d\u2019\u00e9tudes en p\u00e9ril. Cela viendrait <strong>an\u00e9antir un parcours de vie<\/strong> d\u00e9marr\u00e9e dans la Ville Rose en 2022, apr\u00e8s 23\u00a0ans de vie au S\u00e9n\u00e9gal.<\/p>\n<p class=\" wall-content\">\u00ab\u2009Je suis venu pour d\u00e9couvrir une nouvelle culture, un autre monde et apprendre des connaissances qui me serviront dans le monde du travail\u2009\u00bb, explique l\u2019habitante <a href=\"https:\/\/actu.fr\/occitanie\/toulouse_31555\/velo-express-et-ligne-lineo-en-plus-du-metro-la-profonde-transformation-de-ce-quartier-progresse-a-toulouse_63046522.html\" target=\"_blank\" rel=\"noopener\">du quartier Borderouge<\/a>. Pour cela, un visa renouvelable d\u2019un an lui a \u00e9t\u00e9 accord\u00e9 jusqu\u2019ici, sp\u00e9cifique pour les \u00e9tudes. Ce dernier arrivant \u00e0 expiration fin novembre, Monique doit trouver un employeur pour confirmer son admission dans son \u00e9cole et pouvoir justifier le statut d\u2019\u00e9tudiant, sans quoi elle sera consid\u00e9r\u00e9e comme une <strong>\u00e9trang\u00e8re en situation irr\u00e9guli\u00e8re<\/strong>.<\/p>\n<p>Des centaines de candidatures envoy\u00e9es<\/p>\n<p class=\" wall-content\">Pour l\u2019\u00e9tudiante, cette position est tr\u00e8s difficile \u00e0 supporter, elle qui a tout fait pour <strong>\u00ab\u2009\u00eatre dans les r\u00e8gles depuis le d\u00e9but\u2009\u00bb<\/strong>. Pour obtenir son visa d\u2019\u00e9tudes, Monique avait \u00e9t\u00e9 admise dans <a href=\"https:\/\/actu.fr\/occitanie\/toulouse_31555\/classement-de-shanghai-2025-quelles-sont-les-meilleures-universites-de-toulouse_63041589.html\" target=\"_blank\" rel=\"noopener\">l\u2019une des universit\u00e9s de Toulouse<\/a>, avant de se diriger plut\u00f4t vers une premi\u00e8re alternance concluante et un BTS en commerce, qu\u2019elle a obtenu. Pour r\u00e9pondre au niveau de ressources minimums de 650\u00a0euros par mois <a href=\"https:\/\/www.service-public.fr\/particuliers\/vosdroits\/F2231\" target=\"_blank\" rel=\"noopener\">demand\u00e9 pour l\u2019obtention d\u2019un visa<\/a>, elle s\u2019est m\u00eame trouv\u00e9 un emploi \u00e0 c\u00f4t\u00e9 de ses \u00e9tudes.<\/p>\n<p class=\" wall-content\">Mais aujourd\u2019hui, tous ces efforts ne valent plus rien. Seule une alternance lui permettrait d\u2019int\u00e9grer sa formation en ressources humaines dont elle r\u00eave, et de se sortir d\u2019une situation qu\u2019elle combat au quotidien.<\/p>\n<blockquote class=\"ac-article-quote wall-content\">\n<p>J&rsquo;ai envoy\u00e9 plus de 500 candidatures, pour quasiment aucune r\u00e9ponse. Je d\u00e9pose mon CV en pr\u00e9sentiel, passe des coups de fil&#8230; Je me sens bloqu\u00e9e, j&rsquo;ai toujours su me d\u00e9brouiller depuis le d\u00e9but, mais cette fois, j&rsquo;ai un blocage que je n&rsquo;arrive pas \u00e0 retirer. J&rsquo;ai tr\u00e8s peur.<\/p>\n<p>    <strong>Monique<\/strong><br \/>\n        Etudiante s\u00e9n\u00e9galaise de 26 ans     <\/p><\/blockquote>\n<p>Votre r\u00e9gion, votre actu !<\/p>\n<p>Recevez chaque jour les infos qui comptent pour vous.<\/p>\n<p>\t<a href=\"https:\/\/actu.fr\/newsletter\" class=\"ac-btn ac-btn--corner ac-btn--medium ac-btn--blue800\" target=\"_blank\" rel=\"noopener\">S&rsquo;incrire<\/a><\/p>\n<p class=\" wall-content\">La demande de renouvellement de visa doit \u00eatre adress\u00e9e \u00e0 la pr\u00e9fecture deux mois avant le jour d\u2019expiration de son actuelle carte de s\u00e9jour. En clair, <strong>Monique a jusqu\u2019\u00e0 fin septembre<\/strong> pour trouver son sauveur et \u00e9viter un statut douloureux de \u00ab\u2009sans-papier\u2009\u00bb.<\/p>\n<p>Le rappel de la pr\u00e9fecture ent\u00e9rine le stress<\/p>\n<p class=\" wall-content\">Sur sa bo\u00eete mail, la pr\u00e9fecture de <a href=\"https:\/\/actu.fr\/occitanie\/haute-garonne_31\" target=\"_blank\" rel=\"noopener\">la Haute-Garonne<\/a>, a d\u00e9j\u00e0 envoy\u00e9 un rappel sur sa situation. \u00ab\u2009Quand je l\u2019ai re\u00e7u, j\u2019ai flipp\u00e9\u2009\u00bb, confie Monique. Elle n\u2019est pas seule dans la m\u00eame situation. Une amie \u00e0 elle est plong\u00e9e dans la m\u00eame incertitude. <strong>\u00ab<\/strong>\u2009<strong>On n\u2019est pas venu pour \u00eatre en situation irr\u00e9guli\u00e8re<\/strong>, on est venu pour \u00e9tudier. Si on repart comme \u00e7a sans avoir termin\u00e9, \u00e0 quoi \u00e7a nous aura servi ?\u2009\u00bb, s\u2019interroge celle qui souhaite faire carri\u00e8re dans les ressources humaines, \u00ab\u2009et pourquoi pas en France\u2009\u00bb.<\/p>\n<p class=\" wall-content\">Monique <strong>continue de marteler les candidatures<\/strong> \u00e0 destination des entreprises de Toulouse. Un d\u00e9tail vient corser encore plus sa recherche. Elle a maintenant 26\u00a0ans, donc les entreprises sont oblig\u00e9es de la r\u00e9mun\u00e9rer au minimum du smic (1800 euros bruts), contre seulement 800\u00a0euros environ pour un plus jeune apprenti. \u00ab\u2009Je co\u00fbte cher, \u00e7a peut \u00eatre un frein\u2009\u00bb, sait Monique.<\/p>\n<p class=\" wall-content\">Mais elle ne compte pas perdre espoir jusqu\u2019\u00e0 la fin du mois de septembre, le moment o\u00f9 elle aura soit trouv\u00e9 son bonheur, soit perdu son visa et s\u00fbrement quitt\u00e9 la France.<\/p>\n<p>Monique est joignable par mail \u00e0 l\u2019adresse <a href=\"https:\/\/actu.fr\/cdn-cgi\/l\/email-protection\" class=\"__cf_email__\" data-cfemail=\"26424f494843084b49484f4566414b474f4a0845494b\" target=\"_blank\" rel=\"noopener\">[email\u00a0protected]<\/a>.<\/p>\n<p class=\" wall-content\">Personnalisez votre actualit\u00e9 en ajoutant vos villes et m\u00e9dias en favori avec <a href=\"https:\/\/moncompte.actu.fr\" title=\"D\u00e9couvez Mon Actu\" rel=\"nofollow noopener\" data-trk=\"{&quot;cta&quot;:{&quot;action&quot;:&quot;https:\\\/\\\/moncompte.actu.fr&quot;,&quot;category&quot;:&quot;mon compte&quot;,&quot;from&quot;:&quot;article footer&quot;,&quot;name&quot;:&quot;Mon actu&quot;,&quot;type&quot;:&quot;cta&quot;}}\" target=\"_blank\">Mon Actu<\/a>.<\/p>\n","protected":false},"excerpt":{"rendered":"Par Enzo Legros Publi\u00e9 le 28 ao\u00fbt 2025 \u00e0 6h46 En cette fin de mois d\u2019ao\u00fbt 2025, les&hellip;\n","protected":false},"author":2,"featured_media":349247,"comment_status":"","ping_status":"","sticky":false,"template":"","format":"standard","meta":{"footnotes":""},"categories":[2816],"tags":[1111,11,1777,674,1011,27,12,2680,25,104,240,2312],"class_list":{"0":"post-349246","1":"post","2":"type-post","3":"status-publish","4":"format-standard","5":"has-post-thumbnail","7":"category-toulouse","8":"tag-actu","9":"tag-actualites","10":"tag-eu","11":"tag-europe","12":"tag-fr","13":"tag-france","14":"tag-news","15":"tag-occitanie","16":"tag-republique-francaise","17":"tag-societe","18":"tag-temoignage","19":"tag-toulouse"},"share_on_mastodon":{"url":"https:\/\/pubeurope.com\/@fr\/115104665139384191","error":""},"_links":{"self":[{"href":"https:\/\/www.europesays.com\/fr\/wp-json\/wp\/v2\/posts\/349246","targetHints":{"allow":["GET"]}}],"collection":[{"href":"https:\/\/www.europesays.com\/fr\/wp-json\/wp\/v2\/posts"}],"about":[{"href":"https:\/\/www.europesays.com\/fr\/wp-json\/wp\/v2\/types\/post"}],"author":[{"embeddable":true,"href":"https:\/\/www.europesays.com\/fr\/wp-json\/wp\/v2\/users\/2"}],"replies":[{"embeddable":true,"href":"https:\/\/www.europesays.com\/fr\/wp-json\/wp\/v2\/comments?post=349246"}],"version-history":[{"count":0,"href":"https:\/\/www.europesays.com\/fr\/wp-json\/wp\/v2\/posts\/349246\/revisions"}],"wp:featuredmedia":[{"embeddable":true,"href":"https:\/\/www.europesays.com\/fr\/wp-json\/wp\/v2\/media\/349247"}],"wp:attachment":[{"href":"https:\/\/www.europesays.com\/fr\/wp-json\/wp\/v2\/media?parent=349246"}],"wp:term":[{"taxonomy":"category","embeddable":true,"href":"https:\/\/www.europesays.com\/fr\/wp-json\/wp\/v2\/categories?post=349246"},{"taxonomy":"post_tag","embeddable":true,"href":"https:\/\/www.europesays.com\/fr\/wp-json\/wp\/v2\/tags?post=349246"}],"curies":[{"name":"wp","href":"https:\/\/api.w.org\/{rel}","templated":true}]}}