{"id":34925,"date":"2025-04-18T21:14:35","date_gmt":"2025-04-18T21:14:35","guid":{"rendered":"https:\/\/www.europesays.com\/fr\/34925\/"},"modified":"2025-04-18T21:14:35","modified_gmt":"2025-04-18T21:14:35","slug":"psg-le-fc-nantes-invite-un-jeune-supporter-parisien-exclu-de-villa-park-mardi-soir-2","status":"publish","type":"post","link":"https:\/\/www.europesays.com\/fr\/34925\/","title":{"rendered":"PSG\u00a0: Le FC Nantes invite un jeune supporter parisien exclu de Villa Park mardi soir"},"content":{"rendered":"<p>Mardi soir, apr\u00e8s la <a href=\"https:\/\/www.20minutes.fr\/sport\/football\/ligue_des_champions\/4148497-20250415-direct-aston-villa-psg-paris-plus-assurer-rejoindre-demi-finales-ligue-champions-suivez-match\" target=\"_blank\" class=\"color-ultramarine c-link\" rel=\"noopener\">qualification du PSG pour les demi-finales<\/a> de la <a href=\"https:\/\/www.20minutes.fr\/sport\/ligue_des_champions\/\" target=\"_blank\" class=\"color-ultramarine c-link\" rel=\"noopener\">Ligue des champions<\/a> sur la pelouse de Villa Park, un supporter parisien avait pos\u00e9 un message sur X pour dire sa col\u00e8re. Il avait pris des billets pour assister \u00e0 ce match face \u00e0 <a href=\"https:\/\/www.20minutes.fr\/dossier\/aston_villa\" target=\"_blank\" class=\"color-ultramarine c-link\" rel=\"noopener\">Aston Villa<\/a> avec un ami et le fils de ce dernier, mais ils ont \u00e9t\u00e9 tous les trois exclus du stade \u00e0 la pause pour avoir c\u00e9l\u00e9br\u00e9 les buts de Paris \u2013 ils se trouvaient dans les tribunes \u00ab\u00a0anglaises\u00a0\u00bb, hors parcage parisien.<\/p>\n<p>\u00ab\u00a0Nous lui avions offert ce d\u00e9placement pour son anniversaire\u2026 [Il est] en pleurs, c\u2019est nul et injuste\u00a0\u00bb, avait-il racont\u00e9, avant de poursuivre un peu plus tard\u00a0: \u00ab\u00a0Partis \u00e0 4h du matin pour l\u2019anniversaire de Ma\u00ebl\u2026 Bateau.. 7 heures de voiture\u2026 des billets pay\u00e9s\u2026 Et le fair-play, la grande classe, se permettre de jeter arbitrairement un enfant juste parce qu\u2019il a \u00e9t\u00e9 d\u00e9nonc\u00e9 par des footix anglais frustr\u00e9s. \u00c9c\u0153urant.\u00a0\u00bb<\/p>\n<blockquote class=\"twitter-tweet\" align=\"center\" data-lang=\"fr_FR\">\n<p lang=\"fr\" dir=\"ltr\"><a href=\"https:\/\/twitter.com\/PSG_inside?ref_src=twsrc%5Etfw\" target=\"_blank\" rel=\"noopener\">@PSG_inside<\/a> avec le fils de mon pote nous venons de nous faire expulser \u00e0 la mi-temps par la s\u00e9cu juste parce que le petit a os\u00e9 lever les bras sur le but parisien. Nous lui avions offert ce d\u00e9placement pour son anniversaire&#8230; En pleur c nul et injuste <a href=\"https:\/\/t.co\/kFD0qPbEBc\">pic.twitter.com\/kFD0qPbEBc<\/a><\/p>\n<p>\u2014 Aymeric (@casadisogno18) <a href=\"https:\/\/twitter.com\/casadisogno18\/status\/1912244297484603618?ref_src=twsrc%5Etfw\" target=\"_blank\" rel=\"noopener\">April 15, 2025<\/a><\/p><\/blockquote>\n<p class=\"mb-m@xs text-l@xs\">En cliquant sur\u00ab J\u2019accepte \u00bb, vous acceptez le d\u00e9p\u00f4t de cookies par des services externes et aurez ainsi acc\u00e8s aux contenus de nos partenaires.<\/p>\n<p class=\"mb-xl@xs text-s@xs\">Plus d\u2019informations sur la page<a href=\"https:\/\/www.20minutes.fr\/gestion-cookies\" class=\"mx-xxs@xs color-ultramarine\" target=\"_blank\" rel=\"noopener\">Politique de gestion des cookies<\/a><\/p>\n<p>J\u2019accepte<\/p>\n<p>Une histoire qui a trouv\u00e9 un \u00e9cho jusqu\u2019\u00e0 Nantes, o\u00f9 les dirigeants ont d\u00e9cid\u00e9 d\u2019inviter Ma\u00ebl \u00e0 l\u2019occasion de la r\u00e9ception du <a href=\"https:\/\/www.20minutes.fr\/sport\/psg\/\" target=\"_blank\" class=\"color-ultramarine c-link\" rel=\"noopener\">PSG<\/a>, mardi 22\u00a0avril, pour le match de la 29e journ\u00e9e de Ligue 1 entre les deux \u00e9quipes qui avait \u00e9t\u00e9 <a href=\"https:\/\/www.20minutes.fr\/sport\/football\/ligue_europa\/4148154-20250411-ligue-1-nantes-psg-reporte-auxerre-ol-comment-ca-fait\" target=\"_blank\" class=\"color-ultramarine c-link\" rel=\"noopener\">report\u00e9 en raison de la Coupe d\u2019Europe<\/a>.<\/p>\n<p>L\u2019initiative a ravi l\u2019entourage du jeune supporter, \u00e9videmment. \u00ab\u00a0Merci au FC Nantes d\u2019avoir pris des nouvelles et de proposer \u00e0 Ma\u00ebl d\u2019aller d\u00e9fendre les couleurs de son club pendant 90 minutes cette fois-ci, a post\u00e9 mercredi le d\u00e9nomm\u00e9 Aymeric. Merci aux Nantais, grande classe.\u00a0\u00bb On est d\u2019accord.<\/p>\n<p><script async src=\"https:\/\/platform.twitter.com\/widgets.js\" charset=\"utf-8\"><\/script><\/p>\n","protected":false},"excerpt":{"rendered":"Mardi soir, apr\u00e8s la qualification du PSG pour les demi-finales de la Ligue des champions sur la pelouse&hellip;\n","protected":false},"author":2,"featured_media":34926,"comment_status":"","ping_status":"","sticky":false,"template":"","format":"standard","meta":{"footnotes":""},"categories":[2818],"tags":[1111,11,6255,1777,674,462,63,1011,27,66,447,766,12,2332,2636,25,517],"class_list":{"0":"post-34925","1":"post","2":"type-post","3":"status-publish","4":"format-standard","5":"has-post-thumbnail","7":"category-nantes","8":"tag-actu","9":"tag-actualites","10":"tag-aston-villa-fc","11":"tag-eu","12":"tag-europe","13":"tag-fc-nantes","14":"tag-football","15":"tag-fr","16":"tag-france","17":"tag-ligue-1","18":"tag-ligue-des-champions","19":"tag-nantes","20":"tag-news","21":"tag-paris-saint-germain-psg","22":"tag-pays-de-la-loire","23":"tag-republique-francaise","24":"tag-sport"},"share_on_mastodon":{"url":"https:\/\/pubeurope.com\/@fr\/114361038484973467","error":""},"_links":{"self":[{"href":"https:\/\/www.europesays.com\/fr\/wp-json\/wp\/v2\/posts\/34925","targetHints":{"allow":["GET"]}}],"collection":[{"href":"https:\/\/www.europesays.com\/fr\/wp-json\/wp\/v2\/posts"}],"about":[{"href":"https:\/\/www.europesays.com\/fr\/wp-json\/wp\/v2\/types\/post"}],"author":[{"embeddable":true,"href":"https:\/\/www.europesays.com\/fr\/wp-json\/wp\/v2\/users\/2"}],"replies":[{"embeddable":true,"href":"https:\/\/www.europesays.com\/fr\/wp-json\/wp\/v2\/comments?post=34925"}],"version-history":[{"count":0,"href":"https:\/\/www.europesays.com\/fr\/wp-json\/wp\/v2\/posts\/34925\/revisions"}],"wp:featuredmedia":[{"embeddable":true,"href":"https:\/\/www.europesays.com\/fr\/wp-json\/wp\/v2\/media\/34926"}],"wp:attachment":[{"href":"https:\/\/www.europesays.com\/fr\/wp-json\/wp\/v2\/media?parent=34925"}],"wp:term":[{"taxonomy":"category","embeddable":true,"href":"https:\/\/www.europesays.com\/fr\/wp-json\/wp\/v2\/categories?post=34925"},{"taxonomy":"post_tag","embeddable":true,"href":"https:\/\/www.europesays.com\/fr\/wp-json\/wp\/v2\/tags?post=34925"}],"curies":[{"name":"wp","href":"https:\/\/api.w.org\/{rel}","templated":true}]}}