{"id":349250,"date":"2025-08-28T05:11:48","date_gmt":"2025-08-28T05:11:48","guid":{"rendered":"https:\/\/www.europesays.com\/fr\/349250\/"},"modified":"2025-08-28T05:11:48","modified_gmt":"2025-08-28T05:11:48","slug":"le-programme-de-la-semaine-du-fc-lorient-avec-la-reception-de-lille-samedi-2","status":"publish","type":"post","link":"https:\/\/www.europesays.com\/fr\/349250\/","title":{"rendered":"Le programme de la semaine du FC Lorient avec la r\u00e9ception de Lille samedi"},"content":{"rendered":"<p>      Apr\u00e8s leur succ\u00e8s face au Stade Rennais, les joueurs du FC Lorient sont au repos ce lundi avant d\u2019encha\u00eener une s\u00e9ance collective par jour jusqu\u2019\u00e0 la r\u00e9ception de Lille samedi (17\u00a0h) lors de la troisi\u00e8me journ\u00e9e de L1.<\/p>\n<p>La deuxi\u00e8me journ\u00e9e de Ligue 1 a fait le bonheur du FC Lorient <a href=\"https:\/\/www.letelegramme.fr\/sports\/football\/fc-lorient\/lorient-rennes-une-victoire-presque-inesperee-dans-le-derby-pour-les-merlus-6875775.php\" target=\"_blank\" rel=\"nofollow noopener\">qui a battu 4-0 le Stade Rennais<\/a> <a href=\"https:\/\/www.letelegramme.fr\/sports\/football\/les-deux-cartons-rouges-sont-merites-au-vu-des-images-habib-beye-lentraineur-du-stade-rennais-fair-play-malgre-un-lourd-revers-a-9-contre-11-a-lorient-6875763.php\" target=\"_blank\" rel=\"nofollow noopener\">r\u00e9duit \u00e0 neuf<\/a> ce dimanche au stade du Moustoir. Apr\u00e8s un repos <a href=\"https:\/\/www.letelegramme.fr\/sports\/football\/fc-lorient\/lorient-rennes-le-fcl-fait-tomber-les-records-avec-sa-large-victoire-6875663.php\" target=\"_blank\" rel=\"nofollow noopener\">bien m\u00e9rit\u00e9<\/a> ce lundi, les hommes d\u2019Olivier Pantaloni reprennent la direction de l\u2019entra\u00eenement au centre de Kerlir \u00e0 Pl\u0153meur au rythme d\u2019une s\u00e9ance collective par jour.<\/p>\n<p>Une s\u00e9ance en moins<\/p>\n<p>Il y aura une s\u00e9ance en moins que la semaine pass\u00e9e, car la prochaine \u00e9tape du championnat est programm\u00e9e ce samedi (17 h) avec la r\u00e9ception du Lille OSC d\u2019Olivier Giroud. <a href=\"https:\/\/www.letelegramme.fr\/sports\/football\/stade-brestois\/un-bon-petit-stade-une-bonne-ambiance-olivier-giroud-fete-son-retour-en-ligue-1-par-un-but-contre-brest-6872665.php\" target=\"_blank\" rel=\"nofollow noopener\">D\u00e9j\u00e0 buteur \u00e0 Brest<\/a>, l\u2019international tricolore a encore marqu\u00e9 ce dimanche face \u00e0 l\u2019AS Monaco (1-0).<\/p>\n<p>Dans la derni\u00e8re ligne droite d\u2019un <a href=\"https:\/\/www.letelegramme.fr\/sports\/football\/fc-lorient\/le-club-a-besoin-de-vendre-on-sadapte-comment-le-fc-lorient-compose-avec-le-depart-de-gedeon-kalulu-6872192.php\" target=\"_blank\" rel=\"nofollow noopener\">march\u00e9 des transferts<\/a> jusqu\u2019au lundi 1er septembre (20 h), le staff lorientais reste dans l\u2019attente d\u2019arriv\u00e9es. Ceci concerne en premier lieu poste de gardien num\u00e9ro 1. Pour l\u2019heure, Bingourou Kamara assure dans les buts lorientais.<\/p>\n<p>Le programme de la semaine<\/p>\n<p><strong>Mardi <\/strong>: entra\u00eenement \u00e0 16 h<\/p>\n<p><strong>Mercredi <\/strong>: entra\u00eenement \u00e0 10 h 30<\/p>\n<p><strong>Jeudi <\/strong>: entra\u00eenement \u00e0 10 h 30<\/p>\n<p><strong>Vendredi <\/strong>: entra\u00eenement \u00e0 16 h<\/p>\n<p><strong>Samedi <\/strong>: FC Lorient &#8211; Lille OSC, match de la 3e journ\u00e9e de Ligue 1 \u00e0 17 h<\/p>\n<p>Cr\u00e9dit photo : Photo Vincent Le Guern<\/p>\n","protected":false},"excerpt":{"rendered":"Apr\u00e8s leur succ\u00e8s face au Stade Rennais, les joueurs du FC Lorient sont au repos ce lundi avant&hellip;\n","protected":false},"author":2,"featured_media":349251,"comment_status":"","ping_status":"","sticky":false,"template":"","format":"standard","meta":{"footnotes":""},"categories":[2815],"tags":[1111,11,1777,674,3317,63,1011,27,811,1307,12,25,60],"class_list":{"0":"post-349250","1":"post","2":"type-post","3":"status-publish","4":"format-standard","5":"has-post-thumbnail","7":"category-lille","8":"tag-actu","9":"tag-actualites","10":"tag-eu","11":"tag-europe","12":"tag-fc-lorient","13":"tag-football","14":"tag-fr","15":"tag-france","16":"tag-hauts-de-france","17":"tag-lille","18":"tag-news","19":"tag-republique-francaise","20":"tag-sports"},"share_on_mastodon":{"url":"https:\/\/pubeurope.com\/@fr\/115104680741746695","error":""},"_links":{"self":[{"href":"https:\/\/www.europesays.com\/fr\/wp-json\/wp\/v2\/posts\/349250","targetHints":{"allow":["GET"]}}],"collection":[{"href":"https:\/\/www.europesays.com\/fr\/wp-json\/wp\/v2\/posts"}],"about":[{"href":"https:\/\/www.europesays.com\/fr\/wp-json\/wp\/v2\/types\/post"}],"author":[{"embeddable":true,"href":"https:\/\/www.europesays.com\/fr\/wp-json\/wp\/v2\/users\/2"}],"replies":[{"embeddable":true,"href":"https:\/\/www.europesays.com\/fr\/wp-json\/wp\/v2\/comments?post=349250"}],"version-history":[{"count":0,"href":"https:\/\/www.europesays.com\/fr\/wp-json\/wp\/v2\/posts\/349250\/revisions"}],"wp:featuredmedia":[{"embeddable":true,"href":"https:\/\/www.europesays.com\/fr\/wp-json\/wp\/v2\/media\/349251"}],"wp:attachment":[{"href":"https:\/\/www.europesays.com\/fr\/wp-json\/wp\/v2\/media?parent=349250"}],"wp:term":[{"taxonomy":"category","embeddable":true,"href":"https:\/\/www.europesays.com\/fr\/wp-json\/wp\/v2\/categories?post=349250"},{"taxonomy":"post_tag","embeddable":true,"href":"https:\/\/www.europesays.com\/fr\/wp-json\/wp\/v2\/tags?post=349250"}],"curies":[{"name":"wp","href":"https:\/\/api.w.org\/{rel}","templated":true}]}}