{"id":349255,"date":"2025-08-28T05:14:13","date_gmt":"2025-08-28T05:14:13","guid":{"rendered":"https:\/\/www.europesays.com\/fr\/349255\/"},"modified":"2025-08-28T05:14:13","modified_gmt":"2025-08-28T05:14:13","slug":"un-temps-instable-et-pluvieux-ce-jeudi-a-lyon-seulement-22-degres-attendus","status":"publish","type":"post","link":"https:\/\/www.europesays.com\/fr\/349255\/","title":{"rendered":"Un temps instable et pluvieux ce jeudi \u00e0 Lyon, seulement 22 degr\u00e9s attendus"},"content":{"rendered":"<p>                            <img loading=\"lazy\" width=\"1080\" height=\"675\" class=\"attachment-article size-article wp-post-image lazyload\" alt=\"Temps Pluvieux @Hugo LAUBEPIN\" decoding=\"async\" src=\"https:\/\/www.europesays.com\/fr\/wp-content\/uploads\/2025\/04\/PLUIE-e1686641694186.jpg\" data-eio-rwidth=\"1080\" data-eio-rheight=\"675\"\/><\/p>\n<p>Temps Pluvieux<br \/>\n@Hugo LAUBEPIN<\/p>\n<p class=\"content\" style=\"font-size:1.2em;font-weight:700\">C&rsquo;est un temps instable et pluvieux qui attend toute l&rsquo;agglom\u00e9ration lyonnaise ce jeudi 28 ao\u00fbt avec des averses qui pourraient parfois \u00eatre forte jusqu&rsquo;en apr\u00e8s-midi.<\/p>\n<p>Au lendemain d&rsquo;une journ\u00e9e grise et humide, le temps instable va se poursuivre \u00e0 Lyon et dans toute l&rsquo;agglom\u00e9ration lyonnaise. Un temps pluvieux qui sera accompagn\u00e9 d&rsquo;averses parfois fortes et orageuses jusqu&rsquo;en apr\u00e8s-midi, avant un retour au calme dans la nuit.<\/p>\n<p>C\u00f4t\u00e9 temp\u00e9ratures, elles seront en nette baisse ce jeudi, avec un thermom\u00e8tre qui ne devrait pas d\u00e9passer les 22 degr\u00e9s au meilleur de la journ\u00e9e, contre 31 pour la veille. Ce jeudi matin, le mercure affiche 18 degr\u00e9s. Des valeurs l\u00e9g\u00e8rement en dessous des normales de saison.<\/p>\n","protected":false},"excerpt":{"rendered":"Temps Pluvieux @Hugo LAUBEPIN C&rsquo;est un temps instable et pluvieux qui attend toute l&rsquo;agglom\u00e9ration lyonnaise ce jeudi 28&hellip;\n","protected":false},"author":2,"featured_media":32251,"comment_status":"","ping_status":"","sticky":false,"template":"","format":"standard","meta":{"footnotes":""},"categories":[1889],"tags":[1111,11,2430,1777,674,1011,27,2428,12,25],"class_list":{"0":"post-349255","1":"post","2":"type-post","3":"status-publish","4":"format-standard","5":"has-post-thumbnail","7":"category-lyon","8":"tag-actu","9":"tag-actualites","10":"tag-auvergne-rhone-alpes","11":"tag-eu","12":"tag-europe","13":"tag-fr","14":"tag-france","15":"tag-lyon","16":"tag-news","17":"tag-republique-francaise"},"share_on_mastodon":{"url":"https:\/\/pubeurope.com\/@fr\/115104688608692247","error":""},"_links":{"self":[{"href":"https:\/\/www.europesays.com\/fr\/wp-json\/wp\/v2\/posts\/349255","targetHints":{"allow":["GET"]}}],"collection":[{"href":"https:\/\/www.europesays.com\/fr\/wp-json\/wp\/v2\/posts"}],"about":[{"href":"https:\/\/www.europesays.com\/fr\/wp-json\/wp\/v2\/types\/post"}],"author":[{"embeddable":true,"href":"https:\/\/www.europesays.com\/fr\/wp-json\/wp\/v2\/users\/2"}],"replies":[{"embeddable":true,"href":"https:\/\/www.europesays.com\/fr\/wp-json\/wp\/v2\/comments?post=349255"}],"version-history":[{"count":0,"href":"https:\/\/www.europesays.com\/fr\/wp-json\/wp\/v2\/posts\/349255\/revisions"}],"wp:featuredmedia":[{"embeddable":true,"href":"https:\/\/www.europesays.com\/fr\/wp-json\/wp\/v2\/media\/32251"}],"wp:attachment":[{"href":"https:\/\/www.europesays.com\/fr\/wp-json\/wp\/v2\/media?parent=349255"}],"wp:term":[{"taxonomy":"category","embeddable":true,"href":"https:\/\/www.europesays.com\/fr\/wp-json\/wp\/v2\/categories?post=349255"},{"taxonomy":"post_tag","embeddable":true,"href":"https:\/\/www.europesays.com\/fr\/wp-json\/wp\/v2\/tags?post=349255"}],"curies":[{"name":"wp","href":"https:\/\/api.w.org\/{rel}","templated":true}]}}