{"id":349256,"date":"2025-08-28T05:15:12","date_gmt":"2025-08-28T05:15:12","guid":{"rendered":"https:\/\/www.europesays.com\/fr\/349256\/"},"modified":"2025-08-28T05:15:12","modified_gmt":"2025-08-28T05:15:12","slug":"top-14-saga-lyon-karin-ghezal-lattitude-des-joueurs-sera-au-coeur-du-projet","status":"publish","type":"post","link":"https:\/\/www.europesays.com\/fr\/349256\/","title":{"rendered":"Top 14 \u2013 Saga Lyon. Karin Ghezal\u00a0: \u00ab\u00a0L\u2019attitude des joueurs sera au c\u0153ur du projet\u00a0\u00bb"},"content":{"rendered":"<p>\n                Au-del\u00e0 d\u2019avoir fix\u00e9 les th\u00e8mes d\u2019\u00e9volution et de consolidation comme le cap majeur de l\u2019intersaison, il explique en quoi la recherche de r\u00e9gularit\u00e9 pour son \u00e9quipe passera par une exigence au quotidien.\n            <\/p>\n<p><strong>Apr\u00e8s six mois de mission commando, vous allez attaquer votre premi\u00e8re \u00ab\u00a0vraie\u00a0\u00bb saison \u00e0 la t\u00eate du Lou. Quelle sera votre ligne directrice\u00a0?<\/strong><\/p>\n<p>On va b\u00e2tir sur deux th\u00e8mes\u00a0: \u00e9volution et consolidation. Comme le r\u00e9p\u00e8te souvent Marc-Antoine Ginon, le Lou est un club qui est toujours en mouvement, en perp\u00e9tuelle \u00e9volution. Il a \u00e9t\u00e9 fond\u00e9 en 1896 et surtout, cette saison, nous allons f\u00eater les 100 ans de Gerland. \u00c7a n\u2019est \u00e9videmment pas neutre. Par rapport au groupe (GL Events) qui porte le club, on est aussi en pleine phase d\u2019\u00e9volution et de la consolidation, ainsi qu\u2019au niveau du staff avec lequel nous avons repris d\u00e8s le 14\u00a0juillet. L\u00e0 encore on peut parler de consolidation puisqu\u2019on va porter une grosse attention sur l\u2019unit\u00e9 du staff, qui a aussi \u00e9volu\u00e9 durant cette intersaison.<\/p>\n<p><strong>Justement\u00a0: pourquoi avoir fait \u00e9voluer ce staff en \u00e9cartant Arnaud H\u00e9guy, alors que cela n\u2019\u00e9tait \u00e0 l\u2019origine pas pr\u00e9vu\u00a0?<\/strong><\/p>\n<p>Parce qu\u2019on fait un bilan de la saison, de la performance, parce qu\u2019une fois qu\u2019on a eu l\u2019ambition, il faut la performance. J\u2019ai fait \u00e9voluer le staff, j\u2019en assume la responsabilit\u00e9 puisque sur les prochaines ann\u00e9es, \u00e7a sera la mienne. L\u2019\u00e9volution, au niveau du staff, c\u2019est qu\u2019on va rechercher de la transversalit\u00e9, avec des entra\u00eeneurs qui vont intervenir dans plusieurs cat\u00e9gories.<\/p>\n<p><strong>Comment va fonctionner votre staff\u00a0?<\/strong><\/p>\n<p>En ce qui me concerne, je serai le manager mais aussi entra\u00eeneur puisque je vais reprendre le secteur de la touche, qui reste mon domaine de pr\u00e9dilection, tout en ayant mon mot \u00e0 dire en tant qu\u2019entra\u00eeneur principal sur l\u2019attaque et la d\u00e9fense. Sur l\u2019attaque, AB Zondagh restera le responsable. Il vient de valider son DES, ce qui est important dans son d\u00e9veloppement personnel, et on risque de le prolonger tr\u00e8s vite.<\/p>\n<p><strong>Quid de l\u2019arriv\u00e9e de George Smith\u00a0?<\/strong><\/p>\n<p>Quand je parle d\u2019\u00e9volution dans la stabilit\u00e9, on est en plein dedans, car George \u00e9tait ici avec moi quand j\u2019\u00e9tais joueur en 2014-2015. C\u2019\u00e9tait d\u00e9j\u00e0 quelqu\u2019un qui entra\u00eenait les jeunes apr\u00e8s chaque entra\u00eenement sur les collisions. Il sera \u00e0 plein temps sur les pros et a sign\u00e9 jusqu\u2019en 2027. J\u2019ajoute qu\u2019en termes de cr\u00e9dibilit\u00e9 sur le march\u00e9 international des transferts, sa pr\u00e9sence est tr\u00e8s rassurante.<\/p>\n<p><strong>Vous parliez de transversalit\u00e9\u2026 En quoi cela consistera-t-il\u00a0?<\/strong><\/p>\n<p>Nos autres profils au sein du staff auront ce c\u00f4t\u00e9 transversal. Parmi les \u00e9volutions de la saison prochaine, le mardi sera jour d\u2019entra\u00eenement o\u00f9 nous m\u00e9langerons les espoirs et les pros. J\u2019ai voulu faire \u00e9voluer la mission de Julien Puricelli. Il passera cette ann\u00e9e un dipl\u00f4me de pr\u00e9parateur mental et m\u2019aidera sur tout ce qui est accompagnement des capitaines, avec une volont\u00e9 d\u2019avoir des capitaines form\u00e9s au club. Il va aussi travailler techniquement la touche avec notre centre de formation pour que les joueurs, quand ils arrivent avec les pros, soient d\u00e9j\u00e0 format\u00e9s. Dernier point, il suivra nos joueurs pr\u00eat\u00e9s, afin de conserver une vraie relation avec eux. Lui aussi a prolong\u00e9 jusqu\u2019en 2027. Au sujet du jeu au pied, Lionel Beauxis apportait d\u00e9j\u00e0 ses comp\u00e9tences avec les espoirs et remplacera Yannick Osmond, tout en passant son DES. Et enfin, il y a Emmanuel Maignien qui nous rejoint pour entra\u00eener la m\u00eal\u00e9e, qui interviendra sur les pros et les jeunes du lundi au mercredi. Notre volont\u00e9, c\u2019\u00e9tait de r\u00e9duire aussi le nombre de coachs d\u00e9di\u00e9s aux pros. Pour apporter un peu de vari\u00e9t\u00e9, on pr\u00e9f\u00e9rera faire venir des intervenants ext\u00e9rieurs.<\/p>\n<p><strong>Votre effectif a peu \u00e9volu\u00e9 cet \u00e9t\u00e9. Vous pensez-vous suffisamment arm\u00e9 pour atteindre votre objectif du top 6\u00a0?<\/strong><\/p>\n<p>L\u2019effectif qu\u2019on a est de qualit\u00e9. On a \u00e9t\u00e9 en capacit\u00e9 la saison derni\u00e8re de remonter de la 13e \u00e0 la 5e place, \u00e7a veut dire qu\u2019on a les moyens de batailler. Mais le plus important, au-del\u00e0 des moyens, \u00e7a sera notre r\u00e9gularit\u00e9, qui est li\u00e9e \u00e0 la profondeur d\u2019effectif. C\u2019est aussi le constat qu\u2019on a fait cette saison. On n\u2019a peut-\u00eatre pas les \u00e9quipes pour jouer toutes les comp\u00e9titions \u00e0 100\u00a0%. En revanche, on a l\u2019effectif pour d\u00e9velopper nos jeunes et nos joueurs pour jouer le Top 14, avec l\u2019obsession d\u2019aller chercher quelque chose cette saison, tout en respectant \u00e9videmment le Challenge europ\u00e9en.<\/p>\n<p><strong>Restez-vous \u00e0 l\u2019aff\u00fbt d\u2019opportunit\u00e9s\u00a0?<\/strong><\/p>\n<p>Tous les staffs sont en permanence \u00e0 l\u2019aff\u00fbt d\u2019opportunit\u00e9s. On peut toujours faire \u00e9voluer si on respecte les moyens financiers. On regarde tout le temps, on en anticipe tout le temps. Pour pouvoir \u00e9voluer, il faut toujours avoir la capacit\u00e9 d\u2019anticiper, de pr\u00e9parer l\u2019avenir.<\/p>\n<p><strong>Vous parliez de r\u00e9gularit\u00e9. Mais comment cela se travaille-t-il au quotidien\u00a0?<\/strong><\/p>\n<p>On a commenc\u00e9 \u00e0 faire un panorama des principes de vie qui vont nous accompagner sur toute la saison. La r\u00e9gularit\u00e9, c\u2019est un tout\u00a0: sur nos moments conviviaux, nos moments de vie, notre rugby\u2026 Avoir une conqu\u00eate constante, une d\u00e9fense beaucoup plus herm\u00e9tique, ne plus avoir de match o\u00f9 on est capable de mettre vingt points en premi\u00e8re mi-temps et aucun en seconde\u2026 Ne pas s\u2019endormir, \u00eatre toujours dans l\u2019action d\u2019apr\u00e8s, \u00e7a ne demande pas de talent. Entrer et sortir du terrain en courant, avoir la fiert\u00e9 de repr\u00e9senter sa famille, ses supporters, ses dirigeants, \u00e7a ne demande pas de talent. Et cette attitude qu\u2019on va demander aux joueurs sera au c\u0153ur de notre projet.<\/p>\n","protected":false},"excerpt":{"rendered":"Au-del\u00e0 d\u2019avoir fix\u00e9 les th\u00e8mes d\u2019\u00e9volution et de consolidation comme le cap majeur de l\u2019intersaison, il explique en&hellip;\n","protected":false},"author":2,"featured_media":349257,"comment_status":"","ping_status":"","sticky":false,"template":"","format":"standard","meta":{"footnotes":""},"categories":[1889],"tags":[1111,11,2430,1777,674,1011,27,2428,12,25],"class_list":{"0":"post-349256","1":"post","2":"type-post","3":"status-publish","4":"format-standard","5":"has-post-thumbnail","7":"category-lyon","8":"tag-actu","9":"tag-actualites","10":"tag-auvergne-rhone-alpes","11":"tag-eu","12":"tag-europe","13":"tag-fr","14":"tag-france","15":"tag-lyon","16":"tag-news","17":"tag-republique-francaise"},"share_on_mastodon":{"url":"https:\/\/pubeurope.com\/@fr\/115104692507006462","error":""},"_links":{"self":[{"href":"https:\/\/www.europesays.com\/fr\/wp-json\/wp\/v2\/posts\/349256","targetHints":{"allow":["GET"]}}],"collection":[{"href":"https:\/\/www.europesays.com\/fr\/wp-json\/wp\/v2\/posts"}],"about":[{"href":"https:\/\/www.europesays.com\/fr\/wp-json\/wp\/v2\/types\/post"}],"author":[{"embeddable":true,"href":"https:\/\/www.europesays.com\/fr\/wp-json\/wp\/v2\/users\/2"}],"replies":[{"embeddable":true,"href":"https:\/\/www.europesays.com\/fr\/wp-json\/wp\/v2\/comments?post=349256"}],"version-history":[{"count":0,"href":"https:\/\/www.europesays.com\/fr\/wp-json\/wp\/v2\/posts\/349256\/revisions"}],"wp:featuredmedia":[{"embeddable":true,"href":"https:\/\/www.europesays.com\/fr\/wp-json\/wp\/v2\/media\/349257"}],"wp:attachment":[{"href":"https:\/\/www.europesays.com\/fr\/wp-json\/wp\/v2\/media?parent=349256"}],"wp:term":[{"taxonomy":"category","embeddable":true,"href":"https:\/\/www.europesays.com\/fr\/wp-json\/wp\/v2\/categories?post=349256"},{"taxonomy":"post_tag","embeddable":true,"href":"https:\/\/www.europesays.com\/fr\/wp-json\/wp\/v2\/tags?post=349256"}],"curies":[{"name":"wp","href":"https:\/\/api.w.org\/{rel}","templated":true}]}}