{"id":349258,"date":"2025-08-28T05:17:13","date_gmt":"2025-08-28T05:17:13","guid":{"rendered":"https:\/\/www.europesays.com\/fr\/349258\/"},"modified":"2025-08-28T05:17:13","modified_gmt":"2025-08-28T05:17:13","slug":"siemens-mobility-decroche-le-contrat-dautomatisation-de-la-ligne-13","status":"publish","type":"post","link":"https:\/\/www.europesays.com\/fr\/349258\/","title":{"rendered":"Siemens Mobility d\u00e9croche le contrat d\u2019automatisation de la ligne 13"},"content":{"rendered":"<p><img loading=\"lazy\" decoding=\"async\" alt=\"\u00a9 Shutterstock - La RATP a confi\u00e9 \u00e0 Siemens Mobility la transformation de la ligne 13 en ligne automatique d\u2019ici 2032, un chantier majeur pour l\u2019un des axes les plus satur\u00e9s du r\u00e9seau.\" data-zoom-src=\"https:\/\/www.europesays.com\/fr\/wp-content\/uploads\/2025\/08\/initial-ligne-13-metro-paris.jpg\" data-zoomable=\"\" height=\"702\" src=\"https:\/\/www.europesays.com\/fr\/wp-content\/uploads\/2025\/08\/initial-ligne-13-metro-paris.jpg\" width=\"1248\"\/>  <\/p>\n<p class=\"article-desc\">\u00a9 Shutterstock &#8211; La RATP a confi\u00e9 \u00e0 Siemens Mobility la transformation de la ligne 13 en ligne automatique d\u2019ici 2032, un chantier majeur pour l\u2019un des axes les plus satur\u00e9s du r\u00e9seau. <\/p>\n<p>Avec plus de <strong>550 000 voyageurs transport\u00e9s chaque jour<\/strong>, la<a href=\"https:\/\/mesinfos.fr\/ile-de-france\/ces-lignes-de-metro-parisien-vont-voir-leur-nombre-de-rames-augmenter-221543.html\" rel=\"noopener\" target=\"_blank\"> ligne 13<\/a> est l\u2019<strong>une des plus fr\u00e9quent\u00e9es et des plus satur\u00e9es du m\u00e9tro parisien<\/strong>. Longue de 24 kilom\u00e8tres et desservant notamment Saint-Denis et les communes du nord de Paris, elle souffre depuis longtemps d\u2019une r\u00e9putation de <strong>ligne difficile<\/strong>, marqu\u00e9e par des <strong>retards<\/strong>, une <strong>densit\u00e9 de passagers extr\u00eame<\/strong> et des <strong>incidents r\u00e9currents<\/strong>. Pour am\u00e9liorer sa fiabilit\u00e9 et <a href=\"https:\/\/mesinfos.fr\/ile-de-france\/ces-trois-lignes-de-metro-vont-voir-leur-offre-augmenter-le-week-end-218034.html\" rel=\"noopener\" target=\"_blank\">fluidifier son trafic<\/a>, la RATP a lanc\u00e9 fin 2023 un appel d\u2019offres afin d\u2019automatiser enti\u00e8rement son exploitation, \u00e0 l\u2019image de ce qui a d\u00e9j\u00e0 \u00e9t\u00e9 r\u00e9alis\u00e9 sur les lignes 1, 4 et 14. <\/p>\n<p>Le choix de Siemens Mobility <\/p>\n<p>L\u2019entreprise <strong>Siemens Mobility<\/strong> a annonc\u00e9 mardi avoir remport\u00e9 ce march\u00e9 strat\u00e9gique. Le contrat pr\u00e9voit l\u2019\u00e9quipement des futures rames, le renouvellement complet du poste de commande centralis\u00e9, ainsi que la formation des agents qui continueront \u00e0 superviser la ligne. Si le montant du contrat n\u2019a pas \u00e9t\u00e9 rendu public, il inclut une <strong>option de maintenance pouvant aller jusqu\u2019\u00e0 30 ans<\/strong>, garantissant la <strong>durabilit\u00e9 du syst\u00e8me<\/strong>. \u201cLe projet sera men\u00e9 depuis notre centre de comp\u00e9tences mondial pour les automatismes ferroviaires et la <strong>cybers\u00e9curit\u00e9<\/strong> situ\u00e9 \u00e0 Ch\u00e2tillon\u201d, a indiqu\u00e9 Alexandre Qu\u00e9m\u00e9neur, pr\u00e9sident de Siemens Mobility France.<\/p>\n<p>  Des navettes sans conducteur d\u00e8s 2032 <\/p>\n<p>Le calendrier pr\u00e9voit une premi\u00e8re mise en circulation de <strong>trains enti\u00e8rement automatiques \u00e0 partir de 2032<\/strong>. La ligne 13 est d\u00e9j\u00e0 dot\u00e9e d\u2019un syst\u00e8me GoA2, \u00e9galement fourni par Siemens, qui automatise certaines fonctions comme l\u2019acc\u00e9l\u00e9ration et le freinage, mais laisse au conducteur la responsabilit\u00e9 des portes et de la s\u00e9curit\u00e9. La future automatisation int\u00e9grale (GoA4) permettra, gr\u00e2ce \u00e0 des capteurs install\u00e9s sur les rails et les rames, de supprimer le poste de conduite et de <strong>renforcer la fr\u00e9quence des trains<\/strong>. <\/p>\n<p>Des b\u00e9n\u00e9fices attendus, mais des travaux lourds <\/p>\n<p>Pour la <a href=\"https:\/\/mesinfos.fr\/75000-paris\/journees-europeennes-du-patrimoine-la-ratp-fete-les-125-ans-du-metro-parisien-227622.html\" rel=\"noopener\" target=\"_blank\">RATP<\/a> et Siemens Mobility, ce projet vise \u00e0 am\u00e9liorer la r\u00e9gularit\u00e9,<strong> r\u00e9duire la consommation \u00e9nerg\u00e9tique<\/strong> et <strong>renforcer la s\u00e9curit\u00e9 des passagers<\/strong>. Toutefois, l\u2019ampleur des travaux soul\u00e8ve aussi des inqui\u00e9tudes. D\u00e8s l\u2019annonce de l\u2019appel d\u2019offres, la F\u00e9d\u00e9ration Nationale des Associations d\u2019Usagers des Transports (Fnaut) avait exprim\u00e9 ses craintes quant \u00e0 \u201cde lourds impacts travaux\u201d pour les voyageurs. \u00c0 terme, la promesse est de transformer une ligne souvent critiqu\u00e9e en un axe plus fiable et plus confortable.<\/p>\n","protected":false},"excerpt":{"rendered":"\u00a9 Shutterstock &#8211; La RATP a confi\u00e9 \u00e0 Siemens Mobility la transformation de la ligne 13 en ligne&hellip;\n","protected":false},"author":2,"featured_media":349259,"comment_status":"","ping_status":"","sticky":false,"template":"","format":"standard","meta":{"footnotes":""},"categories":[1592],"tags":[1111,11,1777,674,1011,27,662,12,626,625,25,2216],"class_list":{"0":"post-349258","1":"post","2":"type-post","3":"status-publish","4":"format-standard","5":"has-post-thumbnail","7":"category-ile-de-france","8":"tag-actu","9":"tag-actualites","10":"tag-eu","11":"tag-europe","12":"tag-fr","13":"tag-france","14":"tag-ile-de-france","15":"tag-news","16":"tag-paris","17":"tag-ratp","18":"tag-republique-francaise","19":"tag-transports-en-commun"},"share_on_mastodon":{"url":"https:\/\/pubeurope.com\/@fr\/115104700714165471","error":""},"_links":{"self":[{"href":"https:\/\/www.europesays.com\/fr\/wp-json\/wp\/v2\/posts\/349258","targetHints":{"allow":["GET"]}}],"collection":[{"href":"https:\/\/www.europesays.com\/fr\/wp-json\/wp\/v2\/posts"}],"about":[{"href":"https:\/\/www.europesays.com\/fr\/wp-json\/wp\/v2\/types\/post"}],"author":[{"embeddable":true,"href":"https:\/\/www.europesays.com\/fr\/wp-json\/wp\/v2\/users\/2"}],"replies":[{"embeddable":true,"href":"https:\/\/www.europesays.com\/fr\/wp-json\/wp\/v2\/comments?post=349258"}],"version-history":[{"count":0,"href":"https:\/\/www.europesays.com\/fr\/wp-json\/wp\/v2\/posts\/349258\/revisions"}],"wp:featuredmedia":[{"embeddable":true,"href":"https:\/\/www.europesays.com\/fr\/wp-json\/wp\/v2\/media\/349259"}],"wp:attachment":[{"href":"https:\/\/www.europesays.com\/fr\/wp-json\/wp\/v2\/media?parent=349258"}],"wp:term":[{"taxonomy":"category","embeddable":true,"href":"https:\/\/www.europesays.com\/fr\/wp-json\/wp\/v2\/categories?post=349258"},{"taxonomy":"post_tag","embeddable":true,"href":"https:\/\/www.europesays.com\/fr\/wp-json\/wp\/v2\/tags?post=349258"}],"curies":[{"name":"wp","href":"https:\/\/api.w.org\/{rel}","templated":true}]}}