{"id":349266,"date":"2025-08-28T05:21:15","date_gmt":"2025-08-28T05:21:15","guid":{"rendered":"https:\/\/www.europesays.com\/fr\/349266\/"},"modified":"2025-08-28T05:21:15","modified_gmt":"2025-08-28T05:21:15","slug":"municipales-a-paris-un-an-apres-la-gauche-veut-poursuivre-lheritage-des-jeux-paralympiques","status":"publish","type":"post","link":"https:\/\/www.europesays.com\/fr\/349266\/","title":{"rendered":"Municipales \u00e0 Paris\u00a0: un an apr\u00e8s, la gauche veut \u00ab\u00a0poursuivre l\u2019h\u00e9ritage\u00a0\u00bb des Jeux paralympiques"},"content":{"rendered":"<p class=\"paragraph text_align_left lp-f-body-02\">Du 28 ao\u00fbt au 8 septembre 2024, Paris accueillait pour la premi\u00e8re fois <a href=\"https:\/\/www.leparisien.fr\/jo-paralympiques-paris-2024\/\" target=\"_blank\" rel=\"noreferrer nofollow noopener\">les Jeux paralympiques<\/a> et ses 4 400 athl\u00e8tes. Un an plus tard, c\u2019est \u00e0 une tout autre comp\u00e9tition que le Parti socialiste (PS) parisien s\u2019appr\u00eate \u00e0 se livrer.<\/p>\n<p class=\"paragraph text_align_left lp-f-body-02\">Et \u00e0 l\u2019heure o\u00f9 la majorit\u00e9 sortante commence <a href=\"https:\/\/www.leparisien.fr\/elections\/municipales\/municipales-a-paris-avant-de-se-choisir-un-candidat-les-socialistes-jouent-la-carte-de-la-reconciliation-25-06-2025-A7FGOFGRQBD23NVI7WNV6HEBTA.php\" target=\"_blank\" rel=\"noreferrer nofollow noopener\">\u00e0 se rassembler<\/a> derri\u00e8re Emmanuel Gr\u00e9goire, son candidat d\u00e9sign\u00e9 pour les<a href=\"https:\/\/www.leparisien.fr\/elections\/municipales\/municipales-paris\/\" target=\"_blank\" rel=\"noreferrer nofollow noopener\"> \u00e9lections municipales<\/a>, convoquer l\u2019h\u00e9ritage des Jeux paralympiques tombe \u00e0 point nomm\u00e9.<\/p>\n<p class=\"paragraph text_align_left lp-f-body-02\">Dans une tribune publi\u00e9e ce mercredi soir <a href=\"https:\/\/www.nouvelobs.com\/societe\/20250827.OBS107099\/un-an-apres-reussir-l-heritage-des-jeux-paralympiques.html\" target=\"_blank\" rel=\"noreferrer nofollow noopener\">sur le site de l\u2019Obs<\/a>, la t\u00eate de liste <a href=\"https:\/\/www.leparisien.fr\/paris-75\/municipales-a-paris-pas-en-froid-avec-anne-hidalgo-emmanuel-gregoire-compte-sur-le-soutien-de-la-maire-07-07-2025-AMAVTARCENDMNDRJFY7VB757YE.php\" target=\"_blank\" rel=\"noreferrer nofollow noopener\">Emmanuel Gr\u00e9goire<\/a> appelle ainsi, aux c\u00f4t\u00e9s de la patronne locale des socialistes <a href=\"https:\/\/www.leparisien.fr\/paris-75\/municipales-2026-on-ne-doit-pas-perdre-cette-bataille-previent-la-patronne-socialiste-de-paris-lamia-el-aaraje-20-06-2025-2WQ6TVY37ZFDHJFDEJDSFTYPBU.php\" target=\"_blank\" rel=\"noreferrer nofollow noopener\">Lamia El Aaraje<\/a> (par ailleurs adjointe en charge de l\u2019accessibilit\u00e9 universelle et des personnes en situation de handicap \u00e0 la Ville de Paris) et l\u2019adjoint aux Sports <a href=\"https:\/\/www.leparisien.fr\/jo-paris-2024\/jai-encore-plein-didees-pour-paris-apres-un-ete-en-forme-olympique-quel-avenir-pour-pierre-rabadan-09-09-2024-GUCYCNLDUJAUDMWIRDGAE5T7MA.php\" target=\"_blank\" rel=\"noreferrer nofollow noopener\">Pierre Rabadan<\/a> \u00e0 \u00ab <a href=\"https:\/\/www.leparisien.fr\/info-paris-ile-de-france-oise\/transports\/accessibilite-des-transports-lheritage-des-jo-est-assez-decevant-a-paris-encore-du-chemin-a-faire-30-07-2025-3G7XFNUXHBAJXFEERNCPYVGXJI.php\" target=\"_blank\" rel=\"noreferrer nofollow noopener\">r\u00e9ussir l\u2019h\u00e9ritage des Jeux paralympiques <\/a>\u00bb.<\/p>\n<p>\u00ab Rendre la capitale plus accessible \u00bb<\/p>\n<p class=\"paragraph text_align_left lp-f-body-02\">\u00ab En cette rentr\u00e9e politique marqu\u00e9e par l\u2019\u00e9ch\u00e9ance municipale de mars 2026, la gauche devra mettre l\u2019accessibilit\u00e9 au c\u0153ur de son projet, plaident les deux socialistes. La s\u00e9quence qui s\u2019ouvre est majeure pour ne pas perdre ce que nous avons mis tant d\u2019\u00e9nergie \u00e0 construire. \u00bb<\/p>\n<p class=\"paragraph text_align_left lp-f-body-02\">\u00ab La d\u00e9marche est sinc\u00e8re entre une \u00e9lue engag\u00e9e et le candidat de la gauche, d\u00e9fend-on en interne. Ce serait dur de le r\u00e9duire \u00e0 une mise en sc\u00e8ne du rassemblement des socialistes. \u00bb<\/p>\n<p class=\"paragraph text_align_left lp-f-body-02\">Soucieux de ne pas froisser les susceptibilit\u00e9s, le texte n\u2019oublie pas cependant de citer la maire (PS) de Paris, <a href=\"https:\/\/www.leparisien.fr\/paris-75\/municipales-a-paris-petit-fils-de-communistes-proche-de-delanoe-en-rupture-avec-hidalgo-qui-est-emmanuel-gregoire-vainqueur-de-la-primaire-socialiste-01-07-2025-7VBED2RCWJBTFGM6YO2RO276YQ.php\" target=\"_blank\" rel=\"noreferrer nofollow noopener\">toujours brouill\u00e9e<\/a> avec son ancien premier adjoint. \u00ab Nous faisons le choix \u00e0 Paris, avec Anne Hidalgo et notre majorit\u00e9 de gauche de poursuivre l\u2019h\u00e9ritage des Jeux \u00bb, \u00e9crivent ainsi Emmanuel Gr\u00e9goire, Pierre Rabadan et Lamia El Aaraje.<\/p>\n<p class=\"paragraph text_align_left lp-f-body-02\">Et les trois \u00e9lus de rappeler comment les Jeux paralympiques \u00ab ont \u00e9t\u00e9 un acc\u00e9l\u00e9rateur pour <a href=\"https:\/\/www.leparisien.fr\/jo-paralympiques-paris-2024\/accessibilite-paris-a-profite-de-lopportunite-des-jeux-pour-transformer-la-ville-defend-lamia-el-aaraje-28-08-2024-TSB3KKCCTJGWPFDNQ7453CWFHY.php\" target=\"_blank\" rel=\"noreferrer nofollow noopener\">rendre la capitale plus accessible<\/a> \u00bb : \u00ab 100 % des lignes de bus qui peuvent accueillir tous les publics \u00bb ; \u00ab 17 quartiers d\u2019accessibilit\u00e9 augment\u00e9e \u00bb ; \u00ab 96 % des \u00e9quipements municipaux accessibles d\u2019ici 2026, y compris nos \u00e9coles \u00bb.<\/p>\n<p class=\"paragraph text_align_left lp-f-body-02\">Les cosignataires citent aussi la mise en \u0153uvre des vacances adapt\u00e9es pour les enfants en situation de handicap, la cr\u00e9ation de \u00ab 33 unit\u00e9s d\u2019enseignement sp\u00e9cialis\u00e9es pour permettre une scolarisation adapt\u00e9e aux besoins de tous les enfants \u00bb ou encore le d\u00e9veloppement du parasport.<\/p>\n<p>\u00ab Nous savons qu\u2019il reste \u00e0 faire \u00bb<\/p>\n<p class=\"paragraph text_align_left lp-f-body-02\">Un an apr\u00e8s les Jeux et \u00e0 huit mois de l\u2019\u00e9ch\u00e9ance municipale, les socialistes parisiens promettent d\u00e9sormais qu\u2019ils iront \u00ab plus loin car nous savons qu\u2019il reste \u00e0 faire \u00bb. Emmanuel Gr\u00e9goire, Lamia El Aaraje et Pierre Rabadan s\u2019engagent ainsi pour la cr\u00e9ation de \u00ab nouveaux quartiers d\u2019accessibilit\u00e9 augment\u00e9e (QAA), notamment dans les quartiers populaires \u00bb et plaideront, sur le plan des mobilit\u00e9s, \u00ab en faveur de <a href=\"https:\/\/www.leparisien.fr\/info-paris-ile-de-france-oise\/transports\/a-peine-une-quarantaine-de-stations-equipees-un-pacte-pour-rendre-le-metro-parisien-accessible-a-tous-05-09-2024-V6QFWURUABFUPMWRQ2MGE2CRAU.php#:~:text=Selon%20le%20plan%20de%20la,et%20s&#039;%C3%A9taler%20sur%20une\" target=\"_blank\" rel=\"noreferrer nofollow noopener\">la mise en accessibilit\u00e9 du m\u00e9tro<\/a> \u00bb.<\/p>\n<p class=\"paragraph text_align_left lp-f-body-02\">Les socialistes parisiens n\u2019oublient pas la situation des <a href=\"https:\/\/www.leparisien.fr\/paris-75\/carte-justificative-logement-finances-paris-veut-soutenir-davantage-ses-75-000-familles-monoparentales-09-10-2024-NDJSQXLZDRHHZLG725DKGC2TDI.php\" target=\"_blank\" rel=\"noreferrer nofollow noopener\">familles monoparentales <\/a>\u00ab qui concernent neuf familles avec enfant(s) en situation de handicap sur dix \u00bb.<\/p>\n","protected":false},"excerpt":{"rendered":"Du 28 ao\u00fbt au 8 septembre 2024, Paris accueillait pour la premi\u00e8re fois les Jeux paralympiques et ses&hellip;\n","protected":false},"author":2,"featured_media":349267,"comment_status":"","ping_status":"","sticky":false,"template":"","format":"standard","meta":{"footnotes":""},"categories":[1888],"tags":[11,5949,1777,674,1011,27,3554,12,626,316,25],"class_list":{"0":"post-349266","1":"post","2":"type-post","3":"status-publish","4":"format-standard","5":"has-post-thumbnail","7":"category-paris","8":"tag-actualites","9":"tag-elections","10":"tag-eu","11":"tag-europe","12":"tag-fr","13":"tag-france","14":"tag-municipales","15":"tag-news","16":"tag-paris","17":"tag-politique","18":"tag-republique-francaise"},"share_on_mastodon":{"url":"https:\/\/pubeurope.com\/@fr\/115104716151973402","error":""},"_links":{"self":[{"href":"https:\/\/www.europesays.com\/fr\/wp-json\/wp\/v2\/posts\/349266","targetHints":{"allow":["GET"]}}],"collection":[{"href":"https:\/\/www.europesays.com\/fr\/wp-json\/wp\/v2\/posts"}],"about":[{"href":"https:\/\/www.europesays.com\/fr\/wp-json\/wp\/v2\/types\/post"}],"author":[{"embeddable":true,"href":"https:\/\/www.europesays.com\/fr\/wp-json\/wp\/v2\/users\/2"}],"replies":[{"embeddable":true,"href":"https:\/\/www.europesays.com\/fr\/wp-json\/wp\/v2\/comments?post=349266"}],"version-history":[{"count":0,"href":"https:\/\/www.europesays.com\/fr\/wp-json\/wp\/v2\/posts\/349266\/revisions"}],"wp:featuredmedia":[{"embeddable":true,"href":"https:\/\/www.europesays.com\/fr\/wp-json\/wp\/v2\/media\/349267"}],"wp:attachment":[{"href":"https:\/\/www.europesays.com\/fr\/wp-json\/wp\/v2\/media?parent=349266"}],"wp:term":[{"taxonomy":"category","embeddable":true,"href":"https:\/\/www.europesays.com\/fr\/wp-json\/wp\/v2\/categories?post=349266"},{"taxonomy":"post_tag","embeddable":true,"href":"https:\/\/www.europesays.com\/fr\/wp-json\/wp\/v2\/tags?post=349266"}],"curies":[{"name":"wp","href":"https:\/\/api.w.org\/{rel}","templated":true}]}}