{"id":349268,"date":"2025-08-28T05:22:10","date_gmt":"2025-08-28T05:22:10","guid":{"rendered":"https:\/\/www.europesays.com\/fr\/349268\/"},"modified":"2025-08-28T05:22:10","modified_gmt":"2025-08-28T05:22:10","slug":"les-europeens-doivent-etre-prets-a-prendre-des-risques-pour-maintenir-la-paix-en-ukraine-liberation","status":"publish","type":"post","link":"https:\/\/www.europesays.com\/fr\/349268\/","title":{"rendered":"\u00abLes Europ\u00e9ens doivent \u00eatre pr\u00eats \u00e0 prendre des risques pour maintenir la paix en Ukraine\u00bb \u2013 Lib\u00e9ration"},"content":{"rendered":"<p class=\"sc-ksZaOG ehjQrN text-element\">Au lendemain de <a href=\"https:\/\/www.liberation.fr\/international\/amerique\/sommet-trump-zelensky-a-washington-des-garanties-de-securite-et-un-espoir-de-trilaterale-20250819_A55IKUG6W5ABHIAKZWNRFHP4QA\/\" target=\"_blank\" rel=\"nofollow noopener\" title=\"https:\/\/www.liberation.fr\/international\/amerique\/sommet-trump-zelensky-a-washington-des-garanties-de-securite-et-un-espoir-de-trilaterale-20250819_A55IKUG6W5ABHIAKZWNRFHP4QA\/\">la r\u00e9union qui s\u2019est tenue \u00e0 Washington<\/a> sur les garanties d\u2019un \u00e9ventuel accord de paix en Ukraine, le g\u00e9n\u00e9ral Thierry Burkhard, chef d\u2019\u00e9tat-major des arm\u00e9es fran\u00e7aises, a livr\u00e9 dans une longue interview \u00e0 Lib\u00e9ration et \u00e0 Politico sa vision des \u00e9quilibres strat\u00e9giques et des enjeux de la s\u00e9curit\u00e9 europ\u00e9enne, quelques jours avant de quitter son poste.<\/p>\n<p class=\"sc-ksZaOG ehjQrN text-element\"><b>O\u00f9 en est-on des garanties de s\u00e9curit\u00e9 en Ukraine<\/b> <b>?<\/b><\/p>\n<p class=\"sc-ksZaOG ehjQrN text-element\">Lors de <a href=\"https:\/\/www.liberation.fr\/international\/europe\/ukraine-les-defis-immenses-dune-paix-durable-20250819_A762RF4QBFDMFAG4IYLQCGDC7M\/\" target=\"_blank\" rel=\"nofollow noopener\" title=\"https:\/\/www.liberation.fr\/international\/europe\/ukraine-les-defis-immenses-dune-paix-durable-20250819_A762RF4QBFDMFAG4IYLQCGDC7M\/\">la visite du pr\u00e9sident Zelensky au pr\u00e9sident Trump<\/a>, le 18 ao\u00fbt, il y a eu une volont\u00e9 de d\u00e9cliner au niveau militaire la prise en compte d\u2019une position europ\u00e9enne. Une r\u00e9union s\u2019est donc tenue avec mes homologues italien, allemand, finlandais, britannique et ukrainien autour du chef d\u2019\u00e9tat-major des arm\u00e9es am\u00e9ricain. Le pr\u00e9sident Trump avait aff<\/p>\n","protected":false},"excerpt":{"rendered":"Au lendemain de la r\u00e9union qui s\u2019est tenue \u00e0 Washington sur les garanties d\u2019un \u00e9ventuel accord de paix&hellip;\n","protected":false},"author":2,"featured_media":349269,"comment_status":"","ping_status":"","sticky":false,"template":"","format":"standard","meta":{"footnotes":""},"categories":[1591],"tags":[11,554,1887,12,1885,1886,132,297],"class_list":{"0":"post-349268","1":"post","2":"type-post","3":"status-publish","4":"format-standard","5":"has-post-thumbnail","7":"category-russie","8":"tag-actualites","9":"tag-defense","10":"tag-federation-de-russie","11":"tag-news","12":"tag-russia","13":"tag-russian-federation","14":"tag-russie","15":"tag-ukraine-la-crise"},"share_on_mastodon":{"url":"https:\/\/pubeurope.com\/@fr\/115104720034326716","error":""},"_links":{"self":[{"href":"https:\/\/www.europesays.com\/fr\/wp-json\/wp\/v2\/posts\/349268","targetHints":{"allow":["GET"]}}],"collection":[{"href":"https:\/\/www.europesays.com\/fr\/wp-json\/wp\/v2\/posts"}],"about":[{"href":"https:\/\/www.europesays.com\/fr\/wp-json\/wp\/v2\/types\/post"}],"author":[{"embeddable":true,"href":"https:\/\/www.europesays.com\/fr\/wp-json\/wp\/v2\/users\/2"}],"replies":[{"embeddable":true,"href":"https:\/\/www.europesays.com\/fr\/wp-json\/wp\/v2\/comments?post=349268"}],"version-history":[{"count":0,"href":"https:\/\/www.europesays.com\/fr\/wp-json\/wp\/v2\/posts\/349268\/revisions"}],"wp:featuredmedia":[{"embeddable":true,"href":"https:\/\/www.europesays.com\/fr\/wp-json\/wp\/v2\/media\/349269"}],"wp:attachment":[{"href":"https:\/\/www.europesays.com\/fr\/wp-json\/wp\/v2\/media?parent=349268"}],"wp:term":[{"taxonomy":"category","embeddable":true,"href":"https:\/\/www.europesays.com\/fr\/wp-json\/wp\/v2\/categories?post=349268"},{"taxonomy":"post_tag","embeddable":true,"href":"https:\/\/www.europesays.com\/fr\/wp-json\/wp\/v2\/tags?post=349268"}],"curies":[{"name":"wp","href":"https:\/\/api.w.org\/{rel}","templated":true}]}}