{"id":349270,"date":"2025-08-28T05:23:14","date_gmt":"2025-08-28T05:23:14","guid":{"rendered":"https:\/\/www.europesays.com\/fr\/349270\/"},"modified":"2025-08-28T05:23:14","modified_gmt":"2025-08-28T05:23:14","slug":"pipeline-relation-avec-poutine-minorite-ethnique-la-guerre-des-mots-entre-hongrie-et-ukraine-senvenime","status":"publish","type":"post","link":"https:\/\/www.europesays.com\/fr\/349270\/","title":{"rendered":"Pipeline, relation avec Poutine, minorit\u00e9 ethnique\u2026 La guerre des mots entre Hongrie et Ukraine s&rsquo;envenime"},"content":{"rendered":"<p>\n    Pays voisins avec 100 kilom\u00e8tres de fronti\u00e8re commune, la Hongrie de Viktor Orb\u00e1n, proche de Vladimir Poutine, et l&rsquo;Ukraine en guerre contre la Russie ont depuis longtemps des relations tendues. Les derni\u00e8res frappes de drones ukrainiens contre des centres \u00e9nerg\u00e9tiques russes, visant \u00e0 affaiblir l&rsquo;effort de guerre russe, ont, par ricochet, affect\u00e9 la Hongrie. Ce qui n&rsquo;est pas du go\u00fbt de Viktor Orb\u00e1n\u2026\n<\/p>\n<p class=\"article-text article-body__item\">\n    Il aura \u00e9t\u00e9 le dernier dirigeant de l\u2019Union europ\u00e9enne \u00e0 se rendre \u00e0 Kiev, en juillet 2024, soit plus de deux ans apr\u00e8s le d\u00e9but de l&rsquo;invasion russe. Le Premier ministre hongrois Viktor Orb\u00e1n avait alors \u00e9vit\u00e9 de prononcer les mots qui f\u00e2chent, r\u00e9servant ses d\u00e9clarations anti-ukrainiennes \u00e0 ses discours destin\u00e9s \u00e0 son opinion publique, ou pour justifier ses votes syst\u00e9matiques contre l\u2019aide \u00e0 Kiev et les sanctions contre la Russie. D\u00e9sormais, Viktor Orb\u00e1n exprime ouvertement son irritation \u00e0 l\u2019\u00e9gard de l\u2019Ukraine, pays avec lequel son pays partage 100 kilom\u00e8tres de fronti\u00e8re.\n<\/p>\n<p class=\"article-text article-body__item\">\n    En cette fin du mois d\u2019ao\u00fbt, l\u2019escalade verbale a \u00e9t\u00e9 brutale entre les dirigeants ukrainiens et hongrois, \u00e0 la suite des frappes, par des drones ukrainiens, contre des infrastructures \u00e9nerg\u00e9tiques russes. Visant \u00e0 freiner l\u2019effort de guerre et l\u2019offensive ennemie, elles causent d\u2019importantes p\u00e9nuries d\u2019essence en Russie et la mont\u00e9e en fl\u00e8che de son prix dans plusieurs r\u00e9gions. Mais elles font aussi deux victimes collat\u00e9rales : la Hongrie et la Slovaquie, les deux seuls pays de l&rsquo;Union europ\u00e9enne (UE) qui ach\u00e8tent encore du brut russe via l&rsquo;ol\u00e9oduc Droujba (\u00ab amiti\u00e9 \u00bb, en russe). En juillet, ces deux pays ont import\u00e9 respectivement de 232 millions de dollars et 196 millions de dollars de p\u00e9trole.<\/p>\n","protected":false},"excerpt":{"rendered":"Pays voisins avec 100 kilom\u00e8tres de fronti\u00e8re commune, la Hongrie de Viktor Orb\u00e1n, proche de Vladimir Poutine, et&hellip;\n","protected":false},"author":2,"featured_media":349271,"comment_status":"","ping_status":"","sticky":false,"template":"","format":"standard","meta":{"footnotes":""},"categories":[1590],"tags":[11,1777,674,12,220],"class_list":{"0":"post-349270","1":"post","2":"type-post","3":"status-publish","4":"format-standard","5":"has-post-thumbnail","7":"category-ukraine","8":"tag-actualites","9":"tag-eu","10":"tag-europe","11":"tag-news","12":"tag-ukraine"},"share_on_mastodon":{"url":"https:\/\/pubeurope.com\/@fr\/115104724028544888","error":""},"_links":{"self":[{"href":"https:\/\/www.europesays.com\/fr\/wp-json\/wp\/v2\/posts\/349270","targetHints":{"allow":["GET"]}}],"collection":[{"href":"https:\/\/www.europesays.com\/fr\/wp-json\/wp\/v2\/posts"}],"about":[{"href":"https:\/\/www.europesays.com\/fr\/wp-json\/wp\/v2\/types\/post"}],"author":[{"embeddable":true,"href":"https:\/\/www.europesays.com\/fr\/wp-json\/wp\/v2\/users\/2"}],"replies":[{"embeddable":true,"href":"https:\/\/www.europesays.com\/fr\/wp-json\/wp\/v2\/comments?post=349270"}],"version-history":[{"count":0,"href":"https:\/\/www.europesays.com\/fr\/wp-json\/wp\/v2\/posts\/349270\/revisions"}],"wp:featuredmedia":[{"embeddable":true,"href":"https:\/\/www.europesays.com\/fr\/wp-json\/wp\/v2\/media\/349271"}],"wp:attachment":[{"href":"https:\/\/www.europesays.com\/fr\/wp-json\/wp\/v2\/media?parent=349270"}],"wp:term":[{"taxonomy":"category","embeddable":true,"href":"https:\/\/www.europesays.com\/fr\/wp-json\/wp\/v2\/categories?post=349270"},{"taxonomy":"post_tag","embeddable":true,"href":"https:\/\/www.europesays.com\/fr\/wp-json\/wp\/v2\/tags?post=349270"}],"curies":[{"name":"wp","href":"https:\/\/api.w.org\/{rel}","templated":true}]}}