{"id":349272,"date":"2025-08-28T05:24:13","date_gmt":"2025-08-28T05:24:13","guid":{"rendered":"https:\/\/www.europesays.com\/fr\/349272\/"},"modified":"2025-08-28T05:24:13","modified_gmt":"2025-08-28T05:24:13","slug":"la-directrice-dune-agence-sanitaire-prend-la-porte-apres-26-jours","status":"publish","type":"post","link":"https:\/\/www.europesays.com\/fr\/349272\/","title":{"rendered":"La directrice d&rsquo;une agence sanitaire prend la porte apr\u00e8s 26 jours"},"content":{"rendered":"<p><img decoding=\"async\" src=\"https:\/\/www.europesays.com\/fr\/wp-content\/uploads\/2025\/08\/7745645326439768.webp\" loading=\"lazy\" width=\"5555\" height=\"3704\" alt=\"FILE - Susan Monarez, President Donald Trump's nominee to be director of the Centers for Disease Control and Prevention, arrives to testify before the Senate HELP Committee, at the Capitol in Was ...\" data-image-id=\"7745645326439768\" class=\"watson-snippet__image bg-grey-10 block h-auto w-full \"\/><\/p>\n<p>Elle n&rsquo;aura fait qu&rsquo;un mois \u00e0 la t\u00eate du CDC: Susan Monarez, en juin dernier.Keystone<\/p>\n<p>Moins d\u2019un mois apr\u00e8s sa prise de poste, la directrice des Centres pour le contr\u00f4le et la pr\u00e9vention des maladies (CDC) a quitt\u00e9 ses fonctions mercredi. Un d\u00e9part pr\u00e9cipit\u00e9 qui intervient alors que le ministre de la Sant\u00e9 Robert Kennedy Jr. impose une refonte vaccinosceptique contest\u00e9e de la politique sanitaire am\u00e9ricaine.<\/p>\n<p>28.08.2025, 06:4728.08.2025, 06:47<\/p>\n<p>Plus de \u00abInternational\u00bb<\/p>\n<p class=\"watson-snippet__text my-6 text-[16px] lg:text-[18px] leading-normal md:w-3\/5\">La directrice de la principale agence sanitaire am\u00e9ricaine a quitt\u00e9 ses fonctions apr\u00e8s moins d&rsquo;un mois en poste, a annonc\u00e9 mercredi le minist\u00e8re de la Sant\u00e9. Aucune raison n&rsquo;a \u00e9t\u00e9 donn\u00e9e pour justifier de ce d\u00e9part pr\u00e9cipit\u00e9, qui survient en plein tournant vaccinosceptique de l&rsquo;administration Trump.<\/p>\n<p class=\"watson-snippet__text my-6 text-[16px] lg:text-[18px] leading-normal md:w-3\/5\">\u00abSusan Monarez n&rsquo;est plus directrice des Centres pour le contr\u00f4le et la pr\u00e9vention des maladies. Nous la remercions pour son service d\u00e9vou\u00e9 envers le peuple am\u00e9ricain\u00bb, a sobrement indiqu\u00e9 le minist\u00e8re sur X.<\/p>\n<blockquote class=\"twitter-tweet\" data-media-max-width=\"560\">\n<p lang=\"en\" dir=\"ltr\">Susan Monarez is no longer director of the Centers for Disease Control and Prevention. We thank her for her dedicated service to the American people. <a href=\"https:\/\/twitter.com\/SecKennedy?ref_src=twsrc%5Etfw\" rel=\"nofollow noopener\" target=\"_blank\">@SecKennedy<\/a> has full confidence in his team at <a href=\"https:\/\/twitter.com\/CDCgov?ref_src=twsrc%5Etfw\" rel=\"nofollow noopener\" target=\"_blank\">@CDCgov<\/a> who will continue to be vigilant in protecting Americans against infectious\u2026<\/p>\n<p>\u2014 HHS.gov (@HHSGov) <a href=\"https:\/\/twitter.com\/HHSGov\/status\/1960818490614415869?ref_src=twsrc%5Etfw\" rel=\"nofollow noopener\" target=\"_blank\">August 27, 2025<\/a><\/p><\/blockquote>\n<p class=\"watson-snippet__text my-6 text-[16px] lg:text-[18px] leading-normal md:w-3\/5\">D&rsquo;apr\u00e8s le Washington Post, qui a rapport\u00e9 en premier lieu le limogeage de Susan Monarez, cette derni\u00e8re refusait de s&rsquo;engager \u00e0 soutenir des changements de politiques vaccinales que souhaite r\u00e9aliser le ministre de la Sant\u00e9 Robert Kennedy Jr., connu pour ses positions antivaccins.<\/p>\n<p class=\"watson-snippet__text my-6 text-[16px] lg:text-[18px] leading-normal md:w-3\/5\">Selon des responsables s&rsquo;\u00e9tant exprim\u00e9s sous couvert de l&rsquo;anonymat, la directrice a \u00e9t\u00e9 pouss\u00e9e \u00e0 la d\u00e9mission par ce dernier. Sollicit\u00e9 par l&rsquo;AFP, le minist\u00e8re n&rsquo;a pas r\u00e9pondu dans l&rsquo;imm\u00e9diat \u00e0 ces informations.<\/p>\n<p class=\"watson-snippet__text my-6 text-[16px] lg:text-[18px] leading-normal md:w-3\/5\">Depuis son entr\u00e9e en fonctions, Robert Kennedy Jr. a enclench\u00e9 une profonde refonte de la politique vaccinale am\u00e9ricaine, limogeant des experts r\u00e9put\u00e9s, restreignant l&rsquo;acc\u00e8s aux vaccins contre le Covid-19 ou coupant des fonds au d\u00e9veloppement de nouveaux vaccins. Des mesures prises souvent \u00e0 l&rsquo;encontre du consensus scientifique et fustig\u00e9es par des experts ext\u00e9rieurs.<\/p>\n<p class=\"watson-snippet__text my-6 text-[16px] lg:text-[18px] leading-normal md:w-3\/5\">Susan Monarez, scientifique de carri\u00e8re, avait \u00e9t\u00e9 confirm\u00e9e fin juillet par le S\u00e9nat am\u00e9ricain \u00e0 la t\u00eate des Centres pour le contr\u00f4le et la pr\u00e9vention des maladies (CDC), une des agences sanitaires que chapeaute le minist\u00e8re de la Sant\u00e9.<\/p>\n<p class=\"watson-snippet__text my-6 text-[16px] lg:text-[18px] leading-normal md:w-3\/5\">Sa nomination \u00e9tait en r\u00e9alit\u00e9 un second choix, la Maison-Blanche ayant d\u00fb renoncer en mars \u00e0 son premier candidat, David Weldon, un ex-\u00e9lu et m\u00e9decin connu pour ses positions vaccinosceptiques, par crainte qu&rsquo;il ne lui manque les voix n\u00e9cessaires au Congr\u00e8s.<\/p>\n<p class=\"watson-snippet__text my-6 text-[16px] lg:text-[18px] leading-normal md:w-3\/5\">Le d\u00e9part pr\u00e9cipit\u00e9 de Susan Monarez survient en pleine crise aux CDC, l&rsquo;agence ayant \u00e9t\u00e9 la cible d\u00e9but ao\u00fbt d&rsquo;une attaque arm\u00e9e par un homme vivement oppos\u00e9 au vaccin contre le Covid-19.<\/p>\n<p class=\"watson-snippet__text my-6 text-[16px] lg:text-[18px] leading-normal md:w-3\/5\">Des centaines d&#8217;employ\u00e9s et d&rsquo;anciens salari\u00e9s des agences sanitaires avaient sign\u00e9 dans la foul\u00e9e une lettre ouverte d\u00e9non\u00e7ant le comportement du ministre de la Sant\u00e9 et l&rsquo;accusant de les mettre en danger en propageant de fausses informations, notamment sur les vaccins. (mbr\/ats)<\/p>\n<p>Plus d&rsquo;articles concernant les Etats-Unis<\/p>\n<p>Le monde merveilleux du cervelat<\/p>\n<p>1 \/ 12<\/p>\n<p>Le monde merveilleux du cervelat<\/p>\n<p>Des cervelats \u00e0 l&rsquo;ail et \u00e0 la sauge<\/p>\n<p>source: fooby<\/p>\n<p><a href=\"\" target=\"_blank\" aria-label=\"partager sur Facebook\" class=\"watson-sharebar__panel__icons-fb mr-2\"><img decoding=\"async\" src=\"https:\/\/www.europesays.com\/fr\/wp-content\/uploads\/2025\/04\/facebook.png\" alt=\"partager sur Facebook\" width=\"20\" height=\"20\" loading=\"lazy\" class=\"h-5 w-auto lg:h-4\"\/><\/a><a href=\"\" target=\"_blank\" aria-label=\"partager sur X\" class=\"watson-sharebar__panel__icons-tw mr-2\"><img decoding=\"async\" src=\"https:\/\/www.watson.ch\/fr\/_watsui\/static\/img\/socialicons\/icon_filled_x.svg\" alt=\"partager sur X\" width=\"20\" height=\"20\" loading=\"lazy\" class=\"h-4 w-auto lg:h-3\"\/><\/a><\/p>\n<p>Cette journaliste d\u00e9couvre que Taylor Swift s&rsquo;est fianc\u00e9e<\/p>\n<p>Video: watson<\/p>\n<p>Ceci pourrait \u00e9galement vous int\u00e9resser:<\/p>\n<p>        <a href=\"https:\/\/www.watson.ch\/fr\/international\/france\/975923120-meteo-un-phenomene-atypique-va-frapper-la-france\" aria-label=\"L\u2019article\" class=\"watson-next-story__link absolute inset-0 z-10\" rel=\"nofollow noopener\" target=\"_blank\"><\/p>\n<p>Une houle \u00abcyclonique\u00bb va g\u00e9n\u00e9rer des vagues de cinq m\u00e8tres sur la fa\u00e7ade atlantique fran\u00e7aise. Le niveau d&rsquo;alerte va \u00eatre relev\u00e9 dans plusieurs d\u00e9partements.<\/p>\n<p>Un \u00abph\u00e9nom\u00e8ne atypique\u00bb de houle cyclonique, caus\u00e9 dans l&rsquo;Atlantique par l&rsquo;ex-ouragan Erin, va g\u00e9n\u00e9rer des vagues d&rsquo;environ 5 m\u00e8tres de hauteur mardi et mercredi sur le littoral fran\u00e7ais. Il s&rsquo;agit d&rsquo;une source de \u00abrisques\u00bb pour les usagers de la mer, pr\u00e9vient la pr\u00e9fecture maritime (Premar).<\/p>\n<p><script async src=\"https:\/\/platform.twitter.com\/widgets.js\" charset=\"utf-8\"><\/script><\/p>\n","protected":false},"excerpt":{"rendered":"Elle n&rsquo;aura fait qu&rsquo;un mois \u00e0 la t\u00eate du CDC: Susan Monarez, en juin dernier.Keystone Moins d\u2019un mois&hellip;\n","protected":false},"author":2,"featured_media":349273,"comment_status":"","ping_status":"","sticky":false,"template":"","format":"standard","meta":{"footnotes":""},"categories":[1589],"tags":[11,73,1866,12,1864,1865,1863,308],"class_list":{"0":"post-349272","1":"post","2":"type-post","3":"status-publish","4":"format-standard","5":"has-post-thumbnail","7":"category-etats-unis","8":"tag-actualites","9":"tag-etats-unis","10":"tag-etats-unis-damerique","11":"tag-news","12":"tag-united-states","13":"tag-united-states-of-america","14":"tag-us","15":"tag-usa"},"share_on_mastodon":{"url":"https:\/\/pubeurope.com\/@fr\/115104728640506207","error":""},"_links":{"self":[{"href":"https:\/\/www.europesays.com\/fr\/wp-json\/wp\/v2\/posts\/349272","targetHints":{"allow":["GET"]}}],"collection":[{"href":"https:\/\/www.europesays.com\/fr\/wp-json\/wp\/v2\/posts"}],"about":[{"href":"https:\/\/www.europesays.com\/fr\/wp-json\/wp\/v2\/types\/post"}],"author":[{"embeddable":true,"href":"https:\/\/www.europesays.com\/fr\/wp-json\/wp\/v2\/users\/2"}],"replies":[{"embeddable":true,"href":"https:\/\/www.europesays.com\/fr\/wp-json\/wp\/v2\/comments?post=349272"}],"version-history":[{"count":0,"href":"https:\/\/www.europesays.com\/fr\/wp-json\/wp\/v2\/posts\/349272\/revisions"}],"wp:featuredmedia":[{"embeddable":true,"href":"https:\/\/www.europesays.com\/fr\/wp-json\/wp\/v2\/media\/349273"}],"wp:attachment":[{"href":"https:\/\/www.europesays.com\/fr\/wp-json\/wp\/v2\/media?parent=349272"}],"wp:term":[{"taxonomy":"category","embeddable":true,"href":"https:\/\/www.europesays.com\/fr\/wp-json\/wp\/v2\/categories?post=349272"},{"taxonomy":"post_tag","embeddable":true,"href":"https:\/\/www.europesays.com\/fr\/wp-json\/wp\/v2\/tags?post=349272"}],"curies":[{"name":"wp","href":"https:\/\/api.w.org\/{rel}","templated":true}]}}