{"id":349276,"date":"2025-08-28T05:26:10","date_gmt":"2025-08-28T05:26:10","guid":{"rendered":"https:\/\/www.europesays.com\/fr\/349276\/"},"modified":"2025-08-28T05:26:10","modified_gmt":"2025-08-28T05:26:10","slug":"lallemagne-cree-un-conseil-national-de-securite-une-premiere-historique","status":"publish","type":"post","link":"https:\/\/www.europesays.com\/fr\/349276\/","title":{"rendered":"L&rsquo;Allemagne cr\u00e9e un conseil national de s\u00e9curit\u00e9, une premi\u00e8re historique"},"content":{"rendered":"<p>Le chancelier allemand Friedrich Merz et le ministre de la D\u00e9fense Boris Pistorius ont annonc\u00e9, mercredi 27 ao\u00fbt, la formation du nouveau Conseil national de s\u00e9curit\u00e9 (CNS) de l\u2019Allemagne charg\u00e9 de rationaliser les consultations de haut niveau sur les questions de d\u00e9fense et de s\u00e9curit\u00e9.<\/p>\n<p>Les responsables politiques allemands d\u00e9crivent la nouvelle institution comme le \u00ab\u2009nouveau noyau de l\u2019architecture de s\u00e9curit\u00e9 de l\u2019Allemagne\u2009\u00bb. Il fusionne deux organes ant\u00e9rieurs : le Conseil f\u00e9d\u00e9ral de s\u00e9curit\u00e9, responsable des exportations d\u2019armes et de la politique de d\u00e9fense, et le cabinet de s\u00e9curit\u00e9, charg\u00e9 de prendre les d\u00e9cisions en cas de crise.<\/p>\n<p>Mercredi 27 ao\u00fbt, le chancelier Friedrich Merz a expliqu\u00e9 que le nouveau Conseil national de s\u00e9curit\u00e9 s\u2019occuperait \u00e0 la fois de la planification \u00e0 long terme de la \u00ab\u2009politique de s\u00e9curit\u00e9 int\u00e9gr\u00e9e\u2009\u00bb du pays et des \u00ab\u2009questions transversales de s\u00e9curit\u00e9 nationale, \u00e0 l\u2019intersection de la s\u00e9curit\u00e9 int\u00e9rieure, ext\u00e9rieure, \u00e9conomique et num\u00e9rique\u2009\u00bb.<\/p>\n<p>Selon le chancelier allemand, les menaces que la Russie et d\u2019autres pays font peser sur la s\u00e9curit\u00e9 de l\u2019Europe exigent une plus grande souplesse dans la prise de d\u00e9cision et les r\u00e9ponses : \u00ab\u2009Nous devons devenir plus rapides, plus cr\u00e9atifs et plus d\u00e9cisifs en renfor\u00e7ant nos infrastructures, en am\u00e9liorant notre coordination et en rendant notre soci\u00e9t\u00e9 plus r\u00e9siliente dans l\u2019ensemble \u00bb, a-t-il soulign\u00e9.<\/p>\n<p>Selon les autorit\u00e9s allemandes, le CNS se r\u00e9unira r\u00e9guli\u00e8rement sur des questions strat\u00e9giques, mais \u00e9galement en temps de crise. Le regroupement de ses fonctions au sein d\u2019un seul organe permanent renforce la \u00ab\u2009professionnalisation de l\u2019architecture de s\u00e9curit\u00e9 de l\u2019Allemagne\u2009\u00bb.<\/p>\n<p>Qu\u2019est-ce qui change ?<\/p>\n<p>L\u2019une des principales missions du CNS sera la prospective strat\u00e9gique et plus pr\u00e9cis\u00e9ment \u00ab\u2009identifier les sc\u00e9narios de menace \u00e0 moyen et long terme, \u00e9laborer des options d\u2019action et effectuer les pr\u00e9paratifs n\u00e9cessaires\u2009\u00bb, selon les fonctionnaires. Le chef de cabinet de la chancellerie, Jacob Schrot, coordonnera le conseil.<\/p>\n<p>Le nouveau CNS comprendra le chancelier et neuf des ministres du gouvernement allemand. Des fonctionnaires et des experts des services de s\u00e9curit\u00e9 et de renseignement allemands, des 16 \u00c9tats f\u00e9d\u00e9raux et d\u2019institutions telles que l\u2019OTAN et l\u2019UE seront par ailleurs invit\u00e9s \u00e0 participer aux r\u00e9unions en fonction des besoins.<\/p>\n<p>\u00ab\u2009L\u2019\u00e9poque o\u00f9 nous devions d\u2019abord appeler tous les minist\u00e8res pour avoir une vue d\u2019ensemble d\u2019une crise est r\u00e9volue. C\u2019est l\u2019\u00e8re de la r\u00e9silience g\u00e9n\u00e9rale, proactive, \u00e0 l\u2019\u00e9chelle de la soci\u00e9t\u00e9 \u2014 et des canaux de communication courts\u2009\u00bb, <a href=\"https:\/\/militairespectator.nl\/artikelen\/een-kwantumsprong-de-duitse-veiligheidspolitiek\" target=\"_blank\" rel=\"noopener nofollow\">a d\u00e9clar\u00e9<\/a> Christina Moritz, experte en architecture de s\u00e9curit\u00e9,  au journal n\u00e9erlandais Militaire Spectator.<\/p>\n<p>\u00ab\u2009L\u2019UE et l\u2019OTAN attendent beaucoup de l\u2019Allemagne et, en tant que point de contact central, un Conseil national de s\u00e9curit\u00e9 peut contribuer \u00e0 une prise de conscience g\u00e9n\u00e9rale\u2009\u00bb, a-t-elle ajout\u00e9.<\/p>\n<p>Les fonctionnaires allemands ont indiqu\u00e9 que l\u2019objectif \u00e9tait en partie de mettre fin \u00e0 une approche \u00ab\u2009cloisonn\u00e9e\u2009\u00bb de la s\u00e9curit\u00e9, les minist\u00e8res g\u00e9rant s\u00e9par\u00e9ment les diff\u00e9rents types de menaces. Le ministre du Num\u00e9rique, Karsten Wildberger, sera sollicit\u00e9 mais la s\u00e9curit\u00e9 climatique, qui \u00e9tait \u00e9troitement li\u00e9e \u00e0 la s\u00e9curit\u00e9 nationale sous le gouvernement pr\u00e9c\u00e9dent, <a href=\"https:\/\/table.media\/climate\/analyse\/nationaler-sicherheitsrat-kein-fokus-auf-die-klimakrise\" target=\"_blank\" rel=\"noopener nofollow\">ne sera pas au centre des pr\u00e9occupations<\/a>.<\/p>\n<p>Le projet de cr\u00e9ation d\u2019un Conseil national de s\u00e9curit\u00e9 n\u2019est pas nouveau. Parall\u00e8lement \u00e0 la pr\u00e9sentation de la strat\u00e9gie de s\u00e9curit\u00e9 nationale en 2023, l\u2019id\u00e9e d\u2019un organe centralis\u00e9 <a href=\"https:\/\/library.fes.de\/pdf-files\/a-p-b\/22072.pdf?\" target=\"_blank\" rel=\"noopener nofollow\">a fait son chemin<\/a>. Mais des <a href=\"https:\/\/www.spiegel.de\/politik\/deutschland\/nationaler-sicherheitsrat-kommt-nicht-dissens-zwischen-olaf-scholz-und-annalena-baerbock-a-93090bc0-e61a-47af-a9ce-e4d8f915f17c\" target=\"_blank\" rel=\"noopener nofollow\">d\u00e9saccords<\/a> entre les sociaux-d\u00e9mocrates du pr\u00e9c\u00e9dent chancelier Olaf Scholz et son principal partenaire de coalition, les Verts, au sujet du lieu d\u2019implantation, ont fini par faire capoter le projet.<\/p>\n<p>Les chr\u00e9tiens-d\u00e9mocrates conservateurs de Friedrich Merz contr\u00f4lent d\u00e9sormais fermement les questions de politique \u00e9trang\u00e8re et ont actionn\u00e9 le changement.<\/p>\n<p>(sn)<\/p>\n","protected":false},"excerpt":{"rendered":"Le chancelier allemand Friedrich Merz et le ministre de la D\u00e9fense Boris Pistorius ont annonc\u00e9, mercredi 27 ao\u00fbt,&hellip;\n","protected":false},"author":2,"featured_media":349277,"comment_status":"","ping_status":"","sticky":false,"template":"","format":"standard","meta":{"footnotes":""},"categories":[1587],"tags":[11,672,1804,1805,1803,1777,674,1801,12,1802],"class_list":{"0":"post-349276","1":"post","2":"type-post","3":"status-publish","4":"format-standard","5":"has-post-thumbnail","7":"category-allemagne","8":"tag-actualites","9":"tag-allemagne","10":"tag-bundesrepublik-deutschland","11":"tag-de","12":"tag-deutschland","13":"tag-eu","14":"tag-europe","15":"tag-germany","16":"tag-news","17":"tag-republique-federale-dallemagne"},"share_on_mastodon":{"url":"https:\/\/pubeurope.com\/@fr\/115104735742135563","error":""},"_links":{"self":[{"href":"https:\/\/www.europesays.com\/fr\/wp-json\/wp\/v2\/posts\/349276","targetHints":{"allow":["GET"]}}],"collection":[{"href":"https:\/\/www.europesays.com\/fr\/wp-json\/wp\/v2\/posts"}],"about":[{"href":"https:\/\/www.europesays.com\/fr\/wp-json\/wp\/v2\/types\/post"}],"author":[{"embeddable":true,"href":"https:\/\/www.europesays.com\/fr\/wp-json\/wp\/v2\/users\/2"}],"replies":[{"embeddable":true,"href":"https:\/\/www.europesays.com\/fr\/wp-json\/wp\/v2\/comments?post=349276"}],"version-history":[{"count":0,"href":"https:\/\/www.europesays.com\/fr\/wp-json\/wp\/v2\/posts\/349276\/revisions"}],"wp:featuredmedia":[{"embeddable":true,"href":"https:\/\/www.europesays.com\/fr\/wp-json\/wp\/v2\/media\/349277"}],"wp:attachment":[{"href":"https:\/\/www.europesays.com\/fr\/wp-json\/wp\/v2\/media?parent=349276"}],"wp:term":[{"taxonomy":"category","embeddable":true,"href":"https:\/\/www.europesays.com\/fr\/wp-json\/wp\/v2\/categories?post=349276"},{"taxonomy":"post_tag","embeddable":true,"href":"https:\/\/www.europesays.com\/fr\/wp-json\/wp\/v2\/tags?post=349276"}],"curies":[{"name":"wp","href":"https:\/\/api.w.org\/{rel}","templated":true}]}}