{"id":349280,"date":"2025-08-28T05:28:10","date_gmt":"2025-08-28T05:28:10","guid":{"rendered":"https:\/\/www.europesays.com\/fr\/349280\/"},"modified":"2025-08-28T05:28:10","modified_gmt":"2025-08-28T05:28:10","slug":"209-anciens-ambassadeurs-de-lue-montent-au-creneau-appel-a-des-sanctions-contre-israel","status":"publish","type":"post","link":"https:\/\/www.europesays.com\/fr\/349280\/","title":{"rendered":"209 anciens ambassadeurs de l\u2019UE montent au cr\u00e9neau : Appel \u00e0 des sanctions contre Isra\u00ebl"},"content":{"rendered":"<p>                        Pendant qu\u2019Isra\u00ebl poursuit sa guerre g\u00e9nocidaire \u00e0 Ghaza et se pr\u00e9pare \u00e0 lancer une invasion militaire de la ville de Ghaza, par le terrassement de quartiers entiers, la rue isra\u00e9lienne gronde et des centaines de milliers de personnes ont paralys\u00e9 hier Tel-Aviv et de nombreuses autres r\u00e9gions r\u00e9clamant un accord de cessez-le-feu, la lib\u00e9ration des otages et la fin de la guerre.<\/p>\n<p>Alors que le cabinet de s\u00e9curit\u00e9 du Premier ministre isra\u00e9lien se r\u00e9unissait pour approuver les plans pr\u00e9paratifs op\u00e9rationnels pour l\u2019occupation militaire de la ville de Ghaza, dans un climat d\u2019\u00e9meute provoqu\u00e9 par d\u2019importantes manifestations populaires appelant \u00e0 un accord de cessez-le-feu, la lib\u00e9ration des otages et la fin de la guerre, 209 anciens ambassadeurs de l\u2019Union europ\u00e9enne (UE), hauts fonctionnaires diplomatiques et ambassadeurs des Etats de l\u2019UE ont appel\u00e9, hier, \u00e0 une action urgente contre la guerre \u00e0 Ghaza et les actions ill\u00e9gales en Cisjordanie. Dans une lettre sign\u00e9e et rendue publique hier, les signataires ont estim\u00e9 que \u00abm\u00eame si l\u2019UE n\u2019agit pas collectivement, les Etats membres doivent prendre des mesures individuellement ou en petits groupes pour soutenir les droits de l\u2019homme et faire respecter le droit international\u00bb. La lettre pr\u00e9sente au moins neuf actions possibles.<br \/>Il s\u2019agit de \u00abla suspension des licences d\u2019exportation d\u2019armes, l\u2019interdiction du commerce de biens et de services avec les colonies ill\u00e9gales et l\u2019interdiction pour les centres de donn\u00e9es europ\u00e9ens de recevoir, de stocker ou de traiter des donn\u00e9es provenant du gouvernement isra\u00e9lien ou de sources commerciales si elles sont li\u00e9es \u00e0 la pr\u00e9sence et aux activit\u00e9s d\u2019Isra\u00ebl \u00e0 Ghaza et ailleurs dans les territoires occup\u00e9s\u00bb. Parmi les signataires, 110 anciens ambassadeurs, 25 anciens directeurs g\u00e9n\u00e9raux et deux des plus hauts diplomates de l\u2019UE \u2013 Alain Le Roy, ancien secr\u00e9taire g\u00e9n\u00e9ral du service europ\u00e9en des affaires ext\u00e9rieures, et Carlo Trojan, ancien secr\u00e9taire g\u00e9n\u00e9ral de la Commission europ\u00e9enne.\u00a0<br \/>\u00abCela a touch\u00e9 une corde sensible\u00bb, a d\u00e9clar\u00e9, au journal britannique The Guardian, Sven K\u00fchn von Burgsdorff, ancien repr\u00e9sentant de l\u2019UE dans le territoire palestinien et membre d\u2019un groupe de pilotage de six anciens diplomates coordonnant l\u2019initiative qui a d\u00e9but\u00e9 \u00e0 la mi-juillet. \u00abIl y a une telle consternation au sein des institutions, les gens disent que c\u2019est assez\u00bb, a ajout\u00e9 K\u00fchn von Burgsdorff, en soulignant\u00a0: \u00abNous ne pouvons pas rester paralys\u00e9s si les 27 Etats membres ne peuvent agir, car cela trahirait nos valeurs.<br \/>Nous avons donc propos\u00e9 neuf mesures qui peuvent \u00eatre prises au niveau des Etats ou par des groupes d\u2019Etats.\u00bb Selon lui, \u00ables gouvernements europ\u00e9ens perdent en cr\u00e9dibilit\u00e9 non seulement dans les pays du Sud, mais aussi aupr\u00e8s de nos propres citoyens, dans chaque Etat membre\u00bb. Pour \u00e9tayer ses propos, il a rappel\u00e9 les r\u00e9sultats d\u2019un sondage effectu\u00e9 en Allemagne, son pays natal, connu pour \u00eatre un ind\u00e9fectible alli\u00e9 d\u2019Isra\u00ebl, qui d\u00e9montre que \u00ab80% de la population d\u00e9sapprouvent les actions de l\u2019Etat h\u00e9breu \u00e0 Ghaza\u00bb et que \u00ables deux tiers souhaitent que le gouvernement agisse\u00bb.<\/p>\n<p>\u00abLes tirs dirig\u00e9s contre des cam\u00e9ras\u00bb<\/p>\n<p>Une d\u00e9claration qui tranche avec celle du chancelier allemand, Friedrich Merz, qui affirmait, lors d\u2019une conf\u00e9rence de presse hier \u00e0 Berlin, qu\u2019il \u00abne croyait pas pour le moment\u00bb que l\u2019attaque isra\u00e9lienne contre un h\u00f4pital de Ghaza, qui a tu\u00e9 au moins 20 personnes, \u00abvisait des journalistes\u00bb. \u00abMais l\u2019arm\u00e9e isra\u00e9lienne et le gouvernement isra\u00e9lien ont tous deux promis de lancer une enqu\u00eate approfondie sur cet incident. Je voudrais attendre les r\u00e9sultats de cette enqu\u00eate avant de porter un jugement d\u00e9finitif\u00bb, a soulign\u00e9 le responsable allemand.\u00a0<br \/>L\u2019attaque, faut-il le rappeler, a suscit\u00e9 de virulentes r\u00e9actions de la communaut\u00e9 internationale, qui a suivi en direct sur les cha\u00eenes de t\u00e9l\u00e9vision et les smartphones les sc\u00e8nes terrifiantes d\u2019un premier tir de missile qui a cibl\u00e9 un journaliste, suivi d\u2019un deuxi\u00e8me, tir\u00e9 contre les secouristes qui tentaient de r\u00e9cup\u00e9rer le corps de la premi\u00e8re victime. L\u2019arm\u00e9e isra\u00e9lienne a affirm\u00e9 hier que, selon l\u2019enqu\u00eate qu\u2019elle aurait men\u00e9e, c\u2019est la sinistre brigade Golani, devenue c\u00e9l\u00e8bre pour ses actes g\u00e9nocidaires \u00e0 Ghaza, \u00abqui a tir\u00e9 sur l\u2019h\u00f4pital pour d\u00e9truire les cam\u00e9ras de surveillance qui suivaient ses mouvements\u00bb et pr\u00e9sent\u00e9 les six victimes comme \u00abdes terroristes, dont un a pris part \u00e0 l\u2019attaque du 7 octobre\u00bb.<br \/>A en croire cette arm\u00e9e, \u00abil reste quelques failles \u00e0 \u00e9lucider, dont l\u2019ordre de tirer, le type d\u2019armement et le moment de validation du tir\u00bb.\u00a0<br \/>Des affirmations formellement rejet\u00e9es par la Fondation Hind Rajab, une ONG internationale, bas\u00e9e en Belgique, qui traque \u00e0 travers le monde les soldats et officiers isra\u00e9liens ayant particip\u00e9 \u00e0 la guerre g\u00e9nocidaire, pour les poursuivre devant les tribunaux pour des crimes de guerre et contre l\u2019humanit\u00e9. La Fondation, qui porte le nom d\u2019une petite Palestinienne tu\u00e9e avec ses parents \u00e0 Ghaza, apr\u00e8s avoir \u00e9t\u00e9 assi\u00e9g\u00e9s par des chars, durant des heures, dans la voiture o\u00f9 toute la famille se trouvait bloqu\u00e9e, a d\u00e9clar\u00e9, dans un communiqu\u00e9 diffus\u00e9 hier, avoir fait appel \u00e0 des sp\u00e9cialistes qui ont analys\u00e9 \u00able missile guid\u00e9, tir\u00e9 sur une trajectoire directe depuis le Nord-Ouest. Ce qui est compatible avec les syst\u00e8mes de pr\u00e9cisions Spike NLOS\u00bb.\u00a0<br \/>Ces missiles, a-t-elle expliqu\u00e9, \u00absont de type \u2018\u2018Homme dans la boucle\u2019\u2019 : l\u2019op\u00e9rateur voit ou d\u00e9signe la cible avant l\u2019impact. L\u2019arm\u00e9e isra\u00e9lienne savait donc qu\u2019elle frappait des m\u00e9decins, des \u00e9quipes de la Protection civile et des journalistes\u00bb. En conclusion, a \u00e9crit, la Fondation, \u00abil s\u2019agissait d\u2019un double crime de guerre d\u00e9lib\u00e9r\u00e9 et non d\u2019un accident\u00bb, puis a annonc\u00e9\u00a0: \u00ables chercheurs de la Fondation finalisent un rapport technique d\u00e9taill\u00e9 sur cette attaque, qui sera inclus dans un prochain dossier juridique contre les responsables\u00bb.\u00a0<br \/>Pour sa part, Human Rights Watch (HRW), une ONG internationale de d\u00e9fense des droits de l\u2019homme, a d\u00e9clar\u00e9, dans un communiqu\u00e9 diffus\u00e9 hier, que \u00able personnel militaire am\u00e9ricain pourrait \u00eatre tenu responsable juridiquement pour avoir aid\u00e9 les forces isra\u00e9liennes qui commettent des crimes de guerre \u00e0 Ghaza\u00bb. Selon HRW, \u00abla participation directe des forces am\u00e9ricaines depuis octobre 2023, notamment la fourniture de renseignements et leur implication dans la coordination et la planification, fait des Etats-Unis une partie prenante du conflit entre Isra\u00ebl et les groupes arm\u00e9s palestiniens\u00bb.<\/p>\n<blockquote><p>Des raids a\u00e9riens et des attaques violentes de colons \u00e0 Ramallah<\/p>\n<p>Les r\u00e9actions \u00a0contre les attaques isra\u00e9liennes interviennent dans un contexte particulier marqu\u00e9 par une escalade terrifiante de la guerre g\u00e9nocidaire men\u00e9e par Isra\u00ebl \u00e0 Ghaza, mais aussi en Cisjordanie occup\u00e9e, o\u00f9 des raids a\u00e9riens ont cibl\u00e9 hier la ville de Ramallah, d\u00e9clenchant des heurts violents entre la population palestinienne et l\u2019arm\u00e9e d\u2019occupation. Selon l\u2019agence de presse palestinienne Wafa, au moins trois personnes ont \u00e9t\u00e9 arr\u00eat\u00e9es par l\u2019arm\u00e9e isra\u00e9lienne, apr\u00e8s une descente dans un bureau de change pour confisquer les fonds entrepos\u00e9s.<br \/>D\u2019autres m\u00e9dias palestiniens ont fait \u00e9tat aussi de nombreux Palestiniens bless\u00e9s lors d\u2019une attaque de colons dans un village des collines du sud d\u2019Al Khalil.<br \/>De nombreuses images et vid\u00e9os circulant sur les r\u00e9seaux sociaux montraient des colons attaquer des maisons et des voitures de Palestiniens et frapper avec des b\u00e2tons et des armes blanches les r\u00e9sidents du village. Selon les m\u00eames sources, les colons auraient \u00e9galement jet\u00e9 des pierres, asperg\u00e9 de gaz lacrymog\u00e8ne et bris\u00e9 des cam\u00e9ras de s\u00e9curit\u00e9, des vitres de voitures et des panneaux solaires dans la zone. De nombreux bless\u00e9s ont \u00e9t\u00e9 enregistr\u00e9s.\u00a0<br \/>Au m\u00eame moment, et apr\u00e8s deux heures de discussions, la r\u00e9union du cabinet de s\u00e9curit\u00e9 du Premier ministre a pris fin. Selon la presse locale, de nombreux ministres n\u2019y ont pas assist\u00e9. Selon le journal Ahronoth, \u00able cabinet n\u2019a pas discut\u00e9 sp\u00e9cifiquement l\u2019offensive contre la ville de Ghaza, qui a \u00e9t\u00e9 \u00e9voqu\u00e9e dans le cadre de la pr\u00e9sentation de la situation g\u00e9n\u00e9rale\u00bb, alors qu\u2019elle \u00e9tait au c\u0153ur m\u00eame de cette r\u00e9union. Dans la rue, les centaines de milliers de manifestants ont paralys\u00e9 Tel-Aviv et de nombreuses autres villes isra\u00e9liennes, en appelant \u00e0 un accord de cessez-le-feu en contrepartie de la lib\u00e9ration des otages et la fin de la guerre. Un climat d\u2019\u00e9meute a r\u00e9gn\u00e9 durant toute la journ\u00e9e \u00e0 Tel-Aviv, o\u00f9 des manifestants ont bloqu\u00e9 les grandes art\u00e8res de la ville et des autoroutes avec des pneus br\u00fbl\u00e9s.<br \/>Du c\u00f4t\u00e9 des n\u00e9gociations, aucune r\u00e9ponse n\u2019a \u00e9t\u00e9 donn\u00e9e par Isra\u00ebl \u00e0 l\u2019accord de cessez-le-feu de 60 jours, approuv\u00e9 par le Hamas depuis plus d\u2019une semaine. Le Qatar a d\u00e9nonc\u00e9 hier le fait que Tel-Aviv \u00abrefuse de r\u00e9pondre \u00e0 la proposition\u00bb et pr\u00e9cis\u00e9 : \u00abIsra\u00ebl, qui veut changer le lieu de rencontre pour les n\u00e9gociations, doit savoir qu\u2019il n\u2019aura pas de r\u00e9sultats positifs avec l\u2019escalade.\u00bb La r\u00e9ponse de Netanyahu ne s\u2019est pas fait attendre. \u00abNous sommes sur la route de la victoire \u00e0 Ghaza. La guerre a commenc\u00e9 \u00e0 Ghaza et se terminera \u00e0 Ghaza, nous ne laisserons pas le Hamas l\u00e0-bas. Il y a devant nous un avenir radieux.\u00bb Le Premier ministre semble encore attach\u00e9 \u00e0 l\u2019invasion militaire et l\u2019occupation de Ghaza, d\u00e9fiant toute la communaut\u00e9 internationale qui exige la fin de la guerre.<strong> S. T.<\/strong><\/p>\n<\/blockquote>\n","protected":false},"excerpt":{"rendered":"Pendant qu\u2019Isra\u00ebl poursuit sa guerre g\u00e9nocidaire \u00e0 Ghaza et se pr\u00e9pare \u00e0 lancer une invasion militaire de la&hellip;\n","protected":false},"author":2,"featured_media":349281,"comment_status":"","ping_status":"","sticky":false,"template":"","format":"standard","meta":{"footnotes":""},"categories":[1586],"tags":[11,1777,674,1779,1011,27,12,25,1778,364],"class_list":{"0":"post-349280","1":"post","2":"type-post","3":"status-publish","4":"format-standard","5":"has-post-thumbnail","7":"category-europe","8":"tag-actualites","9":"tag-eu","10":"tag-europe","11":"tag-european-union","12":"tag-fr","13":"tag-france","14":"tag-news","15":"tag-republique-francaise","16":"tag-ue","17":"tag-union-europeenne"},"share_on_mastodon":{"url":"https:\/\/pubeurope.com\/@fr\/115104743628844922","error":""},"_links":{"self":[{"href":"https:\/\/www.europesays.com\/fr\/wp-json\/wp\/v2\/posts\/349280","targetHints":{"allow":["GET"]}}],"collection":[{"href":"https:\/\/www.europesays.com\/fr\/wp-json\/wp\/v2\/posts"}],"about":[{"href":"https:\/\/www.europesays.com\/fr\/wp-json\/wp\/v2\/types\/post"}],"author":[{"embeddable":true,"href":"https:\/\/www.europesays.com\/fr\/wp-json\/wp\/v2\/users\/2"}],"replies":[{"embeddable":true,"href":"https:\/\/www.europesays.com\/fr\/wp-json\/wp\/v2\/comments?post=349280"}],"version-history":[{"count":0,"href":"https:\/\/www.europesays.com\/fr\/wp-json\/wp\/v2\/posts\/349280\/revisions"}],"wp:featuredmedia":[{"embeddable":true,"href":"https:\/\/www.europesays.com\/fr\/wp-json\/wp\/v2\/media\/349281"}],"wp:attachment":[{"href":"https:\/\/www.europesays.com\/fr\/wp-json\/wp\/v2\/media?parent=349280"}],"wp:term":[{"taxonomy":"category","embeddable":true,"href":"https:\/\/www.europesays.com\/fr\/wp-json\/wp\/v2\/categories?post=349280"},{"taxonomy":"post_tag","embeddable":true,"href":"https:\/\/www.europesays.com\/fr\/wp-json\/wp\/v2\/tags?post=349280"}],"curies":[{"name":"wp","href":"https:\/\/api.w.org\/{rel}","templated":true}]}}