{"id":349284,"date":"2025-08-28T05:30:27","date_gmt":"2025-08-28T05:30:27","guid":{"rendered":"https:\/\/www.europesays.com\/fr\/349284\/"},"modified":"2025-08-28T05:30:27","modified_gmt":"2025-08-28T05:30:27","slug":"hamed-traore-en-passe-de-devenir-olympien","status":"publish","type":"post","link":"https:\/\/www.europesays.com\/fr\/349284\/","title":{"rendered":"Hamed Traor\u00e9 en passe de devenir olympien"},"content":{"rendered":"<p>S&rsquo;il n&rsquo;est pas un milieu de terrain cr\u00e9atif comme l&rsquo;Espagnol du Real, l&rsquo;ailier international ivoirien (10 s\u00e9lections, 2 buts) vient \u00e9toffer le secteur offensif, notamment le couloir gauche, orphelin de Jonathan Rowe, fra\u00eechement c\u00e9d\u00e9 \u00e0 Bologne, et, pour l&rsquo;instant, d&rsquo;Igor Paixao, recrue la plus on\u00e9reuse de l&rsquo;\u00e9t\u00e9 (35M bonus compris) encore \u00e0 l&rsquo;infirmerie.<\/p>\n<p>Un contrat de cinq ans l&rsquo;attend<\/p>\n<p>Les dirigeants marseillais ont, en effet, trouv\u00e9 un terrain d&rsquo;entente avec Bournemouth et le joueur ce mercredi. S&rsquo;il reste encore quelques d\u00e9tails \u00e0 r\u00e9gler avant que l&rsquo;ancien Auxerrois (il a \u00e9t\u00e9 pr\u00eat\u00e9 \u00e0 l&rsquo;AJA la saison pass\u00e9e, o\u00f9 il a \u00e9t\u00e9 l&rsquo;une des attractions de la L1) ne s&rsquo;engage pour cinq ans en Provence, les m\u00e9dias outre-Manche \u00e9voquent d\u00e9j\u00e0 un accord autour de 7,5 millions d&rsquo;euros contre 50% des droits du joueur (comprenez que la moiti\u00e9 d&rsquo;un futur transfert reviendra aux Cherries).<\/p>\n<p>Si tout se passe bien, et sauf improbable retournement de situation (coucou Dani Ceballos), Hamed Junior Traor\u00e9, qui a d\u00e9j\u00e0 disput\u00e9 une rencontre de Premier League cette saison (contre Liverpool) avec une passe d\u00e9cisive \u00e0 la clef, pourrait m\u00eame \u00eatre qualifi\u00e9 pour le d\u00e9placement \u00e0 Lyon, ce dimanche soir.<\/p>\n","protected":false},"excerpt":{"rendered":"S&rsquo;il n&rsquo;est pas un milieu de terrain cr\u00e9atif comme l&rsquo;Espagnol du Real, l&rsquo;ailier international ivoirien (10 s\u00e9lections, 2&hellip;\n","protected":false},"author":2,"featured_media":349285,"comment_status":"","ping_status":"","sticky":false,"template":"","format":"standard","meta":{"footnotes":""},"categories":[2],"tags":[17,11,8300,1011,27,48580,1434,12,11147,149,5242,25,48581],"class_list":{"0":"post-349284","1":"post","2":"type-post","3":"status-publish","4":"format-standard","5":"has-post-thumbnail","7":"category-actualites","8":"tag-17","9":"tag-actualites","10":"tag-devenir","11":"tag-fr","12":"tag-france","13":"tag-hamed","14":"tag-mercato","15":"tag-news","16":"tag-olympien","17":"tag-om","18":"tag-passe","19":"tag-republique-francaise","20":"tag-traore"},"share_on_mastodon":{"url":"https:\/\/pubeurope.com\/@fr\/115104751578998832","error":""},"_links":{"self":[{"href":"https:\/\/www.europesays.com\/fr\/wp-json\/wp\/v2\/posts\/349284","targetHints":{"allow":["GET"]}}],"collection":[{"href":"https:\/\/www.europesays.com\/fr\/wp-json\/wp\/v2\/posts"}],"about":[{"href":"https:\/\/www.europesays.com\/fr\/wp-json\/wp\/v2\/types\/post"}],"author":[{"embeddable":true,"href":"https:\/\/www.europesays.com\/fr\/wp-json\/wp\/v2\/users\/2"}],"replies":[{"embeddable":true,"href":"https:\/\/www.europesays.com\/fr\/wp-json\/wp\/v2\/comments?post=349284"}],"version-history":[{"count":0,"href":"https:\/\/www.europesays.com\/fr\/wp-json\/wp\/v2\/posts\/349284\/revisions"}],"wp:featuredmedia":[{"embeddable":true,"href":"https:\/\/www.europesays.com\/fr\/wp-json\/wp\/v2\/media\/349285"}],"wp:attachment":[{"href":"https:\/\/www.europesays.com\/fr\/wp-json\/wp\/v2\/media?parent=349284"}],"wp:term":[{"taxonomy":"category","embeddable":true,"href":"https:\/\/www.europesays.com\/fr\/wp-json\/wp\/v2\/categories?post=349284"},{"taxonomy":"post_tag","embeddable":true,"href":"https:\/\/www.europesays.com\/fr\/wp-json\/wp\/v2\/tags?post=349284"}],"curies":[{"name":"wp","href":"https:\/\/api.w.org\/{rel}","templated":true}]}}