{"id":349288,"date":"2025-08-28T05:34:11","date_gmt":"2025-08-28T05:34:11","guid":{"rendered":"https:\/\/www.europesays.com\/fr\/349288\/"},"modified":"2025-08-28T05:34:11","modified_gmt":"2025-08-28T05:34:11","slug":"cest-grace-aux-joueurs-etrangers-que-le-top-14-et-lequipe-de-france-gagnent-aujourdhui-boudjellal-revient-sur-30-ans-de-rugby-professionnel","status":"publish","type":"post","link":"https:\/\/www.europesays.com\/fr\/349288\/","title":{"rendered":"\u00abC\u2019est gr\u00e2ce aux joueurs \u00e9trangers que le Top 14 et l\u2019\u00e9quipe de France gagnent aujourd\u2019hui\u00bb, Boudjellal revient sur 30 ans de rugby professionnel"},"content":{"rendered":"<p>L\u2019ancien pr\u00e9sident du RC Toulon, qui a boulevers\u00e9 les us et coutumes du championnat de France, revient sur ses ann\u00e9es rugby et sugg\u00e8re quelques id\u00e9es pour l\u2019avenir.<\/p>\n<p class=\"fig-paragraph\">Cinq ans loin du ballon ovale. En f\u00e9vrier 2020,\u00a0<a href=\"http:\/\/www.lefigaro.fr\/sports\/rugby\/top-14\/bernard-lemaitre-il-vaut-mieux-avoir-les-poches-profondes-pour-gerer-le-rct-20240510\" data-fig-type=\"Article\" data-gtm-custom-categorie=\"navigation\" data-gtm-custom-action=\"crossclick\" data-gtm-custom-label=\"Contextuel\" data-gtm-event=\"customEventSPE\" data-fig-domain=\"LEFIGARO\" target=\"_blank\" rel=\"noopener\">Bernard Lema\u00eetre<\/a>\u00a0a officiellement remplac\u00e9\u00a0<a href=\"http:\/\/www.lefigaro.fr\/bd\/mourad-boudjellal-poursuit-l-aventure-de-l-edition-de-bd-avec-madrigall-20230110\" data-fig-type=\"NewsFlash\" data-gtm-custom-categorie=\"navigation\" data-gtm-custom-action=\"crossclick\" data-gtm-custom-label=\"Contextuel\" data-gtm-event=\"customEventSPE\" data-fig-domain=\"LEFIGARO\" target=\"_blank\" rel=\"noopener\">Mourad Boudjellal<\/a>\u00a0\u00e0 la t\u00eate du club du Rugby Club Toulon. Pr\u00e9sident du club varois pendant 14 ans, ce magnat de l\u2019\u00e9dition venu de la bande dessin\u00e9e (fondateur des \u00c9ditions Soleil) a dynamit\u00e9 la plan\u00e8te ovale, \u00e0 grands coups de signatures de stars (Tana Umaga,\u00a0<a href=\"http:\/\/www.lefigaro.fr\/sports\/rugby\/coupe-du-monde\/wilkinson-sbw-botha-trois-champions-du-monde-jugent-le-xv-de-france-20230907\" data-fig-type=\"Article\" data-gtm-custom-categorie=\"navigation\" data-gtm-custom-action=\"crossclick\" data-gtm-custom-label=\"Contextuel\" data-gtm-event=\"customEventSPE\" data-fig-domain=\"LEFIGARO\" target=\"_blank\" rel=\"noopener\">Jonny Wilkinson, Sonny Bill Williams, Bakkies Botha<\/a>, Matt Giteau, Ma\u2019a Nonu) avec\u00a0<a href=\"https:\/\/www.lefigaro.fr\/sport\/2012\/06\/07\/02001-20120607ARTFIG00758-toulon-boudjellal-de-l-enfer-au-paradis.php\" data-fig-type=\"Article\" data-gtm-custom-categorie=\"navigation\" data-gtm-custom-action=\"crossclick\" data-gtm-custom-label=\"Contextuel\" data-gtm-event=\"customEventSPE\" data-fig-domain=\"LEFIGARO\" target=\"_blank\" rel=\"noopener\">une communication d\u00e9capante<\/a>\u00a0dans un milieu jusque-l\u00e0 feutr\u00e9, qui lui avait valu quelques semaines de suspension. Durant sa pr\u00e9sidence, le club varois a soulev\u00e9 un bouclier de Brennus en 2014 et r\u00e9alis\u00e9 un tripl\u00e9 europ\u00e9en entre 2013 et 2015, ce qu\u2019aucune autre \u00e9quipe n\u2019a fait. Pour Le Figaro, il a accept\u00e9 d\u2019\u00e9voquer les 30 ans de la professionnalisation du rugby, un sport qu\u2019il a profond\u00e9ment fait \u00e9voluer.<\/p>\n<p class=\"fig-paragraph\"><strong>Le rugby est pass\u00e9 professionnel il y a trente ans. Quel regard portez-vous sur l\u2019\u00e9volution de ce sport\u00a0? Est-ce, selon vous, un beau trentenaire\u00a0?\u00a0<\/strong><br \/><strong>Mourad\u2026<\/strong><\/p>\n<p class=\"fig-premium-paywall__infos\">\n        Cet article est r\u00e9serv\u00e9 aux abonn\u00e9s.        Il vous reste 92% \u00e0 d\u00e9couvrir.\n    <\/p>\n<p>                <img  data- alt=\"Le Figaro\" class=\"fig-img--complete fig-img\"\/><\/p>\n<p class=\"fig-premium-paywall__title\">Vente Flash<\/p>\n<p class=\"fig-premium-paywall__subtitle\">4,99\u20ac par mois pendant 12 mois. Sans engagement<\/p>\n<p class=\"fig-premium-paywall__connect\">\n                D\u00e9j\u00e0 abonn\u00e9\u00a0?                <a class=\"fig-premium-paywall__connect-link\" href=\"https:\/\/connect.lefigaro.fr\/login?client=horizon_web&amp;type=main&amp;redirect_uri=https%3A%2F%2Fwww.lefigaro.fr%2Fsports%2Frugby%2Frugby-c-est-grace-aux-joueurs-etrangers-que-le-top-14-et-l-equipe-de-france-gagnent-aujourd-hui-boudjellal-revient-sur-30-ans-de-rugby-professionnel-20250828\" data-js-gtm=\"{&quot;customCategorie&quot;: &quot;conversion&quot;, &quot;customAction&quot;: &quot;before_Landing_Connexion_paywall_auto&quot;, &quot;customLabel&quot;: &quot;bGVmaWdhcm8uZnJfXzFmMDgzNjQ0LWUwNTAtNjdlNC04ODBmLTQxNDMzZjUyZDJkZl9fTmV3c0ZsYXNo_Rugby\u00a0: \u00abC\u2019est gr\u00e2ce aux joueurs \u00e9trangers que le Top 14 et l\u2019\u00e9quipe de France gagnent aujourd\u2019hui\u00bb, Boudjellal revient sur 30 ans de rugby professionnel_160&quot;, &quot;customIDSPE&quot;: &quot;bGVmaWdhcm8uZnJfXzFmMDgzNjQ0LWUwNTAtNjdlNC04ODBmLTQxNDMzZjUyZDJkZl9fTmV3c0ZsYXNo&quot;, &quot;event&quot;: &quot;customEventSPE&quot;}\" target=\"_blank\" rel=\"noopener\"><br \/>\n                    Connectez-vous<br \/>\n                <\/a>\n            <\/p>\n","protected":false},"excerpt":{"rendered":"L\u2019ancien pr\u00e9sident du RC Toulon, qui a boulevers\u00e9 les us et coutumes du championnat de France, revient sur&hellip;\n","protected":false},"author":2,"featured_media":349289,"comment_status":"","ping_status":"","sticky":false,"template":"","format":"standard","meta":{"footnotes":""},"categories":[1416],"tags":[1011,27,48582,3461,479,10405,1468,60],"class_list":{"0":"post-349288","1":"post","2":"type-post","3":"status-publish","4":"format-standard","5":"has-post-thumbnail","7":"category-rugby","8":"tag-fr","9":"tag-france","10":"tag-mourad-boudjellal","11":"tag-rct","12":"tag-rugby","13":"tag-rugby-club-toulonnais","14":"tag-rugby-football","15":"tag-sports"},"share_on_mastodon":{"url":"https:\/\/pubeurope.com\/@fr\/115104767264297938","error":""},"_links":{"self":[{"href":"https:\/\/www.europesays.com\/fr\/wp-json\/wp\/v2\/posts\/349288","targetHints":{"allow":["GET"]}}],"collection":[{"href":"https:\/\/www.europesays.com\/fr\/wp-json\/wp\/v2\/posts"}],"about":[{"href":"https:\/\/www.europesays.com\/fr\/wp-json\/wp\/v2\/types\/post"}],"author":[{"embeddable":true,"href":"https:\/\/www.europesays.com\/fr\/wp-json\/wp\/v2\/users\/2"}],"replies":[{"embeddable":true,"href":"https:\/\/www.europesays.com\/fr\/wp-json\/wp\/v2\/comments?post=349288"}],"version-history":[{"count":0,"href":"https:\/\/www.europesays.com\/fr\/wp-json\/wp\/v2\/posts\/349288\/revisions"}],"wp:featuredmedia":[{"embeddable":true,"href":"https:\/\/www.europesays.com\/fr\/wp-json\/wp\/v2\/media\/349289"}],"wp:attachment":[{"href":"https:\/\/www.europesays.com\/fr\/wp-json\/wp\/v2\/media?parent=349288"}],"wp:term":[{"taxonomy":"category","embeddable":true,"href":"https:\/\/www.europesays.com\/fr\/wp-json\/wp\/v2\/categories?post=349288"},{"taxonomy":"post_tag","embeddable":true,"href":"https:\/\/www.europesays.com\/fr\/wp-json\/wp\/v2\/tags?post=349288"}],"curies":[{"name":"wp","href":"https:\/\/api.w.org\/{rel}","templated":true}]}}