{"id":349290,"date":"2025-08-28T05:35:11","date_gmt":"2025-08-28T05:35:11","guid":{"rendered":"https:\/\/www.europesays.com\/fr\/349290\/"},"modified":"2025-08-28T05:35:11","modified_gmt":"2025-08-28T05:35:11","slug":"les-francais-en-verve-avec-lexploit-de-blanchet-et-les-qualifications-de-bonzi-riderknech-et-mannarino","status":"publish","type":"post","link":"https:\/\/www.europesays.com\/fr\/349290\/","title":{"rendered":"les Fran\u00e7ais en verve avec l\u2019exploit de Blanchet et les qualifications de Bonzi, Riderknech et Mannarino"},"content":{"rendered":"<p>                          <img loading=\"lazy\" decoding=\"async\" src=\"https:\/\/www.europesays.com\/fr\/wp-content\/uploads\/2025\/08\/8a707a1_ftp-import-images-1-dgjb5rhjehkg-21565c8bfc08415bb3221ab59a711839-0-ab4a7b27a3ba46c7a26161a9.jpeg\" alt=\"Le Fran\u00e7ais Ugo Blanchet au service face \u00e0 Jakub Mensik, au deuxi\u00e8me tour de l\u2019US Open, \u00e0 New York, le 27\u00a0ao\u00fbt\u00a02025.\"   width=\"664\" height=\"443\"\/>    Le Fran\u00e7ais Ugo Blanchet au service face \u00e0 Jakub Mensik, au deuxi\u00e8me tour de l\u2019US Open, \u00e0 New York, le 27\u00a0ao\u00fbt\u00a02025.  SETH WENIG \/ AP                          <\/p>\n<p class=\"article__paragraph  \">Ugo Blanchet, issu des qualifications, a cr\u00e9\u00e9 la sensation \u00e0 l\u2019US Open de tennis, mercredi 27\u00a0ao\u00fbt, en \u00e9liminant au deuxi\u00e8me tour la t\u00eate de s\u00e9rie num\u00e9ro\u00a016, le Tch\u00e8que Jakub Mensik, en cinq sets. Il est la t\u00eate de gondole d\u2019une journ\u00e9e parfaite pour les joueurs fran\u00e7ais \u00e0 New York o\u00f9 se sont \u00e9galement impos\u00e9s Benjamin Bonzi, Arthur Rinderknech et Adrian Mannarino.<\/p>\n<p class=\"article__paragraph  \">Ugot Blanchet, 184e mondial, vient d\u2019encha\u00eener, coup sur coup, ses deux premiers succ\u00e8s dans le tableau final d\u2019un Grand Chelem, \u00e0 26\u00a0ans, apr\u00e8s sa victoire au premier tour face au Hongrois Fabian Marozsan (53e). Blanchet avait montr\u00e9 de premiers signes d\u2019\u00e9closion \u00e0 Roland-Garros, o\u00f9 il avait pouss\u00e9, au premier tour, son compatriote Hugo Gaston au cinqui\u00e8me set. Mercredi, dans une ambiance de feu sur un court annexe, il a de nouveau entra\u00een\u00e9 son adversaire au bout du suspense, mais avec, cette fois, une issue favorable (6-7 [7\/2], 7-6 [7\/5], 3-6, 6-4, 7-6 [10\/7]).<\/p>\n<p class=\"article__paragraph  \">\u00ab\u00a0Je pense qu\u2019on r\u00eave tous de jouer des matchs comme \u00e7a quand on commence le tennis\u00a0\u00bb, a savour\u00e9 le vainqueur. Il lui a fallu passer au travers du d\u00e9luge d\u2019aces (29) inflig\u00e9s par Mensik, grand gabarit de 1,96\u00a0m, qui a aussi pilonn\u00e9 le fran\u00e7ais de son coup droit percutant. Devant cette figure du circuit, le Fran\u00e7ais a fait preuve d\u2019un cran saisissant, l\u00e2chant ses coups sous les vivats d\u2019un contingent tricolore bruyant. Pour att\u00e9nuer la puissance de Mensik, Ugo Blanchet a beaucoup us\u00e9 du revers slic\u00e9, qui a cass\u00e9 le rythme du Tch\u00e8que. Le Lyonnais d\u2019adoption a aussi \u00e9t\u00e9 chercher les points au filet, avec une r\u00e9ussite insolente (35 points sur 42 mont\u00e9es).<\/p>\n<p class=\"article__paragraph  \">Au troisi\u00e8me tour, il affrontera un autre Tch\u00e8que, \u00e9galement t\u00eate de s\u00e9rie (21e), Tomas Machac, vainqueur mercredi du jeune espoir br\u00e9silien Joao Fonseca.<\/p>\n<p>                                       Lire aussi |  <a href=\"https:\/\/www.lemonde.fr\/sport\/article\/2025\/08\/26\/lois-boisson-s-incline-au-premier-tour-de-l-us-open_6635789_3242.html\" class=\"js-article-read-also catcher--favoris__link\" data-premium=\"\" id=\"article-title-3435571\" rel=\"nofollow noopener\" target=\"_blank\">Lo\u00efs Boisson s\u2019incline au premier tour de l\u2019US Open<\/a>    <\/p>\n<p>   Lire plus tard  <\/p>\n<p>                          Les Fran\u00e7ais friands de matchs en cinq sets                    <\/p>\n<p class=\"article__paragraph  \">Premier Fran\u00e7ais sur le court mercredi, Benjamin Bonzi (51e) a mis du temps \u00e0 rentrer dans son match contre Marcos Giron (55e), sans doute encore marqu\u00e9 par sa victoire \u00e9pique contre l\u2019ex-num\u00e9ro\u00a01\u00a0mondial Daniil Medvedev au tour pr\u00e9c\u00e9dent. Repouss\u00e9 loin derri\u00e8re sa ligne de fond par les frappes puissantes de l\u2019Am\u00e9ricain, le droitier de 29\u00a0ans a fini par r\u00e9ussir \u00e0 faire d\u00e9jouer son adversaire dans le troisi\u00e8me set, alors qu\u2019il \u00e9tait quasiment dos au mur. Le match a progressivement bascul\u00e9 en sa faveur pour se conclure sur une victoire en cinq manches (2-6, 4-6, 7-5, 6-3, 6-4) au bout d\u2019une bagarre de trois heures quarante.<\/p>\n<p class=\"article__paragraph  \">\u00ab\u00a0J\u2019ai vu dans le troisi\u00e8me qu\u2019il commen\u00e7ait \u00e0 \u00eatre un peu touch\u00e9, donc j\u2019ai essay\u00e9 de m\u2019accrocher au maximum, et je m\u2019en sors en cinq sets\u2026 encore un sacr\u00e9 rebondissement\u00a0!\u00a0\u00bb, a appr\u00e9ci\u00e9 Benjamin Bonzi, qui tentera, vendredi, de se hisser pour la premi\u00e8re fois de sa carri\u00e8re en huiti\u00e8mes de finale \u00e0 l\u2019US Open, contre son compatriote Arthur Rinderknech (82e), tombeur de la 18e t\u00eate de s\u00e9rie, Alejandro Davidovich Fokina.<\/p>\n<p>                                       Lire aussi |  <a href=\"https:\/\/www.lemonde.fr\/sport\/article\/2025\/08\/25\/a-l-us-open-benjamin-bonzi-s-impose-contre-daniil-medvedev-au-terme-d-un-match-au-scenario-cocasse_6634792_3242.html\" class=\"js-article-read-also catcher--favoris__link\" data-premium=\"\" id=\"article-title-3435315\" rel=\"nofollow noopener\" target=\"_blank\">A l\u2019US Open, Benjamin Bonzi s\u2019impose contre Daniil Medvedev au premier tour au terme d\u2019un match au sc\u00e9nario cocasse<\/a>    <\/p>\n<p>   Lire plus tard  <\/p>\n<p class=\"article__paragraph  \">Comme Blanchet et Bonzi, le Fran\u00e7ais (82e) a eu besoin de cinq manches pour s\u2019en sortir (6-4, 3-6, 2-6, 6-2, 6-3). \u00ab\u00a0C\u2019\u00e9tait tr\u00e8s cool de gagner celui-l\u00e0, surtout contre un joueur comme \u00e7a, qui n\u2019est pas facile \u00e0 battre, qui est bien accrocheur, qui ne l\u00e2che pas grand-chose, qui est en forme cette ann\u00e9e\u00a0\u00bb, s\u2019est f\u00e9licit\u00e9 Rinderknech, m\u00eame si \u00ab\u00a0tout n\u2019\u00e9tait pas parfait\u00a0\u00bb.<\/p>\n<p>                    Sabalenka \u00e9vite le pi\u00e8ge                    <\/p>\n<p class=\"article__paragraph  \">Dernier Fran\u00e7ais \u00e0 disputer son deuxi\u00e8me tour mercredi dans le tableau masculin, Adrian Mannarino (77e) est parvenu \u00e0 se d\u00e9faire en quatre sets de l\u2019Australien Jordan Thompson (58e), sur le score de 6-4, 6-7 (7\/5), 6-3, 6-3.<\/p>\n<p> Newsletter  <\/p>\n<p> <a href=\"https:\/\/www.lemonde.fr\/newsletters\/sport\/\" class=\"inread__link js-services-inread-link\" target=\"_blank\" rel=\"nofollow noopener\">  <\/p>\n<p>\u00ab Sport \u00bb<\/p>\n<p>Enqu\u00eates, reportages, analyses : l&rsquo;actualit\u00e9 du sport dans votre bo\u00eete e-mail chaque samedi<\/p>\n<p>S&rsquo;inscrire<\/p>\n<p> <\/a>          <\/p>\n<p> Le Monde Guides d\u2019achat  <\/p>\n<p> <a href=\"https:\/\/www.lemonde.fr\/guides-d-achat\/article\/2018\/06\/30\/les-meilleurs-antivols-pour-attacher-son-velo_5323670_5306571.html\" class=\"inread__link js-services-inread-link\" target=\"_blank\" rel=\"nofollow noopener\">  <\/p>\n<p>Cadenas de v\u00e9lo<\/p>\n<p>Les meilleurs cadenas de v\u00e9lo<\/p>\n<p>Lire<\/p>\n<p> <\/a>      <\/p>\n<p> Newsletter  <\/p>\n<p> <a href=\"https:\/\/www.lemonde.fr\/newsletters\/sport\/\" class=\"inread__link js-services-inread-link\" target=\"_blank\" rel=\"nofollow noopener\">  <\/p>\n<p>\u00ab Sport \u00bb<\/p>\n<p>Enqu\u00eates, reportages, analyses : l&rsquo;actualit\u00e9 du sport dans votre bo\u00eete e-mail chaque samedi<\/p>\n<p>S&rsquo;inscrire<\/p>\n<p> <\/a>             <\/p>\n<p class=\"article__paragraph  \">L\u2019unique d\u00e9ception du jour, c\u00f4t\u00e9 tricolore, est venue d\u2019Elsa Jacquemot, qui s\u2019est inclin\u00e9e face \u00e0 la Canadienne Leylah Fernandez (30e), finaliste \u00e0 New York en\u00a02021, apr\u00e8s avoir pourtant remport\u00e9 la premi\u00e8re manche (2-6, 6-3, 6-2). La Fran\u00e7aise manque ainsi l\u2019occasion de se mesurer \u00e0 la tenante du titre, la num\u00e9ro\u00a01\u00a0mondiale, Aryna Sabalenka.<\/p>\n<p class=\"article__paragraph  \">Bouscul\u00e9e dans le premier set par la Russe Polina Kudermetova (67e), la Bi\u00e9lorusse a ma\u00eetris\u00e9 le tie-break avant de breaker son adversaire en d\u00e9but de deuxi\u00e8me manche pour l\u2019emporter finalement 7-6 (7\/4), 6-2.<\/p>\n<p>                                       Lire aussi |  Article r\u00e9serv\u00e9 \u00e0 nos abonn\u00e9s  <a href=\"https:\/\/www.lemonde.fr\/sport\/article\/2025\/08\/19\/l-us-open-associe-les-stars-du-tennis-pour-raviver-l-interet-du-double-mixte-mais-indigne-les-specialistes_6631908_3242.html\" class=\"js-article-read-also catcher--favoris__link\" data-premium=\"1\" id=\"article-title-3432851\" rel=\"nofollow noopener\" target=\"_blank\">L\u2019US Open associe les stars du tennis pour raviver l\u2019int\u00e9r\u00eat du double mixte, mais indigne les sp\u00e9cialistes<\/a>    <\/p>\n<p>   Lire plus tard  <\/p>\n<p>                          Alcarez version express                    <\/p>\n<p class=\"article__paragraph  \">Parmi les favoris du tableau masculin, l\u2019Espagnol Carlos Alcaraz n\u2019a pas fait de quartier, mercredi. D\u00e9j\u00e0 vainqueur en trois sets au premier tour, le num\u00e9ro\u00a02\u00a0mondial a \u00e9t\u00e9 encore plus rapide face \u00e0 l\u2019Italien Mattia Bellucci (65e), balay\u00e9 6-1, 6-0, 6-3 en une heure trente-six. \u00ab\u00a0Le moins de temps je passe sur le court, le mieux c\u2019est pour moi\u00a0\u00bb, a d\u00e9clar\u00e9 le laur\u00e9at de Roland-Garros \u00e0 l\u2019issue de son match. Si l\u2019Espagnol remporte l\u2019\u00e9preuve new-yorkaise ou fait au moins aussi bien que Jannik Sinner, il reprendra \u00e0 l\u2019Italien la couronne de num\u00e9ro\u00a01\u00a0mondial.<\/p>\n<p class=\"article__paragraph  \">Quatre fois titr\u00e9 \u00e0 l\u2019US Open, le Serbe Novak Djokovic a gagn\u00e9 sans convaincre, 6-7 (7\/5), 6-3, 6-1, 6-1, face \u00e0 l\u2019Am\u00e9rican Zachary Svajda, 145e joueur mondial, sorti des qualifications. Totalement d\u00e9complex\u00e9 face \u00e0 une l\u00e9gende du tennis, le Californien a laiss\u00e9 parler sa fougue et son service, faisant jeu \u00e9gal au premier set, remport\u00e9 au tie-break, avant de s\u2019incliner. \u00ab\u00a0Je ne suis pas satisfait du niveau de mon tennis\u00a0\u00bb, a comment\u00e9 l\u2019ancien num\u00e9ro\u00a01\u00a0mondial en conf\u00e9rence de presse.<\/p>\n<p class=\"article__paragraph  \">Si Djokovic s\u2019en est sorti, tout comme l\u2019Am\u00e9ricain Taylor Fritz (num\u00e9ro\u00a04), des t\u00eates de s\u00e9rie ont quitt\u00e9 pr\u00e9matur\u00e9ment le tournoi mercredi, notamment Casper Ruud (num\u00e9ro\u00a012). Le Norv\u00e9gien a \u00e9chou\u00e9 au cinqui\u00e8me set devant l\u2019\u00e9tonnant Belge Rapha\u00ebl Collignon (107e\u00a0mondial), dont le compteur n\u2019affichait jusqu\u2019ici qu\u2019une seule victoire sur le circuit principal en\u00a02025.<\/p>\n<p class=\"article__paragraph  \">Egalement sorti du tableau masculin, mais sans jouer, lui, le Britannique Jack Draper (num\u00e9ro\u00a05), forfait pour cause de blessure au bras gauche.<\/p>\n<p class=\"author__detail\">  Le Monde avec AFP  <\/p>\n<p>                  <a href=\"https:\/\/www.lemonde.fr\/syndication\/\" class=\"reuse__content\" title=\"R\u00e9utiliser ce contenu\" target=\"_blank\" rel=\"nofollow noopener\">R\u00e9utiliser ce contenu<\/a>      <\/p>\n","protected":false},"excerpt":{"rendered":"Le Fran\u00e7ais Ugo Blanchet au service face \u00e0 Jakub Mensik, au deuxi\u00e8me tour de l\u2019US Open, \u00e0 New&hellip;\n","protected":false},"author":2,"featured_media":349291,"comment_status":"","ping_status":"","sticky":false,"template":"","format":"standard","meta":{"footnotes":""},"categories":[1415],"tags":[1011,27,60,1467],"class_list":{"0":"post-349290","1":"post","2":"type-post","3":"status-publish","4":"format-standard","5":"has-post-thumbnail","7":"category-tennis","8":"tag-fr","9":"tag-france","10":"tag-sports","11":"tag-tennis"},"share_on_mastodon":{"url":"https:\/\/pubeurope.com\/@fr\/115104771144536315","error":""},"_links":{"self":[{"href":"https:\/\/www.europesays.com\/fr\/wp-json\/wp\/v2\/posts\/349290","targetHints":{"allow":["GET"]}}],"collection":[{"href":"https:\/\/www.europesays.com\/fr\/wp-json\/wp\/v2\/posts"}],"about":[{"href":"https:\/\/www.europesays.com\/fr\/wp-json\/wp\/v2\/types\/post"}],"author":[{"embeddable":true,"href":"https:\/\/www.europesays.com\/fr\/wp-json\/wp\/v2\/users\/2"}],"replies":[{"embeddable":true,"href":"https:\/\/www.europesays.com\/fr\/wp-json\/wp\/v2\/comments?post=349290"}],"version-history":[{"count":0,"href":"https:\/\/www.europesays.com\/fr\/wp-json\/wp\/v2\/posts\/349290\/revisions"}],"wp:featuredmedia":[{"embeddable":true,"href":"https:\/\/www.europesays.com\/fr\/wp-json\/wp\/v2\/media\/349291"}],"wp:attachment":[{"href":"https:\/\/www.europesays.com\/fr\/wp-json\/wp\/v2\/media?parent=349290"}],"wp:term":[{"taxonomy":"category","embeddable":true,"href":"https:\/\/www.europesays.com\/fr\/wp-json\/wp\/v2\/categories?post=349290"},{"taxonomy":"post_tag","embeddable":true,"href":"https:\/\/www.europesays.com\/fr\/wp-json\/wp\/v2\/tags?post=349290"}],"curies":[{"name":"wp","href":"https:\/\/api.w.org\/{rel}","templated":true}]}}