{"id":349292,"date":"2025-08-28T05:37:21","date_gmt":"2025-08-28T05:37:21","guid":{"rendered":"https:\/\/www.europesays.com\/fr\/349292\/"},"modified":"2025-08-28T05:37:21","modified_gmt":"2025-08-28T05:37:21","slug":"moto-blesse-le-champion-du-monde-jorge-martin-manquera-le-premier-grand-prix-de-la-saison","status":"publish","type":"post","link":"https:\/\/www.europesays.com\/fr\/349292\/","title":{"rendered":"Moto. Bless\u00e9, le champion du monde Jorge Martin manquera le premier Grand Prix de la saison"},"content":{"rendered":"<p>Ce contenu est bloqu\u00e9 car vous n&rsquo;avez pas accept\u00e9 les cookies et autres traceurs.<\/p>\n<p>En cliquant sur \u00ab J\u2019accepte \u00bb, les cookies et autres traceurs seront d\u00e9pos\u00e9s et vous pourrez visualiser les contenus  (<a href=\"\" class=\"consentModule_policy\" target=\"_blank\" title=\"Consulter la politique de protection des donn\u00e9es du fournisseur\">plus d&rsquo;informations<\/a>).<\/p>\n<p>En cliquant sur \u00ab J\u2019accepte tous les cookies \u00bb, vous autorisez des d\u00e9p\u00f4ts de cookies et autres traceurs pour le stockage de vos donn\u00e9es sur nos sites et applications \u00e0 des fins de personnalisation et de ciblage publicitaire.<\/p>\n<p class=\"consentModule_secondaryText\">Vous gardez la possibilit\u00e9 de retirer votre consentement \u00e0 tout moment en consultant notre <a href=\"https:\/\/www.ledauphine.com\/protection-des-donnees\" target=\"_blank\" title=\"Consulter notre politique de protection des donn\u00e9es\" rel=\"noopener\">politique de protection des donn\u00e9es<\/a>. <br \/>&#13;<br \/>\n            <a href=\"https:\/\/www.ledauphine.com\/sport\/2025\/02\/24\/javascript:Didomi.notice.show()\" class=\"consentModule_cmp\" target=\"_blank\" rel=\"noopener\">G\u00e9rer mes choix<\/a>&#13;\n        <\/p>\n<p>&#13;<br \/>\n                        J&rsquo;accepte&#13;<br \/>\n            J&rsquo;accepte tous les cookies&#13;\n        <\/p>\n<p>  Remplac\u00e9 par l&rsquo;Italien Savadori<\/p>\n<p>Souffrant de plusieurs fractures, l&rsquo;Espagnol doit \u00eatre op\u00e9r\u00e9 mardi \u00e0 Barcelone et, par cons\u00e9quent, \u00ab sera absent du Grand Prix de Tha\u00eflande \u00bb, a indiqu\u00e9 son \u00e9quipe italienne Aprilia dans un communiqu\u00e9. D\u00e9j\u00e0 tomb\u00e9 lors des premiers essais de pr\u00e9-saison d\u00e9but f\u00e9vrier, Martin avait d\u00fb d\u00e9clarer forfait pour le reste des tests \u00e0 cause d&rsquo;une blessure \u00e0 la main droite cette fois, qui a n\u00e9cessit\u00e9 une op\u00e9ration. Il \u00e9tait toutefois attendu pour la manche inaugurale de la saison.<\/p>\n<p>Le nouveau venu chez le constructeur italien apr\u00e8s avoir remport\u00e9 son premier titre de champion MotoGP au guidon d&rsquo;une Ducati de l&rsquo;\u00e9quipe satellite Pramac, devrait \u00eatre remplac\u00e9 par son pilote d&rsquo;essais Lorenzo Savadori. L&rsquo;Italien fera \u00e9quipe avec son compatriote Marco Bezzecchi, transfuge de chez Ducati, qui a d\u00e9but\u00e9 dans l\u2019\u00e9lite en 2022 sous les couleurs de la VR46.<\/p>\n","protected":false},"excerpt":{"rendered":"Ce contenu est bloqu\u00e9 car vous n&rsquo;avez pas accept\u00e9 les cookies et autres traceurs. En cliquant sur \u00ab&hellip;\n","protected":false},"author":2,"featured_media":349293,"comment_status":"","ping_status":"","sticky":false,"template":"","format":"standard","meta":{"footnotes":""},"categories":[1413],"tags":[1976,107,1011,27,1457,1456,517,1947,60],"class_list":{"0":"post-349292","1":"post","2":"type-post","3":"status-publish","4":"format-standard","5":"has-post-thumbnail","7":"category-moto","8":"tag-auto-moto","9":"tag-fil-info","10":"tag-fr","11":"tag-france","12":"tag-moto","13":"tag-motocycle","14":"tag-sport","15":"tag-sport-national","16":"tag-sports"},"share_on_mastodon":{"url":"https:\/\/pubeurope.com\/@fr\/115104779007160398","error":""},"_links":{"self":[{"href":"https:\/\/www.europesays.com\/fr\/wp-json\/wp\/v2\/posts\/349292","targetHints":{"allow":["GET"]}}],"collection":[{"href":"https:\/\/www.europesays.com\/fr\/wp-json\/wp\/v2\/posts"}],"about":[{"href":"https:\/\/www.europesays.com\/fr\/wp-json\/wp\/v2\/types\/post"}],"author":[{"embeddable":true,"href":"https:\/\/www.europesays.com\/fr\/wp-json\/wp\/v2\/users\/2"}],"replies":[{"embeddable":true,"href":"https:\/\/www.europesays.com\/fr\/wp-json\/wp\/v2\/comments?post=349292"}],"version-history":[{"count":0,"href":"https:\/\/www.europesays.com\/fr\/wp-json\/wp\/v2\/posts\/349292\/revisions"}],"wp:featuredmedia":[{"embeddable":true,"href":"https:\/\/www.europesays.com\/fr\/wp-json\/wp\/v2\/media\/349293"}],"wp:attachment":[{"href":"https:\/\/www.europesays.com\/fr\/wp-json\/wp\/v2\/media?parent=349292"}],"wp:term":[{"taxonomy":"category","embeddable":true,"href":"https:\/\/www.europesays.com\/fr\/wp-json\/wp\/v2\/categories?post=349292"},{"taxonomy":"post_tag","embeddable":true,"href":"https:\/\/www.europesays.com\/fr\/wp-json\/wp\/v2\/tags?post=349292"}],"curies":[{"name":"wp","href":"https:\/\/api.w.org\/{rel}","templated":true}]}}