{"id":349294,"date":"2025-08-28T05:38:15","date_gmt":"2025-08-28T05:38:15","guid":{"rendered":"https:\/\/www.europesays.com\/fr\/349294\/"},"modified":"2025-08-28T05:38:15","modified_gmt":"2025-08-28T05:38:15","slug":"un-ancien-rugbyman-neo-zelandais-qui-avait-souffert-de-commotions-a-repetition-a-mis-fin-a-ses-jours","status":"publish","type":"post","link":"https:\/\/www.europesays.com\/fr\/349294\/","title":{"rendered":"un ancien rugbyman n\u00e9o-z\u00e9landais, qui avait souffert de commotions \u00e0 r\u00e9p\u00e9tition, a mis fin \u00e0 ses jours"},"content":{"rendered":"<p>L\u2019ancien joueur des Crusaders et des Highlanders \u00e9tait atteint des sympt\u00f4mes de l\u2019enc\u00e9phalopathie traumatique chronique, \u00e0 cause de commotions c\u00e9r\u00e9brales.<\/p>\n<p class=\"fig-paragraph\">La Nouvelle-Z\u00e9lande sous le choc. L\u2019ancien troisi\u00e8me-ligne Shane Christie (39 ans), ancien joueur des\u00a0<a href=\"http:\/\/www.lefigaro.fr\/sports\/rugby\/rugby-les-crusaders-de-retour-au-sommet-les-chiefs-toujours-maudits-20250621\" data-fig-type=\"NewsFlash\" data-gtm-custom-categorie=\"navigation\" data-gtm-custom-action=\"crossclick\" data-gtm-custom-label=\"Contextuel\" data-gtm-event=\"customEventSPE\" data-fig-domain=\"LEFIGARO\" target=\"_blank\" rel=\"noopener\">Crusaders<\/a>\u00a0et des Higlanders mais \u00e9galement international avec les Maoris All Blacks (l\u2019\u00e9quipe B), a \u00e9t\u00e9 retrouv\u00e9 sans vie ce mercredi. Il avait \u00e9t\u00e9 contraint de mettre un terme \u00e0 sa carri\u00e8re \u00e0 cause de commotions c\u00e9r\u00e9brales r\u00e9p\u00e9t\u00e9es et il \u00e9tait atteint de sympt\u00f4mes de l\u2019enc\u00e9phalopathie traumatique chronique (ETC, maux de t\u00eate, pertes de m\u00e9moire, troubles de la vision et de la parole). Selon la presse n\u00e9o-z\u00e9landaise, il aurait mis fin \u00e0 ses jours.<\/p>\n<p class=\"fig-paragraph\">\u00ab C\u2019est avec une profonde tristesse que nous apprenons le d\u00e9c\u00e8s de Shane Christie, a d\u00e9clar\u00e9 son ancien club des Stormers dans un communiqu\u00e9. Shane a jou\u00e9 de 2014 \u00e0 2017 et est revenu comme entra\u00eeneur en 2021-2022. Nos pens\u00e9es vont \u00e0 sa famille, \u00e0 ses amis et \u00e0 toute la communaut\u00e9 du rugby.\u00bb Une information confirm\u00e9e par la F\u00e9d\u00e9ration n\u00e9o-z\u00e9landaise (NZRU)\u00a0: \u00abC\u2019est avec une profonde tristesse que nous reconnaissons le d\u00e9c\u00e8s de Shane Christie. Il \u00e9tait passionn\u00e9 par le coaching, occupant des postes d\u2019entra\u00eeneur avec la province de Tasmanie, pour leurs \u00e9quipes f\u00e9minines et masculines, et pour les Highlanders.\u00bb<\/p>\n<p>    <a href=\"https:\/\/photo.lefigaro.fr\/sports\/rugby\/rugby-en-photos-les-10-joueurs-a-suivre-cette-saison-en-pro-d2-20250826\" target=\"_blank\" rel=\"noopener\"><\/p>\n<p class=\"fig-slideshow__title\">\n                    Rugby\u00a0: recrues stars, joueurs en devenir, retours aux sources&#8230; En photos, les 10 joueurs \u00e0 suivre cette saison en Pro D2\n                <\/p>\n<p>Acc\u00e9der au diaporama (10)<\/p>\n<p>    <\/a><\/p>\n","protected":false},"excerpt":{"rendered":"L\u2019ancien joueur des Crusaders et des Highlanders \u00e9tait atteint des sympt\u00f4mes de l\u2019enc\u00e9phalopathie traumatique chronique, \u00e0 cause de&hellip;\n","protected":false},"author":2,"featured_media":349295,"comment_status":"","ping_status":"","sticky":false,"template":"","format":"standard","meta":{"footnotes":""},"categories":[1412],"tags":[9396,1451,1452,1453,1454,1455,1011,27,13071,60],"class_list":{"0":"post-349294","1":"post","2":"type-post","3":"status-publish","4":"format-standard","5":"has-post-thumbnail","7":"category-f1","8":"tag-commotions-cerebrales","9":"tag-f1","10":"tag-formula-1","11":"tag-formula1","12":"tag-formule-1","13":"tag-formule1","14":"tag-fr","15":"tag-france","16":"tag-nouvelle-zelande","17":"tag-sports"},"share_on_mastodon":{"url":"https:\/\/pubeurope.com\/@fr\/115104783038093278","error":""},"_links":{"self":[{"href":"https:\/\/www.europesays.com\/fr\/wp-json\/wp\/v2\/posts\/349294","targetHints":{"allow":["GET"]}}],"collection":[{"href":"https:\/\/www.europesays.com\/fr\/wp-json\/wp\/v2\/posts"}],"about":[{"href":"https:\/\/www.europesays.com\/fr\/wp-json\/wp\/v2\/types\/post"}],"author":[{"embeddable":true,"href":"https:\/\/www.europesays.com\/fr\/wp-json\/wp\/v2\/users\/2"}],"replies":[{"embeddable":true,"href":"https:\/\/www.europesays.com\/fr\/wp-json\/wp\/v2\/comments?post=349294"}],"version-history":[{"count":0,"href":"https:\/\/www.europesays.com\/fr\/wp-json\/wp\/v2\/posts\/349294\/revisions"}],"wp:featuredmedia":[{"embeddable":true,"href":"https:\/\/www.europesays.com\/fr\/wp-json\/wp\/v2\/media\/349295"}],"wp:attachment":[{"href":"https:\/\/www.europesays.com\/fr\/wp-json\/wp\/v2\/media?parent=349294"}],"wp:term":[{"taxonomy":"category","embeddable":true,"href":"https:\/\/www.europesays.com\/fr\/wp-json\/wp\/v2\/categories?post=349294"},{"taxonomy":"post_tag","embeddable":true,"href":"https:\/\/www.europesays.com\/fr\/wp-json\/wp\/v2\/tags?post=349294"}],"curies":[{"name":"wp","href":"https:\/\/api.w.org\/{rel}","templated":true}]}}