{"id":349297,"date":"2025-08-28T05:40:10","date_gmt":"2025-08-28T05:40:10","guid":{"rendered":"https:\/\/www.europesays.com\/fr\/349297\/"},"modified":"2025-08-28T05:40:10","modified_gmt":"2025-08-28T05:40:10","slug":"psg-luis-enrique-la-presse-espagnole-annonce-un-divorce-inevitable","status":"publish","type":"post","link":"https:\/\/www.europesays.com\/fr\/349297\/","title":{"rendered":"PSG &#8211; Luis Enrique : La presse espagnole annonce un divorce \u00abin\u00e9vitable\u00bb\u00a0!"},"content":{"rendered":"<p class=\"heading\">\u00c0 quelques jours de la fermeture du mercato, le PSG n\u2019a toujours pas r\u00e9gl\u00e9 le cas Gianluigi Donnarumma. Pouss\u00e9 vers la sortie, le portier italien est toujours chez les Rouge-et-Bleu. Le divorce semble toutefois in\u00e9luctable entre les deux parties, puisque le gardien de but de 26 ans n\u2019entre plus dans les plans de Luis Enrique.<\/p>\n<p>Le feuilleton <a href=\"https:\/\/le10sport.com\/football\/mercato\/mercato-le-psg-lache-une-reponse-a-30meur-755780\" rel=\"nofollow noopener\" target=\"_blank\">Gianluigi Donnarumma<\/a> commence \u00e0 faire paniquer le <strong>PSG<\/strong>. \u00c0 quelques jours de la fermeture du march\u00e9 des transferts, le portier italien est toujours chez les Rouge-et-Bleu. Les dirigeants parisiens n\u2019ont pas encore trouv\u00e9 d\u2019acheteur pour le gardien de but de 26 ans, remplac\u00e9 par <strong>Lucas Chevalier <\/strong>et pouss\u00e9 vers la sortie cet \u00e9t\u00e9 puisque son contrat expire en juin 2026.<\/p>\n<p>                                            Manchester City joue la montre avec Donnarumma&#8230;<\/p>\n<p>R\u00e9cemment, <strong>Manchester City<\/strong> \u00e9tait annonc\u00e9 sur le dossier. Mais le club de <strong>Premier League<\/strong> ne serait pas press\u00e9, puisqu\u2019il pourrait revenir \u00e0 la charge en janvier ou l\u2019\u00e9t\u00e9 prochain pour <strong>Gianluigi Donnarumma<\/strong>. Il faut dire que les Sky Blues doivent \u00e9galement se s\u00e9parer d&rsquo;<strong>Ederson <\/strong>avant d&rsquo;enr\u00f4ler l&rsquo;Italien, et que le d\u00e9part du Br\u00e9silien semble se compliquer. Si jamais le champion d\u2019Europe venait \u00e0 rester au <a href=\"https:\/\/le10sport.com\/football\/mercato\/transfert-dune-star-catastrophe-annoncee-au-psg-755793\" rel=\"nofollow noopener\" target=\"_blank\">PSG<\/a> \u00e0 l\u2019issue du mercato, il ne devrait pas r\u00e9cup\u00e9rer sa place dans l\u2019\u00e9quipe pour autant.<\/p>\n<p>                                            &#8230; qui ne sera pas r\u00e9int\u00e9gr\u00e9 dans l&rsquo;effectif du PSG<\/p>\n<p>Comme le rapporte AS, <strong>Gianluigi Donnarumma<\/strong> ne sera pas r\u00e9int\u00e9gr\u00e9 dans l\u2019effectif du <strong>PSG<\/strong>. L\u2019international italien n\u2019entre plus dans les plans de <strong>Luis Enrique<\/strong>, surtout depuis l&rsquo;arriv\u00e9e de <strong>Lucas Chevalier<\/strong>. Le divorce entre les deux parties semblent donc \u00ab\u00a0in\u00e9vitable\u00a0\u00bb. Il n\u2019y aurait aucune possibilit\u00e9 de conciliation. <strong>Gianluigi Donnarumma<\/strong> a d\u00e9j\u00e0 confirm\u00e9 lui-m\u00eame son d\u00e9part \u00e0 travers un communiqu\u00e9 publi\u00e9 sur les r\u00e9seaux sociaux et fait ses adieux au Parc des Princes vendredi dernier apr\u00e8s la victoire contre le <strong>SCO Angers<\/strong> (1-0). Il n&rsquo;y aurait donc aucune chance de revoir l&rsquo;Italien une derni\u00e8re fois sous les couleurs du <strong>PSG<\/strong>.<\/p>\n","protected":false},"excerpt":{"rendered":"\u00c0 quelques jours de la fermeture du mercato, le PSG n\u2019a toujours pas r\u00e9gl\u00e9 le cas Gianluigi Donnarumma.&hellip;\n","protected":false},"author":2,"featured_media":349298,"comment_status":"","ping_status":"","sticky":false,"template":"","format":"standard","meta":{"footnotes":""},"categories":[1410],"tags":[63,1011,27,60],"class_list":{"0":"post-349297","1":"post","2":"type-post","3":"status-publish","4":"format-standard","5":"has-post-thumbnail","7":"category-football","8":"tag-football","9":"tag-fr","10":"tag-france","11":"tag-sports"},"share_on_mastodon":{"url":"https:\/\/pubeurope.com\/@fr\/115104790921358189","error":""},"_links":{"self":[{"href":"https:\/\/www.europesays.com\/fr\/wp-json\/wp\/v2\/posts\/349297","targetHints":{"allow":["GET"]}}],"collection":[{"href":"https:\/\/www.europesays.com\/fr\/wp-json\/wp\/v2\/posts"}],"about":[{"href":"https:\/\/www.europesays.com\/fr\/wp-json\/wp\/v2\/types\/post"}],"author":[{"embeddable":true,"href":"https:\/\/www.europesays.com\/fr\/wp-json\/wp\/v2\/users\/2"}],"replies":[{"embeddable":true,"href":"https:\/\/www.europesays.com\/fr\/wp-json\/wp\/v2\/comments?post=349297"}],"version-history":[{"count":0,"href":"https:\/\/www.europesays.com\/fr\/wp-json\/wp\/v2\/posts\/349297\/revisions"}],"wp:featuredmedia":[{"embeddable":true,"href":"https:\/\/www.europesays.com\/fr\/wp-json\/wp\/v2\/media\/349298"}],"wp:attachment":[{"href":"https:\/\/www.europesays.com\/fr\/wp-json\/wp\/v2\/media?parent=349297"}],"wp:term":[{"taxonomy":"category","embeddable":true,"href":"https:\/\/www.europesays.com\/fr\/wp-json\/wp\/v2\/categories?post=349297"},{"taxonomy":"post_tag","embeddable":true,"href":"https:\/\/www.europesays.com\/fr\/wp-json\/wp\/v2\/tags?post=349297"}],"curies":[{"name":"wp","href":"https:\/\/api.w.org\/{rel}","templated":true}]}}