{"id":349301,"date":"2025-08-28T05:43:11","date_gmt":"2025-08-28T05:43:11","guid":{"rendered":"https:\/\/www.europesays.com\/fr\/349301\/"},"modified":"2025-08-28T05:43:11","modified_gmt":"2025-08-28T05:43:11","slug":"decouvrez-le-nom-des-cinq-finalistes","status":"publish","type":"post","link":"https:\/\/www.europesays.com\/fr\/349301\/","title":{"rendered":"d\u00e9couvrez le nom des cinq finalistes"},"content":{"rendered":"<p>Ad\u00e9la\u00efde de Clermont-Tonnerre, Gilles Marchand&#8230; Cinq auteurs ont \u00e9t\u00e9 retenus par les jur\u00e9s du prix, constitu\u00e9s de 400 libraires et 400 adh\u00e9rents.<\/p>\n<p class=\"fig-paragraph\">Qui succ\u00e9dera \u00e0 Marie Vingtras\u00a0? L\u2019ann\u00e9e derni\u00e8re, la romanci\u00e8re remportait le prestigieux prix du roman Fnac avec Les \u00c2mes f\u00e9roces, son deuxi\u00e8me titre seulement, publi\u00e9 aux \u00e9ditions de l\u2019Olivier, face \u00e0 trois auteures d\u00e9j\u00e0 bien remarqu\u00e9es par la critique. Cette nouvelle \u00e9dition ne fait pas exception. Le jury de 2025, compos\u00e9 de 400 libraires et 400 adh\u00e9rents, vient de d\u00e9voiler ses 5 finalistes.<\/p>\n<p class=\"fig-paragraph\">Parmi eux, on retrouve des auteurs confirm\u00e9s comme Ad\u00e9la\u00efde de Clermont-Tonnerre, sacr\u00e9e par le Grand prix du roman de l\u2019Acad\u00e9mie fran\u00e7aise en 2016 pour Le Dernier des n\u00f4tres, (Grasset), et qui revient cette ann\u00e9e avec Je voulais vivre, chez le m\u00eame \u00e9diteur ; Gilles Marchand auteur du Soldat d\u00e9saccord\u00e9, prix des Libraires 2023, qui publie Les promesses orphelines, aux \u00e9ditions des Forges de Vulcain. Le jury a \u00e9galement retenu Renaud de Chaumaray, po\u00e8te et auteur de Quitter la vall\u00e9e (Gallimard). On rel\u00e8ve \u00e9galement le nom d\u2019une primo romanci\u00e8re\u00a0: S\u00e9verine Cressan. La Lyonnaise publie Nourrices aux \u00e9ditions Dalva.<\/p>\n<p>                                    <a class=\"fig-a11y-skip a11y-hidden\" href=\"#fig-a11y-skip-main-inarticle\"><br \/>\n        Passer la publicit\u00e9<br \/>\n    <\/a><\/p>\n<p class=\"fig-paragraph\">Enfin, et c\u2019est \u00e0 noter car cela n\u2019\u00e9tait pas arriv\u00e9 depuis quatre ans avec l\u2019am\u00e9ricaine Joyce Maynard, le jury a retenu dans sa liste finale un auteur \u00e9tranger: John Boyne. L\u2019Irlandais, dont le nom s\u2019est fait mondialement conna\u00eetre avec le roman jeunesse Le Gar\u00e7on en pyjama ray\u00e9 en 2006, est en lice avec Les \u00e9l\u00e9ments, (traduit par Sophie Aslanides, chez Latt\u00e8s), le r\u00e9cit entrecrois\u00e9 d\u2019une m\u00e8re en fuite, d\u2019un jeune prodige du football, d\u2019une chirurgienne et d\u2019un p\u00e8re entreprenant un voyage initiatique avec son fils.<\/p>\n<p class=\"fig-paragraph\">Le nom du laur\u00e9at sera d\u00e9voil\u00e9 le lundi 22 septembre.<\/p>\n<p class=\"fig-paragraph\"><strong>La liste compl\u00e8te:<\/strong><\/p>\n<p class=\"fig-paragraph\">Je voulais vivre, d\u2019Ad\u00e9la\u00efde de Clermont-Tonnerre, Grasset<\/p>\n<p class=\"fig-paragraph\">Les promesses orphelines, de Gilles Marchand, Les Forges de Vulcain<\/p>\n<p>                                    <a class=\"fig-a11y-skip a11y-hidden\" href=\"#fig-a11y-skip-main-inarticle_mtf\"><br \/>\n        Passer la publicit\u00e9<br \/>\n    <\/a><\/p>\n<p class=\"fig-paragraph\">Quitter la vall\u00e9e, de Renaud de Chaumaray, Gallimard<\/p>\n<p class=\"fig-paragraph\">Nourrices, de S\u00e9verine Cressan, Dalva<\/p>\n<p class=\"fig-paragraph\">Les \u00e9l\u00e9ments, de John Boyne, Latt\u00e8s<\/p>\n","protected":false},"excerpt":{"rendered":"Ad\u00e9la\u00efde de Clermont-Tonnerre, Gilles Marchand&#8230; Cinq auteurs ont \u00e9t\u00e9 retenus par les jur\u00e9s du prix, constitu\u00e9s de 400&hellip;\n","protected":false},"author":2,"featured_media":349302,"comment_status":"","ping_status":"","sticky":false,"template":"","format":"standard","meta":{"footnotes":""},"categories":[1357],"tags":[1379,58,59,1011,27,1380,40304],"class_list":{"0":"post-349301","1":"post","2":"type-post","3":"status-publish","4":"format-standard","5":"has-post-thumbnail","7":"category-livres","8":"tag-books","9":"tag-divertissement","10":"tag-entertainment","11":"tag-fr","12":"tag-france","13":"tag-livres","14":"tag-prix-litteraire"},"share_on_mastodon":{"url":"https:\/\/pubeurope.com\/@fr\/115104802639973960","error":""},"_links":{"self":[{"href":"https:\/\/www.europesays.com\/fr\/wp-json\/wp\/v2\/posts\/349301","targetHints":{"allow":["GET"]}}],"collection":[{"href":"https:\/\/www.europesays.com\/fr\/wp-json\/wp\/v2\/posts"}],"about":[{"href":"https:\/\/www.europesays.com\/fr\/wp-json\/wp\/v2\/types\/post"}],"author":[{"embeddable":true,"href":"https:\/\/www.europesays.com\/fr\/wp-json\/wp\/v2\/users\/2"}],"replies":[{"embeddable":true,"href":"https:\/\/www.europesays.com\/fr\/wp-json\/wp\/v2\/comments?post=349301"}],"version-history":[{"count":0,"href":"https:\/\/www.europesays.com\/fr\/wp-json\/wp\/v2\/posts\/349301\/revisions"}],"wp:featuredmedia":[{"embeddable":true,"href":"https:\/\/www.europesays.com\/fr\/wp-json\/wp\/v2\/media\/349302"}],"wp:attachment":[{"href":"https:\/\/www.europesays.com\/fr\/wp-json\/wp\/v2\/media?parent=349301"}],"wp:term":[{"taxonomy":"category","embeddable":true,"href":"https:\/\/www.europesays.com\/fr\/wp-json\/wp\/v2\/categories?post=349301"},{"taxonomy":"post_tag","embeddable":true,"href":"https:\/\/www.europesays.com\/fr\/wp-json\/wp\/v2\/tags?post=349301"}],"curies":[{"name":"wp","href":"https:\/\/api.w.org\/{rel}","templated":true}]}}