{"id":349303,"date":"2025-08-28T05:44:11","date_gmt":"2025-08-28T05:44:11","guid":{"rendered":"https:\/\/www.europesays.com\/fr\/349303\/"},"modified":"2025-08-28T05:44:11","modified_gmt":"2025-08-28T05:44:11","slug":"la-methode-de-francois-bayrou-sous-le-feu-des-critiques","status":"publish","type":"post","link":"https:\/\/www.europesays.com\/fr\/349303\/","title":{"rendered":"La m\u00e9thode de Fran\u00e7ois Bayrou sous le feu des critiques"},"content":{"rendered":"<p>                         <img loading=\"lazy\" decoding=\"async\" src=\"https:\/\/www.europesays.com\/fr\/wp-content\/uploads\/2025\/08\/b24b27c_upload-1-mjf2wbwcblwt-jmug250825012.jpg\" alt=\"Le premier ministre, Fran\u00e7ois Bayrou, \u00e0 son arriv\u00e9e pour la conf\u00e9rence de presse sur le budget 2026, \u00e0 Paris, le 25\u00a0ao\u00fbt\u00a02025.\"   width=\"664\" height=\"443\"\/>    Le premier ministre, Fran\u00e7ois Bayrou, \u00e0 son arriv\u00e9e pour la conf\u00e9rence de presse sur le budget 2026, \u00e0 Paris, le 25\u00a0ao\u00fbt\u00a02025.  JULIEN MUGUET POUR \u00ab\u00a0LE MONDE \u00bb                 <\/p>\n<p class=\"article__paragraph  \">Autour de Fran\u00e7ois Bayrou, les langues se d\u00e9lient. Le premier ministre, emp\u00eatr\u00e9 dans une temp\u00eate politique et \u00e9conomique qu\u2019il a lui-m\u00eame provoqu\u00e9e par sa d\u00e9cision de recourir \u00e0 un vote de confiance \u00e0 l\u2019Assembl\u00e9e nationale, le 8\u00a0septembre, est d\u00e9sormais confront\u00e9 aux critiques sur sa m\u00e9thode. Une vague de doutes et m\u00eame de r\u00e9probations a gagn\u00e9 l\u2019ex\u00e9cutif et les parlementaires, pris au pi\u00e8ge de cette d\u00e9cision dont ils mesurent encore mal les r\u00e9percussions sur la suite du quinquennat d\u2019Emmanuel Macron.<\/p>\n<p class=\"article__paragraph  \">\u00ab\u00a0Fran\u00e7ois Bayrou continue sa mission qui est d\u2019expliquer aux Fran\u00e7ais pourquoi il a pris cette d\u00e9cision\u2026 une d\u00e9cision un peu \u00e9trange et inattendue\u00a0\u00bb, a comment\u00e9, mercredi sur TF1, la porte-parole du gouvernement, Sophie Primas. Comme la quasi-totalit\u00e9 des ministres, l\u2019\u00e9lue Les R\u00e9publicains (LR) des Yvelines a \u00e9t\u00e9 tenue \u00e0 l\u2019\u00e9cart de cette d\u00e9cision tonitruante, prise au c\u0153ur de l\u2019\u00e9t\u00e9 par le locataire de Matignon. \u00ab\u00a0C\u2019est un choix d\u00e9lib\u00e9r\u00e9 de cr\u00e9er la surprise. Il y a quelque chose d\u2019un peu bravache chez lui. L\u2019homme a de l\u2019orgueil\u00a0\u00bb, constate une autre ministre.<\/p>\n<p class=\"article__paragraph  \">Mais le chef du gouvernement se retrouve esseul\u00e9, devant l\u2019opposition frontale qui se dessine \u00e0 l\u2019Assembl\u00e9e nationale, allant de l\u2019ensemble de la gauche, au\u00a0Rassemblement national (RN) et incluant m\u00eame les \u00e9lus mod\u00e9r\u00e9s du groupe Libert\u00e9s, ind\u00e9pendants et outre-mer (LIOT). Tous promettent \u00e0 l\u2019unisson une fin\u00a0tragique \u00e0 Fran\u00e7ois Bayrou, qui engagera sa responsabilit\u00e9, sur le fondement de l\u2019article\u00a049.1, apr\u00e8s une d\u00e9claration de politique g\u00e9n\u00e9rale sur les finances publiques. \u00ab\u00a0Quand vous demandez la confiance, il faut essayer de la construire\u00a0\u00bb, critique l\u2019ancien premier ministre Edouard Philippe, mercredi, dans un entretien \u00e0 l\u2019Agence France-Presse (AFP).<\/p>\n<p class=\"reading-mode-only \"><strong>Il vous reste 79.41% de cet article \u00e0 lire. La suite est r\u00e9serv\u00e9e aux abonn\u00e9s.<\/strong><\/p>\n","protected":false},"excerpt":{"rendered":"Le premier ministre, Fran\u00e7ois Bayrou, \u00e0 son arriv\u00e9e pour la conf\u00e9rence de presse sur le budget 2026, \u00e0&hellip;\n","protected":false},"author":2,"featured_media":349304,"comment_status":"","ping_status":"","sticky":false,"template":"","format":"standard","meta":{"footnotes":""},"categories":[1356],"tags":[58,59,1011,27,252,1364],"class_list":{"0":"post-349303","1":"post","2":"type-post","3":"status-publish","4":"format-standard","5":"has-post-thumbnail","7":"category-television","8":"tag-divertissement","9":"tag-entertainment","10":"tag-fr","11":"tag-france","12":"tag-television","13":"tag-tv"},"share_on_mastodon":{"url":"https:\/\/pubeurope.com\/@fr\/115104806872931328","error":""},"_links":{"self":[{"href":"https:\/\/www.europesays.com\/fr\/wp-json\/wp\/v2\/posts\/349303","targetHints":{"allow":["GET"]}}],"collection":[{"href":"https:\/\/www.europesays.com\/fr\/wp-json\/wp\/v2\/posts"}],"about":[{"href":"https:\/\/www.europesays.com\/fr\/wp-json\/wp\/v2\/types\/post"}],"author":[{"embeddable":true,"href":"https:\/\/www.europesays.com\/fr\/wp-json\/wp\/v2\/users\/2"}],"replies":[{"embeddable":true,"href":"https:\/\/www.europesays.com\/fr\/wp-json\/wp\/v2\/comments?post=349303"}],"version-history":[{"count":0,"href":"https:\/\/www.europesays.com\/fr\/wp-json\/wp\/v2\/posts\/349303\/revisions"}],"wp:featuredmedia":[{"embeddable":true,"href":"https:\/\/www.europesays.com\/fr\/wp-json\/wp\/v2\/media\/349304"}],"wp:attachment":[{"href":"https:\/\/www.europesays.com\/fr\/wp-json\/wp\/v2\/media?parent=349303"}],"wp:term":[{"taxonomy":"category","embeddable":true,"href":"https:\/\/www.europesays.com\/fr\/wp-json\/wp\/v2\/categories?post=349303"},{"taxonomy":"post_tag","embeddable":true,"href":"https:\/\/www.europesays.com\/fr\/wp-json\/wp\/v2\/tags?post=349303"}],"curies":[{"name":"wp","href":"https:\/\/api.w.org\/{rel}","templated":true}]}}