{"id":349307,"date":"2025-08-28T05:46:43","date_gmt":"2025-08-28T05:46:43","guid":{"rendered":"https:\/\/www.europesays.com\/fr\/349307\/"},"modified":"2025-08-28T05:46:43","modified_gmt":"2025-08-28T05:46:43","slug":"tas-eu-une-adolescence-malheureuse-si-tas-pas-7-7-a-ce-quiz-sur-asterix-et-obelix-mission-cleopatre","status":"publish","type":"post","link":"https:\/\/www.europesays.com\/fr\/349307\/","title":{"rendered":"T&rsquo;as eu une adolescence malheureuse si t&rsquo;as pas 7\/7 \u00e0 ce quiz sur Ast\u00e9rix et Ob\u00e9lix Mission Cl\u00e9op\u00e2tre"},"content":{"rendered":"<p><p><a href=\"https:\/\/www.serieously.com\" rel=\"nofollow noopener\" target=\"_blank\">Accueil<\/a> &gt; <a href=\"https:\/\/www.serieously.com\/quiz\/\" rel=\"nofollow noopener\" target=\"_blank\">Quiz<\/a> &gt; T\u2019as eu une adolescence malheureuse si t\u2019as pas 7\/7 \u00e0 ce quiz sur Ast\u00e9rix et Ob\u00e9lix Mission Cl\u00e9op\u00e2tre<\/p>\n<\/p>\n<p class=\"o-article__published-by o-article__bullets\">\n            Publi\u00e9 le<br \/>\n                        27 ao\u00fbt 2025 \u00e0 12 h 00<\/p>\n<p>             Par<br \/>\n                <a href=\"https:\/\/www.serieously.com\/author\/lea-goeb\/\" rel=\"nofollow noopener\" target=\"_blank\">Lea<br \/>\n                    Goeb<\/a><\/p>\n<p><strong>Si tu as regard\u00e9 en boucle Ast\u00e9rix et Ob\u00e9lix Mission Cl\u00e9op\u00e2tre, tu ne devrais avoir aucun mal \u00e0 faire un sans faute \u00e0 ce quiz sur le film culte d\u2019Alain Chabat ! Prouve que tu connais le film sur le bout des doigts et que tu te souviens d\u2019absolument tous les d\u00e9tails. Attention ! Une seule faute te sera fatale. <\/strong><\/p>\n<p>Que risque Num\u00e9robis s&rsquo;il ne termine pas la construction du palais dans le temps escompt\u00e9 ?<\/p>\n<p>\t\t\t\t\t<img decoding=\"async\" src=\"https:\/\/www.europesays.com\/fr\/wp-content\/uploads\/2025\/08\/numerobis-asterix-et-obelix-mission-cleopatre.jpg\" alt=\"\u00a9 Path\u00e9 Distribution\" width=\"400\" height=\"225\" loading=\"lazy\" style=\"aspect-ratio: 16\/9; object-fit: cover;\"\/><\/p>\n<p>\u00a9 Path\u00e9 Distribution<\/p>\n<p>Num\u00e9robis risque de se faire d\u00e9vorer par les crocodiles de Cl\u00e9op\u00e2tre.<\/p>\n<p>D&rsquo;ailleurs, combien de temps Cl\u00e9op\u00e2tre lui donne-t-elle pour finir les constructions ?<\/p>\n<p>\t\t\t\t\t<img decoding=\"async\" src=\"https:\/\/www.europesays.com\/fr\/wp-content\/uploads\/2025\/08\/amonfobis-cleopatre-asterix-et-obelix-mission-cleopatre.jpg\" alt=\"\u00a9 Path\u00e9 Distribution\" width=\"400\" height=\"225\" loading=\"lazy\" style=\"aspect-ratio: 16\/9; object-fit: cover;\"\/><\/p>\n<p>\u00a9 Path\u00e9 Distribution<\/p>\n<p>Cl\u00e9op\u00e2tre lui donne seulement trois mois afin d\u2019accomplir cette mission.<\/p>\n<p>Un des combats d&rsquo;Ob\u00e9lix est censur\u00e9 pour cause de violence, par quel type de contenu cette s\u00e9quence est-elle remplac\u00e9e ?<\/p>\n<p>\t\t\t\t\t<img decoding=\"async\" src=\"https:\/\/www.europesays.com\/fr\/wp-content\/uploads\/2025\/08\/12-3.jpg\" alt=\"\u00a9 Path\u00e9 Distribution\" width=\"400\" height=\"225\" loading=\"lazy\" style=\"aspect-ratio: 16\/9; object-fit: cover;\"\/><\/p>\n<p>\u00a9 Path\u00e9 Distribution<\/p>\n<p>Afin de censurer la violence du combat, la s\u00e9quence de combat est remplac\u00e9e par un extrait de documentaire animalier sur une langouste.<\/p>\n<p>    <img decoding=\"async\" src=\"https:\/\/www.europesays.com\/fr\/wp-content\/uploads\/2025\/08\/design-sans-titre-20-4.jpg\" alt=\"Ast\u00e9rix et Ob\u00e9lix mission cl\u00e9op\u00e2tre\" width=\"600\" height=\"338\" loading=\"lazy\"\/><\/p>\n<p>\t\t\u00a9 Path\u00e9 Distribution<\/p>\n<p>Compl\u00e8te cette r\u00e9plique d&rsquo;Otis : <\/p>\n<p>\t\t\t\t\t<img decoding=\"async\" src=\"https:\/\/www.europesays.com\/fr\/wp-content\/uploads\/2025\/08\/replique-asterix-et-obelix-mission-cleopatre-2.jpg\" alt=\"\u00a9 Path\u00e9 Distribution\" width=\"400\" height=\"225\" loading=\"lazy\" style=\"aspect-ratio: 16\/9; object-fit: cover;\"\/><\/p>\n<p>\u00a9 Path\u00e9 Distribution<\/p>\n<p>\u00ab\u00a0je dirais que c\u2019est d\u2019abord des rencontres\u00a0\u00bb est la bonne r\u00e9ponse.<\/p>\n<p>Comment Otis a-t-il connu l&rsquo;histoire de Panoramix et des Gaulois ?<\/p>\n<p>\t\t\t\t\t<img decoding=\"async\" src=\"https:\/\/www.europesays.com\/fr\/wp-content\/uploads\/2025\/08\/panoramix-asterix-et-obelix-mission-cleopatre.jpg\" alt=\"\u00a9 Path\u00e9 Distribution\" width=\"400\" height=\"225\" loading=\"lazy\" style=\"aspect-ratio: 16\/9; object-fit: cover;\"\/><\/p>\n<p>\u00a9 Path\u00e9 Distribution<\/p>\n<p>C\u2019est gr\u00e2ce \u00e0 son p\u00e8re, qui lui a cont\u00e9 cette histoire.<\/p>\n<p>Qui est ce personnage ?<\/p>\n<p>\t\t\t\t\t<img decoding=\"async\" src=\"https:\/\/www.europesays.com\/fr\/wp-content\/uploads\/2025\/08\/amonfobis-asterix-et-obelix-mission-cleopatre.jpg\" alt=\"\u00a9 Path\u00e9 Distribution\" width=\"400\" height=\"225\" loading=\"lazy\" style=\"aspect-ratio: 16\/9; object-fit: cover;\"\/><\/p>\n<p>\u00a9 Path\u00e9 Distribution<\/p>\n<p>Il s\u2019agit d\u2019Amonbofis.<\/p>\n<p>Comment s&rsquo;affrontent ces deux personnages dans le film ?<\/p>\n<p>\t\t\t\t\t<img decoding=\"async\" src=\"https:\/\/www.europesays.com\/fr\/wp-content\/uploads\/2025\/08\/5-6.jpg\" alt=\"\u00a9 Path\u00e9 Distribution\" width=\"400\" height=\"225\" loading=\"lazy\" style=\"aspect-ratio: 16\/9; object-fit: cover;\"\/><\/p>\n<p>\u00a9 Path\u00e9 Distribution<\/p>\n<p>Ils s\u2019affrontent \u00e0 travers un combat de karat\u00e9.<\/p>\n<p class=\"o-quiz__result-title\">Wow !<\/p>\n<p class=\"o-quiz__result-subtitle\">Tu as obtenu un score de [[ score ]]\/[[ questions ]]<\/p>\n<p>\t\t\t\t\t\t\t\t\t<img decoding=\"async\" src=\"https:\/\/www.europesays.com\/fr\/wp-content\/uploads\/2025\/04\/resultat-quiz-bravo.jpg\" alt=\"Wow !\" width=\"768\" height=\"432\" loading=\"lazy\"\/><\/p>\n<p>Alors toi, c\u2019est s\u00fbr, tu as pass\u00e9 ton adolescence \u00e0 t\u2019esclaffer devant les aventures d\u2019Ast\u00e9rix et Ob\u00e9lix en Egypte ! Tu connais l\u2019intrigue et les r\u00e9pliques culte par coeur. On te tire notre chapeau pour ce bon score.<\/p>\n<p>\u00a0<\/p>\n<p>Viens d\u00e9couvrir nos autre quiz sur <a href=\"https:\/\/www.serieously.com\/films\/asterix-et-obelix-mission-cleopatre\/\" rel=\"nofollow noopener\" target=\"_blank\">Ast\u00e9rix et Ob\u00e9lix : Mission Cl\u00e9op\u00e2tre<\/a> !<\/p>\n<p class=\"o-quiz__result-title\">A\u00efe&#8230;<\/p>\n<p class=\"o-quiz__result-subtitle\">Tu as obtenu un score de [[ score ]]\/[[ questions ]]<\/p>\n<p>\t\t\t\t\t\t\t\t\t<img decoding=\"async\" src=\"https:\/\/www.europesays.com\/fr\/wp-content\/uploads\/2025\/04\/resultat-quiz-rate.jpg\" alt=\"A\u00efe...\" width=\"768\" height=\"432\" loading=\"lazy\"\/><\/p>\n<p>On t\u2019avait pr\u00e9venu ! Une seule faute te co\u00fbterait la victoire\u2026 A voir ton r\u00e9sultat, on ne dirait vraiment pas que tu as vu de nombreuses fois ce film qui est pourtant culte\u2026 C\u2019est vraiment dommage !<\/p>\n<p>\u00a0<\/p>\n<p>Viens d\u00e9couvrir nos autre quiz sur <a href=\"https:\/\/www.serieously.com\/films\/asterix-et-obelix-mission-cleopatre\/\" rel=\"nofollow noopener\" target=\"_blank\">Ast\u00e9rix et Ob\u00e9lix : Mission Cl\u00e9op\u00e2tre<\/a> !<\/p>\n<p>\t\tRecommencer le quiz<\/p>\n<p class=\"m-user__name\">Lea Goeb<\/p>\n<p class=\"m-user__description\">Passionn\u00e9 d&rsquo;anime, de jeux vid\u00e9o et de films en tout genre, je suis une grande fan de Naruto, Matrix et Zelda. J\u2019adore explorer des univers fascinants, qu&rsquo;ils soient remplis de science-fiction, d&rsquo;aventures ou de frissons.<\/p>\n<p>Lundi&rsquo;spensable<\/p>\n<p class=\"mt-4 mb-4 text-xl text-center\">Le meilleur de <\/p>\n<p> dans ta boite mail<\/p>\n","protected":false},"excerpt":{"rendered":"Accueil &gt; Quiz &gt; T\u2019as eu une adolescence malheureuse si t\u2019as pas 7\/7 \u00e0 ce quiz sur Ast\u00e9rix&hellip;\n","protected":false},"author":2,"featured_media":349308,"comment_status":"","ping_status":"","sticky":false,"template":"","format":"standard","meta":{"footnotes":""},"categories":[1354],"tags":[58,59,1346,1011,27,1360],"class_list":{"0":"post-349307","1":"post","2":"type-post","3":"status-publish","4":"format-standard","5":"has-post-thumbnail","7":"category-films","8":"tag-divertissement","9":"tag-entertainment","10":"tag-films","11":"tag-fr","12":"tag-france","13":"tag-movies"},"share_on_mastodon":{"url":"https:\/\/pubeurope.com\/@fr\/115104815210641746","error":""},"_links":{"self":[{"href":"https:\/\/www.europesays.com\/fr\/wp-json\/wp\/v2\/posts\/349307","targetHints":{"allow":["GET"]}}],"collection":[{"href":"https:\/\/www.europesays.com\/fr\/wp-json\/wp\/v2\/posts"}],"about":[{"href":"https:\/\/www.europesays.com\/fr\/wp-json\/wp\/v2\/types\/post"}],"author":[{"embeddable":true,"href":"https:\/\/www.europesays.com\/fr\/wp-json\/wp\/v2\/users\/2"}],"replies":[{"embeddable":true,"href":"https:\/\/www.europesays.com\/fr\/wp-json\/wp\/v2\/comments?post=349307"}],"version-history":[{"count":0,"href":"https:\/\/www.europesays.com\/fr\/wp-json\/wp\/v2\/posts\/349307\/revisions"}],"wp:featuredmedia":[{"embeddable":true,"href":"https:\/\/www.europesays.com\/fr\/wp-json\/wp\/v2\/media\/349308"}],"wp:attachment":[{"href":"https:\/\/www.europesays.com\/fr\/wp-json\/wp\/v2\/media?parent=349307"}],"wp:term":[{"taxonomy":"category","embeddable":true,"href":"https:\/\/www.europesays.com\/fr\/wp-json\/wp\/v2\/categories?post=349307"},{"taxonomy":"post_tag","embeddable":true,"href":"https:\/\/www.europesays.com\/fr\/wp-json\/wp\/v2\/tags?post=349307"}],"curies":[{"name":"wp","href":"https:\/\/api.w.org\/{rel}","templated":true}]}}