{"id":349315,"date":"2025-08-28T05:51:15","date_gmt":"2025-08-28T05:51:15","guid":{"rendered":"https:\/\/www.europesays.com\/fr\/349315\/"},"modified":"2025-08-28T05:51:15","modified_gmt":"2025-08-28T05:51:15","slug":"un-homme-sintroduit-dans-un-hopital-pour-voler-la-sanction-na-pas-tarde","status":"publish","type":"post","link":"https:\/\/www.europesays.com\/fr\/349315\/","title":{"rendered":"Un homme s\u2019introduit dans un h\u00f4pital pour voler, la sanction n\u2019a pas tard\u00e9"},"content":{"rendered":"<p>            Par<br \/>\n        <strong><br \/>\n            <a href=\"https:\/\/actu.fr\/auteur\/l-ameline\" title=\"Consulter tous les articles de Ludovic Ameline\" rel=\"nofollow noopener\" target=\"_blank\">Ludovic Ameline<\/a><br \/>\n        <\/strong><\/p>\n<p>        Publi\u00e9 le<\/p>\n<p>            27 ao\u00fbt 2025 \u00e0 19h22        <\/p>\n<p>Les faits se sont d\u00e9roul\u00e9s <b>mardi 26\u00a0ao\u00fbt 2025<\/b>, en fin de matin\u00e9e,<b> \u00e0 l\u2019h\u00f4pital <\/b>de <a href=\"https:\/\/actu.fr\/normandie\/coutances_50147\" rel=\"nofollow noopener\" target=\"_blank\">Coutances<\/a> (Manche).<\/p>\n<p class=\" wall-content\">Vers 11\u00a0heures, un homme de 48\u00a0ans, <b>sans domicile fixe<\/b>, s\u2019est introduit dans un bureau de l\u2019\u00e9tablissement et <b>s\u2019est empar\u00e9 d\u2019un t\u00e9l\u00e9phone portable<\/b>.<\/p>\n<p class=\" wall-content\">Le signalement du suspect a rapidement circul\u00e9 aupr\u00e8s des services de police. Quelques minutes plus tard, les <b>forces de l\u2019ordre <\/b>l\u2019ont rep\u00e9r\u00e9 en centre-ville.<\/p>\n<p>En possession d\u2019autres objets d\u00e9rob\u00e9s<\/p>\n<p class=\" wall-content\">Interpell\u00e9 puis plac\u00e9 en garde \u00e0 vue, l\u2019homme portait non seulement sur lui le t\u00e9l\u00e9phone vol\u00e9, mais \u00e9galement <b>un autre appareil et un moyen de paiement<\/b> qui ne lui appartenaient pas.<\/p>\n<p class=\" wall-content\">D\u00e9f\u00e9r\u00e9 d\u00e8s le lendemain devant la justice, il a \u00e9t\u00e9 jug\u00e9 en <b>comparution sur reconnaissance pr\u00e9alable de culpabilit\u00e9.<\/b><\/p>\n<p class=\" wall-content\">Le tribunal l\u2019a condamn\u00e9 \u00e0 70\u00a0heures de travaux d\u2019int\u00e9r\u00eat g\u00e9n\u00e9ral.<\/p>\n<p class=\" wall-content\">Personnalisez votre actualit\u00e9 en ajoutant vos villes et m\u00e9dias en favori avec <a href=\"https:\/\/moncompte.actu.fr\" title=\"D\u00e9couvez Mon Actu\" rel=\"nofollow noopener\" data-trk=\"{&quot;cta&quot;:{&quot;action&quot;:&quot;https:\\\/\\\/moncompte.actu.fr&quot;,&quot;category&quot;:&quot;mon compte&quot;,&quot;from&quot;:&quot;article footer&quot;,&quot;name&quot;:&quot;Mon actu&quot;,&quot;type&quot;:&quot;cta&quot;}}\" target=\"_blank\">Mon Actu<\/a>.<\/p>\n","protected":false},"excerpt":{"rendered":"Par Ludovic Ameline Publi\u00e9 le 27 ao\u00fbt 2025 \u00e0 19h22 Les faits se sont d\u00e9roul\u00e9s mardi 26\u00a0ao\u00fbt 2025,&hellip;\n","protected":false},"author":2,"featured_media":349316,"comment_status":"","ping_status":"","sticky":false,"template":"","format":"standard","meta":{"footnotes":""},"categories":[6],"tags":[35,33,34,118,1011,27,303,1072],"class_list":{"0":"post-349315","1":"post","2":"type-post","3":"status-publish","4":"format-standard","5":"has-post-thumbnail","7":"category-economie","8":"tag-business","9":"tag-economie","10":"tag-economy","11":"tag-faits-divers","12":"tag-fr","13":"tag-france","14":"tag-justice","15":"tag-police"},"share_on_mastodon":{"url":"https:\/\/pubeurope.com\/@fr\/115104834088518629","error":""},"_links":{"self":[{"href":"https:\/\/www.europesays.com\/fr\/wp-json\/wp\/v2\/posts\/349315","targetHints":{"allow":["GET"]}}],"collection":[{"href":"https:\/\/www.europesays.com\/fr\/wp-json\/wp\/v2\/posts"}],"about":[{"href":"https:\/\/www.europesays.com\/fr\/wp-json\/wp\/v2\/types\/post"}],"author":[{"embeddable":true,"href":"https:\/\/www.europesays.com\/fr\/wp-json\/wp\/v2\/users\/2"}],"replies":[{"embeddable":true,"href":"https:\/\/www.europesays.com\/fr\/wp-json\/wp\/v2\/comments?post=349315"}],"version-history":[{"count":0,"href":"https:\/\/www.europesays.com\/fr\/wp-json\/wp\/v2\/posts\/349315\/revisions"}],"wp:featuredmedia":[{"embeddable":true,"href":"https:\/\/www.europesays.com\/fr\/wp-json\/wp\/v2\/media\/349316"}],"wp:attachment":[{"href":"https:\/\/www.europesays.com\/fr\/wp-json\/wp\/v2\/media?parent=349315"}],"wp:term":[{"taxonomy":"category","embeddable":true,"href":"https:\/\/www.europesays.com\/fr\/wp-json\/wp\/v2\/categories?post=349315"},{"taxonomy":"post_tag","embeddable":true,"href":"https:\/\/www.europesays.com\/fr\/wp-json\/wp\/v2\/tags?post=349315"}],"curies":[{"name":"wp","href":"https:\/\/api.w.org\/{rel}","templated":true}]}}