{"id":349317,"date":"2025-08-28T05:52:10","date_gmt":"2025-08-28T05:52:10","guid":{"rendered":"https:\/\/www.europesays.com\/fr\/349317\/"},"modified":"2025-08-28T05:52:10","modified_gmt":"2025-08-28T05:52:10","slug":"permis-de-conduire-pourquoi-celui-des-francais-est-envie-dans-le-monde-entier","status":"publish","type":"post","link":"https:\/\/www.europesays.com\/fr\/349317\/","title":{"rendered":"Permis de conduire\u00a0: pourquoi celui des Fran\u00e7ais est envi\u00e9 dans le monde entier"},"content":{"rendered":"<p class=\"paragraph text_align_left lp-f-body-02\">Vous ne vous en \u00eates pas forc\u00e9ment rendu compte cet \u00e9t\u00e9 si vous avez lou\u00e9 une voiture pendant des vacances \u00e0 l\u2019\u00e9tranger, mais votre <a href=\"https:\/\/www.leparisien.fr\/societe\/il-ny-a-plus-de-place-pour-passer-le-permis-de-conduire-cest-lembouteillage-11-07-2025-QK7SCKTGIRHEBAPHSPATWFWSRU.php\" target=\"_blank\" rel=\"noreferrer noopener\">permis de conduire<\/a> est un s\u00e9same que beaucoup d\u2019automobilistes nous envient. Il est en effet l\u2019un des plus reconnus par les administrations \u00e0 travers le monde et, de facto, l\u2019un des plus faciles \u00e0 utiliser sans avoir de d\u00e9marches \u00e0 effectuer pour pouvoir prendre le volant.<\/p>\n<p class=\"paragraph text_align_left lp-f-body-02\">Un peu \u00e0 la mani\u00e8re des <a href=\"https:\/\/www.leparisien.fr\/international\/voici-les-pays-dont-les-passeports-sont-les-plus-puissants-la-france-perd-encore-une-place-au-classement-23-07-2025-4E4IEUD6MFD33PMMU5NQWXTRBA.php\" target=\"_blank\" rel=\"noreferrer noopener\">classements de passeports<\/a> &#8211; selon qu\u2019ils doivent o\u00f9 non \u00eatre tamponn\u00e9s d\u2019un visa pour entrer dans tel ou tel pays &#8211; le site australien ComparetheMarket, sp\u00e9cialis\u00e9 dans les comparaisons d\u2019offres d\u2019assurances, a analys\u00e9 les profils des permis d\u00e9livr\u00e9s dans 19 pays \u00e0 partir de trois crit\u00e8res diff\u00e9rents : leur dur\u00e9e de validit\u00e9, le co\u00fbt de l\u2019apprentissage et de l\u2019obtention du permis et, enfin, leur niveau de reconnaissance au-del\u00e0 des fronti\u00e8res.<\/p>\n","protected":false},"excerpt":{"rendered":"Vous ne vous en \u00eates pas forc\u00e9ment rendu compte cet \u00e9t\u00e9 si vous avez lou\u00e9 une voiture pendant&hellip;\n","protected":false},"author":2,"featured_media":349318,"comment_status":"","ping_status":"","sticky":false,"template":"","format":"standard","meta":{"footnotes":""},"categories":[5],"tags":[11,1011,27,3746,14,12,28],"class_list":{"0":"post-349317","1":"post","2":"type-post","3":"status-publish","4":"format-standard","5":"has-post-thumbnail","7":"category-international","8":"tag-actualites","9":"tag-fr","10":"tag-france","11":"tag-futurs","12":"tag-international","13":"tag-news","14":"tag-world"},"share_on_mastodon":{"url":"https:\/\/pubeurope.com\/@fr\/115104837975235430","error":""},"_links":{"self":[{"href":"https:\/\/www.europesays.com\/fr\/wp-json\/wp\/v2\/posts\/349317","targetHints":{"allow":["GET"]}}],"collection":[{"href":"https:\/\/www.europesays.com\/fr\/wp-json\/wp\/v2\/posts"}],"about":[{"href":"https:\/\/www.europesays.com\/fr\/wp-json\/wp\/v2\/types\/post"}],"author":[{"embeddable":true,"href":"https:\/\/www.europesays.com\/fr\/wp-json\/wp\/v2\/users\/2"}],"replies":[{"embeddable":true,"href":"https:\/\/www.europesays.com\/fr\/wp-json\/wp\/v2\/comments?post=349317"}],"version-history":[{"count":0,"href":"https:\/\/www.europesays.com\/fr\/wp-json\/wp\/v2\/posts\/349317\/revisions"}],"wp:featuredmedia":[{"embeddable":true,"href":"https:\/\/www.europesays.com\/fr\/wp-json\/wp\/v2\/media\/349318"}],"wp:attachment":[{"href":"https:\/\/www.europesays.com\/fr\/wp-json\/wp\/v2\/media?parent=349317"}],"wp:term":[{"taxonomy":"category","embeddable":true,"href":"https:\/\/www.europesays.com\/fr\/wp-json\/wp\/v2\/categories?post=349317"},{"taxonomy":"post_tag","embeddable":true,"href":"https:\/\/www.europesays.com\/fr\/wp-json\/wp\/v2\/tags?post=349317"}],"curies":[{"name":"wp","href":"https:\/\/api.w.org\/{rel}","templated":true}]}}