{"id":349322,"date":"2025-08-28T05:55:13","date_gmt":"2025-08-28T05:55:13","guid":{"rendered":"https:\/\/www.europesays.com\/fr\/349322\/"},"modified":"2025-08-28T05:55:13","modified_gmt":"2025-08-28T05:55:13","slug":"lex-depute-quentin-bataillon-vise-la-tete-de-liste-de-la-droite-et-du-centre","status":"publish","type":"post","link":"https:\/\/www.europesays.com\/fr\/349322\/","title":{"rendered":"l\u2019ex-d\u00e9put\u00e9 Quentin Bataillon vise la t\u00eate de liste de la droite et du centre"},"content":{"rendered":"<blockquote class=\"question\"><p>Vous faites partie du collectif Saint-Etienne ensemble 2026, qui va d\u00e9signer sa t\u00eate de liste, via un sondage, en vue des municipales de mars prochain. Allez-vous \u00eatre candidat\u00a0?<\/p><\/blockquote>\n<p>\u00ab\u00a0Oui, j\u2019accepte d\u2019\u00eatre candidat aux prochaines \u00e9lections municipales \u00e0 Saint-Etienne dans le cadre du sondage qui d\u00e9terminera la t\u00eate de liste. Notre projet doit allier une vision \u00e0 trente ans et \u00e0 30 m\u00e8tres\u00a0: trente ans pour redevenir une grande ville de France et 30 m\u00e8tres pour r\u00e9pondre aux besoins des habitants, rue par rue.\u00a0\u00bb<\/p>\n<blockquote class=\"question\"><p>Quels sont les \u00e9l\u00e9ments qui vous ont d\u00e9cid\u00e9\u00a0?<\/p><\/blockquote>\n<p>\u00ab\u00a0Au lendemain de la dissolution et des \u00e9lections l\u00e9gislatives anticip\u00e9es de l\u2019an dernier, j\u2019ai fait le choix de ne pas \u00eatre un professionnel de la politique. <a href=\"https:\/\/www.leprogres.fr\/elections\/2024\/07\/13\/quentin-bataillon-sans-regrets-ni-aigreur-je-reste-attentif-a-tout-ce-qui-se-passe-a-saint-etienne\" target=\"_blank\" rel=\"nofollow noopener\">J\u2019ai fait le choix de travailler dans le priv\u00e9<\/a> en cr\u00e9ant mon entreprise de conseils aux dirigeants d\u2019entreprise, \u00e0 la fois au niveau europ\u00e9en, mais aussi pour leur communication.<\/p>\n","protected":false},"excerpt":{"rendered":"Vous faites partie du collectif Saint-Etienne ensemble 2026, qui va d\u00e9signer sa t\u00eate de liste, via un sondage,&hellip;\n","protected":false},"author":2,"featured_media":349323,"comment_status":"","ping_status":"","sticky":false,"template":"","format":"standard","meta":{"footnotes":""},"categories":[9653],"tags":[1111,11,2430,7539,4188,1777,674,1011,27,12,316,25,4001,7538],"class_list":{"0":"post-349322","1":"post","2":"type-post","3":"status-publish","4":"format-standard","5":"has-post-thumbnail","7":"category-saint-etienne","8":"tag-actu","9":"tag-actualites","10":"tag-auvergne-rhone-alpes","11":"tag-edition-loire-sud","12":"tag-elections-municipales","13":"tag-eu","14":"tag-europe","15":"tag-fr","16":"tag-france","17":"tag-news","18":"tag-politique","19":"tag-republique-francaise","20":"tag-saint-etienne","21":"tag-saint-etienne-ville"},"share_on_mastodon":{"url":"https:\/\/pubeurope.com\/@fr\/115104850098160426","error":""},"_links":{"self":[{"href":"https:\/\/www.europesays.com\/fr\/wp-json\/wp\/v2\/posts\/349322","targetHints":{"allow":["GET"]}}],"collection":[{"href":"https:\/\/www.europesays.com\/fr\/wp-json\/wp\/v2\/posts"}],"about":[{"href":"https:\/\/www.europesays.com\/fr\/wp-json\/wp\/v2\/types\/post"}],"author":[{"embeddable":true,"href":"https:\/\/www.europesays.com\/fr\/wp-json\/wp\/v2\/users\/2"}],"replies":[{"embeddable":true,"href":"https:\/\/www.europesays.com\/fr\/wp-json\/wp\/v2\/comments?post=349322"}],"version-history":[{"count":0,"href":"https:\/\/www.europesays.com\/fr\/wp-json\/wp\/v2\/posts\/349322\/revisions"}],"wp:featuredmedia":[{"embeddable":true,"href":"https:\/\/www.europesays.com\/fr\/wp-json\/wp\/v2\/media\/349323"}],"wp:attachment":[{"href":"https:\/\/www.europesays.com\/fr\/wp-json\/wp\/v2\/media?parent=349322"}],"wp:term":[{"taxonomy":"category","embeddable":true,"href":"https:\/\/www.europesays.com\/fr\/wp-json\/wp\/v2\/categories?post=349322"},{"taxonomy":"post_tag","embeddable":true,"href":"https:\/\/www.europesays.com\/fr\/wp-json\/wp\/v2\/tags?post=349322"}],"curies":[{"name":"wp","href":"https:\/\/api.w.org\/{rel}","templated":true}]}}