{"id":349326,"date":"2025-08-28T05:57:34","date_gmt":"2025-08-28T05:57:34","guid":{"rendered":"https:\/\/www.europesays.com\/fr\/349326\/"},"modified":"2025-08-28T05:57:34","modified_gmt":"2025-08-28T05:57:34","slug":"photo-connemara-en-avant-premiere-au-cameo-saint-seb-lhumanite-sur-grand-ecran","status":"publish","type":"post","link":"https:\/\/www.europesays.com\/fr\/349326\/","title":{"rendered":"Photo. Connemara en avant-premi\u00e8re au Cam\u00e9o Saint Seb; l&rsquo;humanit\u00e9 sur grand \u00e9cran"},"content":{"rendered":"<p>Ce soir, le cin\u00e9ma Saint-S\u00e9bastien de Nancy a vibr\u00e9 au rythme du septi\u00e8me art avec l\u2019avant-premi\u00e8re tr\u00e8s attendue du film Connemara, r\u00e9alis\u00e9 par Alex Lutz et adapt\u00e9 du roman de Nicolas Mathieu. Apr\u00e8s\u00a0une projection sur Metz, c&rsquo;est dans deux\u00a0salles combles\u00a0\u00e0 Nancy que les spectateurs ont eu le privil\u00e8ge d\u2019assister \u00e0 une projection suivi de la pr\u00e9sence du r\u00e9alisateur et de l&rsquo;\u00e9crivain. Le public a pu \u00e9changer \u00e0 l\u2019issue de la s\u00e9ance, revenant sur les coulisses du tournage, les enjeux du sc\u00e9nario et l\u2019ancrage r\u00e9gional du film. Tourn\u00e9 en partie dans le Grand Est, Connemara met en sc\u00e8ne les retrouvailles de deux anciens camarades de lyc\u00e9e, H\u00e9l\u00e8ne et Christophe, quadrag\u00e9naires issus de milieux oppos\u00e9s, dans une France p\u00e9riph\u00e9rique marqu\u00e9e par les d\u00e9sillusions, les fractures sociales et les r\u00eaves inachev\u00e9s. Un film qui \u00e9meut,\u00a0interroge l\u2019\u00e2me humaine et donne le vertige existentiel.<\/p>\n","protected":false},"excerpt":{"rendered":"Ce soir, le cin\u00e9ma Saint-S\u00e9bastien de Nancy a vibr\u00e9 au rythme du septi\u00e8me art avec l\u2019avant-premi\u00e8re tr\u00e8s attendue&hellip;\n","protected":false},"author":2,"featured_media":349327,"comment_status":"","ping_status":"","sticky":false,"template":"","format":"standard","meta":{"footnotes":""},"categories":[9635],"tags":[1111,11,650,1687,1704,1777,674,107,1011,27,2798,775,1702,12,25,104],"class_list":{"0":"post-349326","1":"post","2":"type-post","3":"status-publish","4":"format-standard","5":"has-post-thumbnail","7":"category-nancy","8":"tag-actu","9":"tag-actualites","10":"tag-cinema","11":"tag-culture-loisirs","12":"tag-edition-nancy-et-agglomeration","13":"tag-eu","14":"tag-europe","15":"tag-fil-info","16":"tag-fr","17":"tag-france","18":"tag-galerie-photo","19":"tag-grand-est","20":"tag-nancy","21":"tag-news","22":"tag-republique-francaise","23":"tag-societe"},"share_on_mastodon":{"url":"https:\/\/pubeurope.com\/@fr\/115104857640744004","error":""},"_links":{"self":[{"href":"https:\/\/www.europesays.com\/fr\/wp-json\/wp\/v2\/posts\/349326","targetHints":{"allow":["GET"]}}],"collection":[{"href":"https:\/\/www.europesays.com\/fr\/wp-json\/wp\/v2\/posts"}],"about":[{"href":"https:\/\/www.europesays.com\/fr\/wp-json\/wp\/v2\/types\/post"}],"author":[{"embeddable":true,"href":"https:\/\/www.europesays.com\/fr\/wp-json\/wp\/v2\/users\/2"}],"replies":[{"embeddable":true,"href":"https:\/\/www.europesays.com\/fr\/wp-json\/wp\/v2\/comments?post=349326"}],"version-history":[{"count":0,"href":"https:\/\/www.europesays.com\/fr\/wp-json\/wp\/v2\/posts\/349326\/revisions"}],"wp:featuredmedia":[{"embeddable":true,"href":"https:\/\/www.europesays.com\/fr\/wp-json\/wp\/v2\/media\/349327"}],"wp:attachment":[{"href":"https:\/\/www.europesays.com\/fr\/wp-json\/wp\/v2\/media?parent=349326"}],"wp:term":[{"taxonomy":"category","embeddable":true,"href":"https:\/\/www.europesays.com\/fr\/wp-json\/wp\/v2\/categories?post=349326"},{"taxonomy":"post_tag","embeddable":true,"href":"https:\/\/www.europesays.com\/fr\/wp-json\/wp\/v2\/tags?post=349326"}],"curies":[{"name":"wp","href":"https:\/\/api.w.org\/{rel}","templated":true}]}}