{"id":349332,"date":"2025-08-28T06:02:11","date_gmt":"2025-08-28T06:02:11","guid":{"rendered":"https:\/\/www.europesays.com\/fr\/349332\/"},"modified":"2025-08-28T06:02:11","modified_gmt":"2025-08-28T06:02:11","slug":"le-jeune-caissier-etait-en-possession-de-produits-stupefiants-il-tente-de-prendre-la-fuite-a-la-vue-de-la-police","status":"publish","type":"post","link":"https:\/\/www.europesays.com\/fr\/349332\/","title":{"rendered":"Le jeune caissier \u00e9tait en possession de produits stup\u00e9fiants\u00a0: il tente de prendre la fuite \u00e0 la vue de la police"},"content":{"rendered":"<p>\n                                                                Les policiers l\u2019ont aper\u00e7u alors qu\u2019il se d\u00e9barrassait d\u2019un sac dans des buissons, dans le quartier de la Mosson.\n                            <\/p>\n<p>Lundi 25\u00a0ao\u00fbt \u00e0 18\u00a0h\u00a045, rue de Cambridge dans le quartier de la Mosson \u00e0 Montpellier, les policiers de la brigade sp\u00e9cialis\u00e9e de terrain effectuent une patrouille quand ils voient un individu se baisser vers des buissons et jeter un gros sac de cong\u00e9lation.<\/p>\n<p>Stup\u00e9fiants et 230\u00a0\u20ac en liquide<\/p>\n<p>\u00c0 la vue des forces de l\u2019ordre, l\u2019homme tente de prendre la fuite au guidon d\u2019une trottinette, mais il est intercept\u00e9. Dans sa sacoche, on trouve une dizaine de pochons totalisant 35\u00a0g de r\u00e9sine de cannabis et 25\u00a0g d\u2019herbe de cannabis, ainsi que 230\u00a0\u20ac en liquide.<\/p>\n<p>Le mis en cause, un Montpelli\u00e9rain de 23 ans, caissier dans un magasin, est interpell\u00e9 et plac\u00e9 en garde \u00e0 vue. Il sera jug\u00e9 dans le cadre d\u2019une ordonnance p\u00e9nale, une proc\u00e9dure simplifi\u00e9e, sans audience, le 6\u00a0d\u00e9cembre prochain.<\/p>\n","protected":false},"excerpt":{"rendered":"Les policiers l\u2019ont aper\u00e7u alors qu\u2019il se d\u00e9barrassait d\u2019un sac dans des buissons, dans le quartier de la&hellip;\n","protected":false},"author":2,"featured_media":349333,"comment_status":"","ping_status":"","sticky":false,"template":"","format":"standard","meta":{"footnotes":""},"categories":[9599],"tags":[1111,11,1777,674,1011,27,2208,12,2680,25],"class_list":{"0":"post-349332","1":"post","2":"type-post","3":"status-publish","4":"format-standard","5":"has-post-thumbnail","7":"category-montpellier","8":"tag-actu","9":"tag-actualites","10":"tag-eu","11":"tag-europe","12":"tag-fr","13":"tag-france","14":"tag-montpellier","15":"tag-news","16":"tag-occitanie","17":"tag-republique-francaise"},"share_on_mastodon":{"url":"https:\/\/pubeurope.com\/@fr\/115104877378298039","error":""},"_links":{"self":[{"href":"https:\/\/www.europesays.com\/fr\/wp-json\/wp\/v2\/posts\/349332","targetHints":{"allow":["GET"]}}],"collection":[{"href":"https:\/\/www.europesays.com\/fr\/wp-json\/wp\/v2\/posts"}],"about":[{"href":"https:\/\/www.europesays.com\/fr\/wp-json\/wp\/v2\/types\/post"}],"author":[{"embeddable":true,"href":"https:\/\/www.europesays.com\/fr\/wp-json\/wp\/v2\/users\/2"}],"replies":[{"embeddable":true,"href":"https:\/\/www.europesays.com\/fr\/wp-json\/wp\/v2\/comments?post=349332"}],"version-history":[{"count":0,"href":"https:\/\/www.europesays.com\/fr\/wp-json\/wp\/v2\/posts\/349332\/revisions"}],"wp:featuredmedia":[{"embeddable":true,"href":"https:\/\/www.europesays.com\/fr\/wp-json\/wp\/v2\/media\/349333"}],"wp:attachment":[{"href":"https:\/\/www.europesays.com\/fr\/wp-json\/wp\/v2\/media?parent=349332"}],"wp:term":[{"taxonomy":"category","embeddable":true,"href":"https:\/\/www.europesays.com\/fr\/wp-json\/wp\/v2\/categories?post=349332"},{"taxonomy":"post_tag","embeddable":true,"href":"https:\/\/www.europesays.com\/fr\/wp-json\/wp\/v2\/tags?post=349332"}],"curies":[{"name":"wp","href":"https:\/\/api.w.org\/{rel}","templated":true}]}}