{"id":349334,"date":"2025-08-28T06:03:10","date_gmt":"2025-08-28T06:03:10","guid":{"rendered":"https:\/\/www.europesays.com\/fr\/349334\/"},"modified":"2025-08-28T06:03:10","modified_gmt":"2025-08-28T06:03:10","slug":"mhsc-amiens-jai-senti-aussi-une-grande-confiance-du-coach-et-du-president-assure-simon-ngapandouetnbu-le-nouveau-gardien-montpellierain","status":"publish","type":"post","link":"https:\/\/www.europesays.com\/fr\/349334\/","title":{"rendered":"MHSC \u2013 Amiens\u00a0: \u00ab\u00a0J\u2019ai senti aussi une grande confiance du coach et du pr\u00e9sident\u00a0\u00bb, assure Simon Ngapandouetnbu, le nouveau gardien montpelli\u00e9rain"},"content":{"rendered":"<p>\n                                                                Le portier, venu de Marseille, s\u2019est montr\u00e9 reconnaissant au club de lui avoir donn\u00e9 sa chance comme n\u00b0\u00a01.\n                            <\/p>\n<p class=\"txt-question\">Comment s\u2019est fait, pour vous, le choix de venir \u00e0 Montpellier\u00a0?<\/p>\n<p>Montpellier, c\u2019est un grand club fran\u00e7ais, on le sait tous, et le projet que le coach et le club m\u2019ont pr\u00e9sent\u00e9 m\u2019a plu. C\u2019est la possibilit\u00e9 de me d\u00e9velopper et j\u2019ai senti aussi une grande confiance du coach et du pr\u00e9sident. C\u2019est vraiment quelque chose qui fait toute la diff\u00e9rence.<\/p>\n<p class=\"txt-question\">Quand on regarde votre parcours, vous \u00eates pass\u00e9 professionnel mais sans jouer, hormis la saison derni\u00e8re, en National, avec N\u00eemes. Est-ce que vous \u00eates venu chercher ici un r\u00f4le de num\u00e9ro un\u00a0?<\/p>\n<p>Oui, je voulais lancer ma carri\u00e8re et il y avait tous les feux verts pour venir ici. J\u2019arrive dans une structure qui me donne la chance de montrer ce que je peux faire.<\/p>\n<p class=\"txt-question\">Que retenez-vous, justement, de votre saison \u00e0 N\u00eemes\u00a0?<\/p>\n<p>Je retiens beaucoup de choses. En soi, je suis content, d\u00e9j\u00e0 du N\u00eemes Olympique, qui m\u2019a donn\u00e9 cette chance-l\u00e0 de faire ma premi\u00e8re saison en pro. Je suis moins content de la saison, parce qu\u2019on est descendu, ce n\u2019\u00e9tait pas l\u2019objectif, mais je suis aussi content parce que le coach a pu me donner cette chance-l\u00e0 de faire ma premi\u00e8re saison.<\/p>\n<p class=\"txt-question\">Pour l\u2019instant, vous n\u2019avez jou\u00e9 qu\u2019\u00e0 l\u2019ext\u00e9rieur. \u00cates-vous impatient d\u2019\u00e9voluer \u00e0 La Mosson\u00a0?<\/p>\n<p>J\u2019ai h\u00e2te, j\u2019ai d\u00e9couvert le stade il y a trois semaines, j\u2019\u00e9tais venu avec l\u2019OM, mais ce n\u2019\u00e9tait pas la m\u00eame chose.<\/p>\n<p class=\"txt-question\">Comment jugez-vous votre adaptation avec le groupe\u00a0?<\/p>\n<p>Je suis tr\u00e8s surpris parce qu\u2019ici, on m\u2019a bien accueilli. \u00c7a s\u2019est fait assez rapidement, m\u00eame les joueurs sont vraiment cool, ils sont incroyables. Je connaissais Enzo (Tchato, NDLR) puisqu\u2019on a fait la CAN (Coupe d\u2019Afrique des nations) ensemble, j\u2019ai d\u00e9j\u00e0 jou\u00e9 contre Mathieu Michel l\u2019ann\u00e9e derni\u00e8re, lui aussi m\u2019a tr\u00e8s bien accueilli. Il y a un groupe de gardiens top, aussi, c\u2019est-\u00e0-dire que c\u2019\u00e9tait facile pour moi.<\/p>\n<p class=\"txt-question\">Est-ce que vous avez des mod\u00e8les de gardien\u00a0?<\/p>\n<p>J\u2019en ai beaucoup, mais j\u2019en ai un et c\u2019est gr\u00e2ce \u00e0 lui que j\u2019ai commenc\u00e9, c\u2019est Steve Mandanda.<\/p>\n<p>J\u2019en ai un autre en s\u00e9lection, que je c\u00f4toie tous les jours, Andr\u00e9 Onana. Il y a \u00e9galement Paul Lopez, aussi, que j\u2019aime beaucoup, il m\u2019a permis d\u2019\u00e9voluer aussi. Et un dernier, qui n\u2019a rien \u00e0 voir avec tout \u00e7a, Jan Oblak.<\/p>\n<p>\u00ab\u00a0J\u2019ai mal v\u00e9cu la d\u00e9faite \u00e0 Troyes. Elle n\u2019\u00e9tait pas m\u00e9rit\u00e9e. C\u2019\u00e9tait frustrant.\u00a0\u00bb<\/p>\n<p class=\"txt-question\">Si vous deviez vous d\u00e9finir comme gardien de but, que diriez-vous et sur quoi devez-vous progresser\u00a0?<\/p>\n<p>Je suis aussi un gardien fort sur ma ligne, dans le jeu a\u00e9rien, la prise de profondeur. Et je dois m\u2019am\u00e9liorer dans la pr\u00e9cision de mon jeu au pied, la concentration et la compr\u00e9hension du jeu.<\/p>\n<p class=\"txt-question\">\u00c9tait-ce important que votre entra\u00eeneur affirme rapidement que vous seriez le n\u00b0\u00a01\u00a0?<\/p>\n<p>Oui, le coach m\u2019a directement mis en confiance, il ne m\u2019a pas mis de pression. Pour moi, \u00e7a compte beaucoup. C\u2019est vrai que c\u2019est compliqu\u00e9 de donner sa chance \u00e0 un jeune gardien. Apr\u00e8s, c\u2019est aussi \u00e0 moi d\u2019aller chercher ma place. Ce n\u2019est pas parce qu\u2019il l\u2019a dit que je dois m\u2019asseoir sur mes acquis et rien faire.<\/p>\n<p class=\"txt-question\">Montpellier a connu sa premi\u00e8re d\u00e9faite de la saison \u00e0 Troyes (1-0). Comment \u00e7a a-t-il \u00e9t\u00e9 v\u00e9cu\u00a0?<\/p>\n<p>Moi en tout cas, je l\u2019ai mal v\u00e9cu parce que je pense que ce n\u2019\u00e9tait pas une d\u00e9faite m\u00e9rit\u00e9e. Sans vous mentir, je suis un peu \u00e9nerv\u00e9 \u00e0 cause de ce match, Je n\u2019ai pas les mots pour le week-end dernier, mais en tout cas, c\u2019\u00e9tait frustrant.<\/p>\n","protected":false},"excerpt":{"rendered":"Le portier, venu de Marseille, s\u2019est montr\u00e9 reconnaissant au club de lui avoir donn\u00e9 sa chance comme n\u00b0\u00a01.&hellip;\n","protected":false},"author":2,"featured_media":349335,"comment_status":"","ping_status":"","sticky":false,"template":"","format":"standard","meta":{"footnotes":""},"categories":[9599],"tags":[1111,11,1777,674,1011,27,2208,12,2680,25],"class_list":{"0":"post-349334","1":"post","2":"type-post","3":"status-publish","4":"format-standard","5":"has-post-thumbnail","7":"category-montpellier","8":"tag-actu","9":"tag-actualites","10":"tag-eu","11":"tag-europe","12":"tag-fr","13":"tag-france","14":"tag-montpellier","15":"tag-news","16":"tag-occitanie","17":"tag-republique-francaise"},"share_on_mastodon":{"url":"https:\/\/pubeurope.com\/@fr\/115104881365456422","error":""},"_links":{"self":[{"href":"https:\/\/www.europesays.com\/fr\/wp-json\/wp\/v2\/posts\/349334","targetHints":{"allow":["GET"]}}],"collection":[{"href":"https:\/\/www.europesays.com\/fr\/wp-json\/wp\/v2\/posts"}],"about":[{"href":"https:\/\/www.europesays.com\/fr\/wp-json\/wp\/v2\/types\/post"}],"author":[{"embeddable":true,"href":"https:\/\/www.europesays.com\/fr\/wp-json\/wp\/v2\/users\/2"}],"replies":[{"embeddable":true,"href":"https:\/\/www.europesays.com\/fr\/wp-json\/wp\/v2\/comments?post=349334"}],"version-history":[{"count":0,"href":"https:\/\/www.europesays.com\/fr\/wp-json\/wp\/v2\/posts\/349334\/revisions"}],"wp:featuredmedia":[{"embeddable":true,"href":"https:\/\/www.europesays.com\/fr\/wp-json\/wp\/v2\/media\/349335"}],"wp:attachment":[{"href":"https:\/\/www.europesays.com\/fr\/wp-json\/wp\/v2\/media?parent=349334"}],"wp:term":[{"taxonomy":"category","embeddable":true,"href":"https:\/\/www.europesays.com\/fr\/wp-json\/wp\/v2\/categories?post=349334"},{"taxonomy":"post_tag","embeddable":true,"href":"https:\/\/www.europesays.com\/fr\/wp-json\/wp\/v2\/tags?post=349334"}],"curies":[{"name":"wp","href":"https:\/\/api.w.org\/{rel}","templated":true}]}}