{"id":349336,"date":"2025-08-28T06:04:10","date_gmt":"2025-08-28T06:04:10","guid":{"rendered":"https:\/\/www.europesays.com\/fr\/349336\/"},"modified":"2025-08-28T06:04:10","modified_gmt":"2025-08-28T06:04:10","slug":"le-calvaire-dune-fille-dont-le-pere-a-disparu-depuis-des-mois-pres-de-rouen","status":"publish","type":"post","link":"https:\/\/www.europesays.com\/fr\/349336\/","title":{"rendered":"le calvaire d&rsquo;une fille dont le p\u00e8re a disparu depuis des mois, pr\u00e8s de Rouen"},"content":{"rendered":"<p>            Par<br \/>\n        <strong><br \/>\n            <a href=\"https:\/\/actu.fr\/auteur\/julien-bouteiller\" title=\"Consulter tous les articles de Julien Bouteiller\" rel=\"nofollow noopener\" target=\"_blank\">Julien Bouteiller<\/a><br \/>\n        <\/strong><\/p>\n<p>        Publi\u00e9 le<\/p>\n<p>            28 ao\u00fbt 2025 \u00e0 7h12        <\/p>\n<p><strong>Envisager le pire ou le plus fou, enqu\u00eater, chercher, fouiller\u2026<\/strong> Depuis la fin du mois de mai\u00a02025, c\u2019est le quotidien de Ludivine. <a href=\"https:\/\/actu.fr\/normandie\/sainte-marguerite-sur-duclair_76608\/jean-luc-a-disparu-depuis-pres-d-un-mois-en-seine-maritime-l-enquete-se-poursuit_62809462.html\" rel=\"nofollow noopener\" target=\"_blank\">Son p\u00e8re, Jean-Luc, a disparu sans laisser de trace<\/a> <strong>dans la r\u00e9gion de Rouen<\/strong>. Pour ses proches, reste toujours un peu d\u2019espoir, mais surtout un besoin visc\u00e9ral d\u2019avoir des r\u00e9ponses. \u00ab\u2009On a tout envisag\u00e9. On ne sait plus du tout o\u00f9 chercher\u2009\u00bb, t\u00e9moigne-t-elle aupr\u00e8s de 76actu.<\/p>\n<p>Si vous d\u00e9tenez des informations&#8230;<\/p>\n<p>Si vous pensez avoir vu Jean-Luc, ou d\u00e9tenez la moindre information sur sa disparition, vous pouvez contacter la gendarmerie de Rives-en-Seine au 02 35 96 10 17.<\/p>\n<p>Disparu depuis presque trois mois<\/p>\n<p class=\" wall-content\"><strong>C\u2019est depuis le 2\u00a0juin<\/strong> que la disparition de Jean-Luc, habitant de<strong> Sainte-Marguerite-sur-Duclair<\/strong>, est officiellement d\u00e9clar\u00e9e. Avant cela, il n\u2019a pas donn\u00e9 signe de vie apr\u00e8s le 26\u00a0mai. Selon les \u00e9l\u00e9ments de l\u2019enqu\u00eate, son t\u00e9l\u00e9phone a cess\u00e9 de borner le 29.<\/p>\n<p class=\" wall-content\">Ludivine, en froid avec son p\u00e8re, <strong>a appris sa disparition via les r\u00e9seaux sociaux.<\/strong> \u00ab\u2009J\u2019ai \u00e9t\u00e9 tr\u00e8s choqu\u00e9e, j\u2019ai \u00e9norm\u00e9ment pleur\u00e9. \u00c7a reste mon papa, m\u00eame si on ne se parlait plus\u2009\u00bb, explique-t-elle.<\/p>\n<p class=\" wall-content\">Une battue a \u00e9t\u00e9 organis\u00e9e. En vain. \u00ab\u2009Dans un premier temps, j\u2019ai pr\u00e9f\u00e9r\u00e9 laisser faire la gendarmerie, mais il n\u2019y avait rien, pas de trace de sang, rien du tout.\u2009\u00bb<\/p>\n<p class=\" wall-content\">Les enqu\u00eateurs tentent, en interrogeant l\u2019entourage de Jean-Luc, de<strong> d\u00e9terminer un profil<\/strong>. \u00ab\u2009Le divorce avec ma m\u00e8re a \u00e9t\u00e9 prononc\u00e9 d\u00e9finitivement quelques jours avant. Et quelques semaines auparavant, il avait \u00e9t\u00e9 admis en psychiatrie, car il avait cess\u00e9 de donner signe de vie pendant un certain temps.\u2009\u00bb<\/p>\n<p>Suicide, enl\u00e8vement, secte\u2026<\/p>\n<p class=\" wall-content\">De quoi soup\u00e7onner un profil potentiellement suicidaire, <strong>une piste parmi d\u2019autres<\/strong>. \u00ab\u2009Mais \u00e0 l\u2019h\u00f4pital, ils ont estim\u00e9 que son \u00e9tat n\u2019\u00e9tait pas pr\u00e9occupant, il n\u2019avait pas d\u2019id\u00e9es noires\u2009\u00bb, pr\u00e9cise Ludivine. \u00ab\u2009Les enqu\u00eateurs ne nous disent rien, aucune piste n\u2019est envisag\u00e9e plus qu\u2019une autre\u2009:<strong> suicide, enl\u00e8vement, l\u2019embrigadement dans une secte, disparition volontaire<\/strong>\u2026\u2009\u00bb<\/p>\n<p>Votre r\u00e9gion, votre actu !<\/p>\n<p>Recevez chaque jour les infos qui comptent pour vous.<\/p>\n<p>\t<a href=\"https:\/\/actu.fr\/newsletter\" class=\"ac-btn ac-btn--corner ac-btn--medium ac-btn--blue800\" rel=\"nofollow noopener\" target=\"_blank\">S&rsquo;incrire<\/a><\/p>\n<p class=\" wall-content\">Cette derni\u00e8re hypoth\u00e8se semble discutable pour la jeune femme de 27\u00a0ans, \u00ab\u2009car il est parti sans rien\u2009\u00bb.<\/p>\n<p class=\" wall-content\">Avec son oncle, Ludivine se met, elle aussi, \u00e0 enqu\u00eater, d\u00e9m\u00ealer les fils de la vie, pas toujours simple, de son papa, r\u00e9fl\u00e9chir \u00e0 des lieux o\u00f9 il aurait pu se cacher, des t\u00e9moins \u00e0 interroger. \u00ab\u2009On a fait les for\u00eats, les abords de for\u00eats, <strong>on a tout ratiss\u00e9<\/strong>, on a fouill\u00e9 les caves de l\u2019immeuble o\u00f9 il travaille. Personne n\u2019a rien vu, rien entendu.\u2009\u00bb<\/p>\n<p>G\u00e9rer une disparition au quotidien<\/p>\n<p class=\" wall-content\">Cette disparition ravive aussi des blessures familiales, des conflits. Mais Ludivine veut avant tout se concentrer sur son p\u00e8re. <strong>Envisager toutes les solutions<\/strong>, comme investir au mieux les r\u00e9seaux sociaux ou consulter un magn\u00e9tiseur. \u00ab\u2009Ce n\u2019est pas forc\u00e9ment quelque chose auquel je crois, mais j\u2019avais besoin de \u00e7a. Il m\u2019a dit que mon p\u00e8re se cacherait chez quelqu\u2019un, serait bless\u00e9, mais qu\u2019il n\u2019est pas mort. Je ressens beaucoup les choses, et je ne sens pas non plus que mon p\u00e8re est d\u00e9c\u00e9d\u00e9.\u2009\u00bb<\/p>\n<p class=\" wall-content\"><strong>Mais il y a aussi des choses plus triviales \u00e0 g\u00e9rer<\/strong>. Par exemple, couper le gaz et l\u2019\u00e9lectricit\u00e9 au domicile de son p\u00e8re, \u00ab\u2009car, s\u2019il revient, je ne veux pas qu\u2019il ait une dette\u2009\u00bb. Ou bien <strong>contester le licenciement de Jean-Luc par son employeur<\/strong>. \u00ab\u2009Il est officiellement port\u00e9 disparu, je ne comprends pas qu\u2019on puisse le virer\u2009!\u2009\u00bb, s\u2019\u00e9nerve Ludivine.<\/p>\n<p class=\" wall-content\">Le temps consacr\u00e9 \u00e0 rechercher et exploiter la moindre piste est long. Tout en ayant une vie quotidienne \u00e0 g\u00e9rer.<\/p>\n<blockquote class=\"ac-article-quote wall-content\">\n<p>Les premi\u00e8res semaines, je ne dormais quasiment pas, je pleurais \u00e9norm\u00e9ment. \u00c7a m&rsquo;a affect\u00e9 plus que je ne le pensais. Mais je ne peux pas m&rsquo;arr\u00eater de vivre.<\/p>\n<p>    <strong>Ludivine<\/strong><br \/>\n        fille de Jean-Luc, port\u00e9 disparu    <\/p><\/blockquote>\n<p class=\" wall-content\">Notamment pour ses enfants, auxquels il a fallu expliquer \u00ab\u2009avec des mots simples\u2009\u00bb, la situation.<\/p>\n<p class=\" wall-content\">Cette disparition, c\u2019est une vie remplie de doutes et d\u2019interrogations insupportables, et d\u2019espoir qui s\u2019amenuise. \u00ab\u2009Je pr\u00e9f\u00e9rerais savoir qu\u2019il est mort, plut\u00f4t qu\u2019on ne le retrouve jamais et ne pas savoir.\u2009\u00bb<\/p>\n<p class=\" wall-content\">Et si par chance Jean-Luc revient sain et sauf\u2009? \u00ab\u2009Je lui secouerais bien les puces, en lui disant que s\u2019il avait un mal-\u00eatre, ce n\u2019est pas en disparaissant qu\u2019on le r\u00e8gle. Je ne pense pas que \u00e7a changerait notre relation, mais je veux savoir. <strong>La nuit, je fais des cauchemars, je le vois et je lui demande \u00ab\u00a0Mais t\u2019es o\u00f9\u2009?\u00a0\u00bb<\/strong>\u2026 \u00bb<\/p>\n<p>Suivez l\u2019actualit\u00e9 de Rouen <a href=\"https:\/\/www.whatsapp.com\/channel\/0029VaKfnf99hXF2ddApFB1D\" rel=\"nofollow noopener\" target=\"_blank\">sur notre cha\u00eene WhatsApp<\/a> et <a href=\"https:\/\/www.tiktok.com\/@76actu.fr?lang=fr\" rel=\"nofollow noopener\" target=\"_blank\">sur notre compte TikTok<\/a><\/p>\n<p class=\" wall-content\">Personnalisez votre actualit\u00e9 en ajoutant vos villes et m\u00e9dias en favori avec <a href=\"https:\/\/moncompte.actu.fr\" title=\"D\u00e9couvez Mon Actu\" rel=\"nofollow noopener\" data-trk=\"{&quot;cta&quot;:{&quot;action&quot;:&quot;https:\\\/\\\/moncompte.actu.fr&quot;,&quot;category&quot;:&quot;mon compte&quot;,&quot;from&quot;:&quot;article footer&quot;,&quot;name&quot;:&quot;Mon actu&quot;,&quot;type&quot;:&quot;cta&quot;}}\" target=\"_blank\">Mon Actu<\/a>.<\/p>\n<p>                    <script async src=\"\/\/www.tiktok.com\/embed.js\"><\/script><\/p>\n","protected":false},"excerpt":{"rendered":"Par Julien Bouteiller Publi\u00e9 le 28 ao\u00fbt 2025 \u00e0 7h12 Envisager le pire ou le plus fou, enqu\u00eater,&hellip;\n","protected":false},"author":2,"featured_media":349337,"comment_status":"","ping_status":"","sticky":false,"template":"","format":"standard","meta":{"footnotes":""},"categories":[9587],"tags":[1111,11,4260,3676,1777,674,1011,27,12,5161,25,9590,104,240],"class_list":{"0":"post-349336","1":"post","2":"type-post","3":"status-publish","4":"format-standard","5":"has-post-thumbnail","7":"category-rouen","8":"tag-actu","9":"tag-actualites","10":"tag-appel-a-temoins","11":"tag-disparition-inquietante","12":"tag-eu","13":"tag-europe","14":"tag-fr","15":"tag-france","16":"tag-news","17":"tag-normandie","18":"tag-republique-francaise","19":"tag-rouen","20":"tag-societe","21":"tag-temoignage"},"share_on_mastodon":{"url":"https:\/\/pubeurope.com\/@fr\/115104885198941444","error":""},"_links":{"self":[{"href":"https:\/\/www.europesays.com\/fr\/wp-json\/wp\/v2\/posts\/349336","targetHints":{"allow":["GET"]}}],"collection":[{"href":"https:\/\/www.europesays.com\/fr\/wp-json\/wp\/v2\/posts"}],"about":[{"href":"https:\/\/www.europesays.com\/fr\/wp-json\/wp\/v2\/types\/post"}],"author":[{"embeddable":true,"href":"https:\/\/www.europesays.com\/fr\/wp-json\/wp\/v2\/users\/2"}],"replies":[{"embeddable":true,"href":"https:\/\/www.europesays.com\/fr\/wp-json\/wp\/v2\/comments?post=349336"}],"version-history":[{"count":0,"href":"https:\/\/www.europesays.com\/fr\/wp-json\/wp\/v2\/posts\/349336\/revisions"}],"wp:featuredmedia":[{"embeddable":true,"href":"https:\/\/www.europesays.com\/fr\/wp-json\/wp\/v2\/media\/349337"}],"wp:attachment":[{"href":"https:\/\/www.europesays.com\/fr\/wp-json\/wp\/v2\/media?parent=349336"}],"wp:term":[{"taxonomy":"category","embeddable":true,"href":"https:\/\/www.europesays.com\/fr\/wp-json\/wp\/v2\/categories?post=349336"},{"taxonomy":"post_tag","embeddable":true,"href":"https:\/\/www.europesays.com\/fr\/wp-json\/wp\/v2\/tags?post=349336"}],"curies":[{"name":"wp","href":"https:\/\/api.w.org\/{rel}","templated":true}]}}