{"id":349340,"date":"2025-08-28T06:09:10","date_gmt":"2025-08-28T06:09:10","guid":{"rendered":"https:\/\/www.europesays.com\/fr\/349340\/"},"modified":"2025-08-28T06:09:10","modified_gmt":"2025-08-28T06:09:10","slug":"rennes-boucle-un-premier-joli-coup-en-attaque-mais-ne-veut-pas-sarreter-la","status":"publish","type":"post","link":"https:\/\/www.europesays.com\/fr\/349340\/","title":{"rendered":"Rennes boucle un premier joli coup en attaque mais ne veut pas s&rsquo;arr\u00eater l\u00e0"},"content":{"rendered":"<p>07h35<\/p>\n<p>Accord<\/p>\n<p>Accord total Rennes-Angers pour Esteban Lepaul<\/p>\n<p>Orphelin d&rsquo;Arnaud Kalimuendo, transf\u00e9r\u00e9 \u00e0 Nottingham Forest pendant le mercato estival, Rennes va boucler le recrutement d&rsquo;Esteban Lepaul. L&rsquo;attaquant d&rsquo;Angers est attendu \u00e0 Rennes ce jeudi en d\u00e9but d&rsquo;apr\u00e8s-midi pour passer sa visite m\u00e9dicale.<\/p>\n<p>Le montant du transfert est fix\u00e9 \u00e0 13,5 millions d&rsquo;euros auxquels pourra s&rsquo;ajouter jusqu&rsquo;\u00e0 1,5 million suppl\u00e9mentaire sous forme de bonus. Comme r\u00e9v\u00e9l\u00e9 par RMC Sport d\u00e8s mercredi, le buteur du SCO s&rsquo;\u00e9tait d\u00e9j\u00e0 mis d&rsquo;accord avec le club breton autour d&rsquo;un contrat de quatre ans.<\/p>\n<p>Malgr\u00e9 l&rsquo;arriv\u00e9e imminente d&rsquo;Esteban Lepaul, le Stade Rennais aimerait recruter un autre attaquant avant la fermeture du march\u00e9 des transferts lundi prochain \u00e0 20h.<\/p>\n<p><strong>Fabrice Hawkins<\/strong><\/p>\n<p>07h34<\/p>\n<p>Bonjour \u00e0 tous,<\/p>\n<p>Bienvenue dans ce nouveau live consacr\u00e9 au mercato sur le site et l&rsquo;application RMC Sport. Pour ceux qui auraient pass\u00e9 les derniers jours dans une grotte, <a href=\"https:\/\/rmcsport.bfmtv.com\/football\/transferts\/direct-mercato-toutes-les-infos-et-rumeurs-de-transfert-du-25-aout-en-live_LN-202508250221.html\" title=\"DIRECT. Mercato: l&#039;OM a trouv\u00e9 un accord avec Bournemouth pour Hamed Junior Traor\u00e9\" class=\"internal_link\" rel=\"nofollow noopener\" target=\"_blank\">la session de rattrapage est par l\u00e0<\/a>. Mais sinon, parmi les dossiers chauds, on trouve notamment l&rsquo;OM qui s&rsquo;active aussi bien dans le sens des arriv\u00e9es avec <a href=\"https:\/\/rmcsport.bfmtv.com\/football\/transferts\/mercato-accord-trouve-entre-l-om-et-bournemouth-pour-hamed-junior-traore_AV-202508270647.html\" title=\"Mercato: accord trouv\u00e9 entre l&#039;OM et Bournemouth pour Hamed Junior Traor\u00e9\" class=\"internal_link\" rel=\"nofollow noopener\" target=\"_blank\">Hamed Junior Traor\u00e9<\/a>, et malgr\u00e9 <a href=\"https:\/\/rmcsport.bfmtv.com\/football\/clubs\/olympique-marseille\/mercato-retournement-total-de-situation-dans-le-dossier-ceballos-a-l-om_AV-202508270545.html\" title=\"Mercato: retournement total de situation dans le dossier Ceballos \u00e0 l&#039;OM\" class=\"internal_link\" rel=\"nofollow noopener\" target=\"_blank\">l&rsquo;\u00e9chec Dani Ceballos<\/a>, que dans le sens des d\u00e9parts puisque l&rsquo;avenir d&rsquo;Adrien Rabiot demeure flou.<\/p>\n<p>Mais les Marseillais ne sont pas les seuls \u00e0 s&rsquo;activer avant la cl\u00f4ture du mercato lundi prochain. Au PSG, on cherche une porte de sortie \u00e0 <a href=\"https:\/\/rmcsport.bfmtv.com\/football\/transferts\/pourquoi-gianluigi-donnarumma-n-a-toujours-pas-quitte-le-psg-malgre-l-interet-de-manchester-city_AV-202508250754.html\" title=\"Pourquoi Gianluigi Donnarumma n\u2019a toujours pas quitt\u00e9 le PSG malgr\u00e9 l&#039;int\u00e9r\u00eat de Manchester City\" class=\"internal_link\" rel=\"nofollow noopener\" target=\"_blank\">Gianluigi Donnarumma<\/a> apr\u00e8s en avoir trouv\u00e9 une pour <a href=\"https:\/\/rmcsport.bfmtv.com\/football\/transferts\/mercato-ce-club-espagnol-qui-tente-de-faire-venir-carlos-soler-indesirable-au-psg_AV-202508270292.html\" title=\"Mercato: ce club espagnol qui tente de faire venir Carlos Soler, ind\u00e9sirable au PSG\" class=\"internal_link\" rel=\"nofollow noopener\" target=\"_blank\">Carlos Soler<\/a>.<\/p>\n","protected":false},"excerpt":{"rendered":"07h35 Accord Accord total Rennes-Angers pour Esteban Lepaul Orphelin d&rsquo;Arnaud Kalimuendo, transf\u00e9r\u00e9 \u00e0 Nottingham Forest pendant le mercato&hellip;\n","protected":false},"author":2,"featured_media":349341,"comment_status":"","ping_status":"","sticky":false,"template":"","format":"standard","meta":{"footnotes":""},"categories":[2821],"tags":[1111,11,829,1777,674,1011,27,12,584,25],"class_list":{"0":"post-349340","1":"post","2":"type-post","3":"status-publish","4":"format-standard","5":"has-post-thumbnail","7":"category-rennes","8":"tag-actu","9":"tag-actualites","10":"tag-bretagne","11":"tag-eu","12":"tag-europe","13":"tag-fr","14":"tag-france","15":"tag-news","16":"tag-rennes","17":"tag-republique-francaise"},"share_on_mastodon":{"url":"https:\/\/pubeurope.com\/@fr\/115104904862000475","error":""},"_links":{"self":[{"href":"https:\/\/www.europesays.com\/fr\/wp-json\/wp\/v2\/posts\/349340","targetHints":{"allow":["GET"]}}],"collection":[{"href":"https:\/\/www.europesays.com\/fr\/wp-json\/wp\/v2\/posts"}],"about":[{"href":"https:\/\/www.europesays.com\/fr\/wp-json\/wp\/v2\/types\/post"}],"author":[{"embeddable":true,"href":"https:\/\/www.europesays.com\/fr\/wp-json\/wp\/v2\/users\/2"}],"replies":[{"embeddable":true,"href":"https:\/\/www.europesays.com\/fr\/wp-json\/wp\/v2\/comments?post=349340"}],"version-history":[{"count":0,"href":"https:\/\/www.europesays.com\/fr\/wp-json\/wp\/v2\/posts\/349340\/revisions"}],"wp:featuredmedia":[{"embeddable":true,"href":"https:\/\/www.europesays.com\/fr\/wp-json\/wp\/v2\/media\/349341"}],"wp:attachment":[{"href":"https:\/\/www.europesays.com\/fr\/wp-json\/wp\/v2\/media?parent=349340"}],"wp:term":[{"taxonomy":"category","embeddable":true,"href":"https:\/\/www.europesays.com\/fr\/wp-json\/wp\/v2\/categories?post=349340"},{"taxonomy":"post_tag","embeddable":true,"href":"https:\/\/www.europesays.com\/fr\/wp-json\/wp\/v2\/tags?post=349340"}],"curies":[{"name":"wp","href":"https:\/\/api.w.org\/{rel}","templated":true}]}}