{"id":349342,"date":"2025-08-28T06:10:12","date_gmt":"2025-08-28T06:10:12","guid":{"rendered":"https:\/\/www.europesays.com\/fr\/349342\/"},"modified":"2025-08-28T06:10:12","modified_gmt":"2025-08-28T06:10:12","slug":"toute-lactu-top-music-krautergersheim-50-ans-pour-la-fete-de-la-choucroute","status":"publish","type":"post","link":"https:\/\/www.europesays.com\/fr\/349342\/","title":{"rendered":"Toute l&rsquo;actu Top Music &#8211; Krautergersheim : 50 ans pour la f\u00eate de la choucroute"},"content":{"rendered":"<p><img decoding=\"async\" class=\"\" style=\"width:100%\" src=\"https:\/\/www.europesays.com\/fr\/wp-content\/uploads\/2025\/08\/483699761_1162967458948509_4996545572498421494_n1756357607920.jpg\" alt=\"1800 personnes sont attendues pendant les 3 jours de la f\u00eate de la choucroute \u00e0 Krautergersheim\"\/><\/p>\n<p>1800 personnes sont attendues pendant les 3 jours de la f\u00eate de la choucroute \u00e0 Krautergersheim<\/p>\n<p>Cr\u00e9dit : 1800 personnes sont attendues pendant les 3 jours de la f\u00eate de la choucroute \u00e0 Krautergersheim<\/p>\n<p>Elle va f\u00eater <strong>ses 50 ans<\/strong> cette ann\u00e9e ! La f\u00eate de la choucroute sera de retour \u00e0 Krautergersheim pour 4 soir\u00e9es : <strong>les 27, 28 septembre et les 4 et 11 octobre<\/strong>. Un \u00e9v\u00e8nement pour lequel les places s&rsquo;arrachent. L&rsquo;ann\u00e9e derni\u00e8re <strong>4000 billets avaient \u00e9t\u00e9 vendus en une heure<\/strong> ! Pour cette 50\u00e8me \u00e9dition, il va donc falloir faire vite pour esp\u00e8rer d\u00e9crocher un pr\u00e9cieux s\u00e9same. La billetterie ouvra <strong>le dimanche 31 ao\u00fbt \u00e0 10h<\/strong> avec une limite de 14 places par transaction. Comptez 35 euros par personne pour les soir\u00e9es du samedi et 25 euros pour les journ\u00e9es du dimanche.\u00a0<\/p>\n<\/p>\n<p><strong>Un programme de festivit\u00e9s<\/strong><\/p>\n<p>Au programme de cette f\u00eate de la choucroute : \u00e9videmment les d\u00e9gustations du fameux plat embl\u00e9matique de l&rsquo;Alsace <strong>mais aussi de nombreuses festivit\u00e9s<\/strong>. L&rsquo;orchestre Challenger animera les soir\u00e9es des 27 septembre et 4 octobre. Mais le 11 octobre, c&rsquo;est le petit prince du schlager, <strong>Robin Leon<\/strong> qui sera de la partie. L&rsquo;artiste sera sur sc\u00e8ne de 22h30 \u00e0 minuit. Au total, <strong>1800 places sont mises en vent<\/strong>e pour ces trois soir\u00e9es et la journ\u00e9e du dimanche 28 septembre. Une journ\u00e9e dominciale avec une parade et des stands d&rsquo;exposants.\u00a0<\/p>\n<p>\u00a0<\/p>\n","protected":false},"excerpt":{"rendered":"1800 personnes sont attendues pendant les 3 jours de la f\u00eate de la choucroute \u00e0 Krautergersheim Cr\u00e9dit :&hellip;\n","protected":false},"author":2,"featured_media":349343,"comment_status":"","ping_status":"","sticky":false,"template":"","format":"standard","meta":{"footnotes":""},"categories":[2820],"tags":[1111,11,2389,3581,11133,48583,1777,674,4768,1011,27,775,26012,48442,12,3016,25,48584,640,4890,20348],"class_list":{"0":"post-349342","1":"post","2":"type-post","3":"status-publish","4":"format-standard","5":"has-post-thumbnail","7":"category-strasbourg","8":"tag-actu","9":"tag-actualites","10":"tag-alsace","11":"tag-anniversaire","12":"tag-basrhin","13":"tag-choucroute","14":"tag-eu","15":"tag-europe","16":"tag-fete","17":"tag-fr","18":"tag-france","19":"tag-grand-est","20":"tag-grandest","21":"tag-krautergersheim","22":"tag-news","23":"tag-plat","24":"tag-republique-francaise","25":"tag-robinleon","26":"tag-strasbourg","27":"tag-topmusicfrance","28":"tag-tradition"},"share_on_mastodon":{"url":"https:\/\/pubeurope.com\/@fr\/115104909314087643","error":""},"_links":{"self":[{"href":"https:\/\/www.europesays.com\/fr\/wp-json\/wp\/v2\/posts\/349342","targetHints":{"allow":["GET"]}}],"collection":[{"href":"https:\/\/www.europesays.com\/fr\/wp-json\/wp\/v2\/posts"}],"about":[{"href":"https:\/\/www.europesays.com\/fr\/wp-json\/wp\/v2\/types\/post"}],"author":[{"embeddable":true,"href":"https:\/\/www.europesays.com\/fr\/wp-json\/wp\/v2\/users\/2"}],"replies":[{"embeddable":true,"href":"https:\/\/www.europesays.com\/fr\/wp-json\/wp\/v2\/comments?post=349342"}],"version-history":[{"count":0,"href":"https:\/\/www.europesays.com\/fr\/wp-json\/wp\/v2\/posts\/349342\/revisions"}],"wp:featuredmedia":[{"embeddable":true,"href":"https:\/\/www.europesays.com\/fr\/wp-json\/wp\/v2\/media\/349343"}],"wp:attachment":[{"href":"https:\/\/www.europesays.com\/fr\/wp-json\/wp\/v2\/media?parent=349342"}],"wp:term":[{"taxonomy":"category","embeddable":true,"href":"https:\/\/www.europesays.com\/fr\/wp-json\/wp\/v2\/categories?post=349342"},{"taxonomy":"post_tag","embeddable":true,"href":"https:\/\/www.europesays.com\/fr\/wp-json\/wp\/v2\/tags?post=349342"}],"curies":[{"name":"wp","href":"https:\/\/api.w.org\/{rel}","templated":true}]}}