{"id":349344,"date":"2025-08-28T06:11:16","date_gmt":"2025-08-28T06:11:16","guid":{"rendered":"https:\/\/www.europesays.com\/fr\/349344\/"},"modified":"2025-08-28T06:11:16","modified_gmt":"2025-08-28T06:11:16","slug":"veronique-diochet-est-la-nouvelle-directrice-du-1741-a-strasbourg-les-nouvelles-gastronomiques","status":"publish","type":"post","link":"https:\/\/www.europesays.com\/fr\/349344\/","title":{"rendered":"V\u00e9ronique Diochet est la nouvelle directrice du 1741 \u00e0 Strasbourg \u2022 Les Nouvelles Gastronomiques"},"content":{"rendered":"<p data-start=\"66\" data-end=\"204\"><strong>Le 1741, restaurant \u00e9toil\u00e9 Michelin \u00e0 Strasbourg depuis 2014, annonce la promotion de V\u00e9ronique Diochet au poste de directrice de salle.<\/strong><\/p>\n<p data-start=\"206\" data-end=\"630\">Arriv\u00e9e dans la maison en 2016, elle y a progressivement affirm\u00e9 son r\u00f4le apr\u00e8s un parcours marqu\u00e9 par de belles exp\u00e9riences aupr\u00e8s de grandes figures de la gastronomie. Elle d\u00e9bute au Cheval Blanc \u00e0 Lembach aux c\u00f4t\u00e9s de Fernand Mischler, puis poursuit au Buerehiesel \u00e0 Strasbourg aupr\u00e8s d\u2019Antoine Westermann. Avec son \u00e9poux, <strong>Val\u00e8re Diochet,<\/strong> elle dirige ensuite plusieurs ann\u00e9es le restaurant <strong>Le Pont au Chat<\/strong> \u00e0 Strasbourg.<\/p>\n<p><img data-recalc-dims=\"1\" loading=\"lazy\" decoding=\"async\" class=\"size-mailpoet_newsletter_max wp-image-86717\" src=\"https:\/\/www.europesays.com\/fr\/wp-content\/uploads\/2025\/08\/Veronique-Diochet-1741-\u00aeAJIGroup.jpg\" alt=\"\" width=\"1170\" height=\"1644\"  \/>V\u00e9ronique Diochet est la nouvelle directrice du 1741 \u00e0 Strasbourg<\/p>\n<p data-start=\"632\" data-end=\"1149\">Surnomm\u00e9e affectueusement \u00ab Mutti \u00bb par ses coll\u00e8gues, V\u00e9ronique Diochet souligne son \u00ab tr\u00e8s bon feeling \u00bb avec le chef <strong>J\u00e9r\u00e9my Page<\/strong>, dans ce lieu qu\u2019elle d\u00e9crit comme \u00ab un cocon apaisant et inspirant o\u00f9 l\u2019on travaille diff\u00e9remment \u00bb. Elle se dit \u00e9galement attach\u00e9e \u00e0 \u00ab une belle rencontre et une belle histoire \u00bb v\u00e9cues avec <strong>Mickael Wagner,<\/strong> l\u2019ancien directeur de salle parti au <strong>Cinq Terre \u00e0<\/strong> Barr, \u00e0 qui elle succ\u00e8de. Elle souhaite inscrire son action dans \u00ab la continuit\u00e9, tout en apportant sa touche personnelle \u00bb.<\/p>\n<p data-start=\"1151\" data-end=\"1746\">\u00ab Nous sommes particuli\u00e8rement fiers que V\u00e9ronique Diochet ait accept\u00e9 de prendre la direction de salle du 1741. Pr\u00e9sente depuis neuf ans dans l\u2019\u00e9tablissement, elle a d\u00e9j\u00e0 su conqu\u00e9rir nos clients et manager avec passion et empathie toute l\u2019\u00e9quipe de salle. Elle saura imprimer sa marque, dans le prolongement du duo qu\u2019elle a form\u00e9 avec Mickael Wagner, \u00e0 qui nous adressons nos plus sinc\u00e8res remerciements pour son engagement et le soin apport\u00e9 \u00e0 faire grandir le 1741, o\u00f9 il fut pr\u00e9sent d\u00e8s le jour d\u2019ouverture en 2012 \u00bb, d\u00e9clare <strong>C\u00e9dric Klein-Jochem,<\/strong> directeur g\u00e9n\u00e9ral de Salpa Restauration.<\/p>\n<p><a href=\"http:\/\/www.1741.fr\/\" rel=\"nofollow noopener\" target=\"_blank\">www.1741.fr\/<\/a><\/p>\n<p><strong>RELIRE<\/strong><\/p>\n<p><a href=\"https:\/\/nouvellesgastronomiques.com\/strasbourg-un-nouvel-elan-au-pont-aux-chats\/\" rel=\"nofollow noopener\" target=\"_blank\">V\u00e9ronique et Val\u00e8re Diochet Le Pont aux Chats<\/a><\/p>\n<p class=\"entry-title title flipboard-title\"><a href=\"https:\/\/nouvellesgastronomiques.com\/joel-philipps-et-michael-wagner-rejoignent-la-table-du-5-a-barr\/\" rel=\"nofollow noopener\" target=\"_blank\">Jo\u00ebl Philipps et Micha\u00ebl Wagner rejoignent La Table du 5 \u00e0 Barr<\/a><\/p>\n<p class=\"entry-title title flipboard-title\"><a href=\"https:\/\/nouvellesgastronomiques.com\/les-coups-de-coeur-du-sommelier-michael-wagner\/\" rel=\"nofollow noopener\" target=\"_blank\">Les coups de coeur du sommelier Michael Wagner<\/a><\/p>\n","protected":false},"excerpt":{"rendered":"Le 1741, restaurant \u00e9toil\u00e9 Michelin \u00e0 Strasbourg depuis 2014, annonce la promotion de V\u00e9ronique Diochet au poste de&hellip;\n","protected":false},"author":2,"featured_media":349345,"comment_status":"","ping_status":"","sticky":false,"template":"","format":"standard","meta":{"footnotes":""},"categories":[2820],"tags":[48585,1111,11,48586,1777,674,1011,27,775,48587,48588,12,25,640,48589],"class_list":{"0":"post-349344","1":"post","2":"type-post","3":"status-publish","4":"format-standard","5":"has-post-thumbnail","7":"category-strasbourg","8":"tag-48585","9":"tag-actu","10":"tag-actualites","11":"tag-cedric-klein-jochem","12":"tag-eu","13":"tag-europe","14":"tag-fr","15":"tag-france","16":"tag-grand-est","17":"tag-le-pont-aux-chats","18":"tag-mickael-wagner","19":"tag-news","20":"tag-republique-francaise","21":"tag-strasbourg","22":"tag-veronique-diochet"},"share_on_mastodon":{"url":"https:\/\/pubeurope.com\/@fr\/115104912803226011","error":""},"_links":{"self":[{"href":"https:\/\/www.europesays.com\/fr\/wp-json\/wp\/v2\/posts\/349344","targetHints":{"allow":["GET"]}}],"collection":[{"href":"https:\/\/www.europesays.com\/fr\/wp-json\/wp\/v2\/posts"}],"about":[{"href":"https:\/\/www.europesays.com\/fr\/wp-json\/wp\/v2\/types\/post"}],"author":[{"embeddable":true,"href":"https:\/\/www.europesays.com\/fr\/wp-json\/wp\/v2\/users\/2"}],"replies":[{"embeddable":true,"href":"https:\/\/www.europesays.com\/fr\/wp-json\/wp\/v2\/comments?post=349344"}],"version-history":[{"count":0,"href":"https:\/\/www.europesays.com\/fr\/wp-json\/wp\/v2\/posts\/349344\/revisions"}],"wp:featuredmedia":[{"embeddable":true,"href":"https:\/\/www.europesays.com\/fr\/wp-json\/wp\/v2\/media\/349345"}],"wp:attachment":[{"href":"https:\/\/www.europesays.com\/fr\/wp-json\/wp\/v2\/media?parent=349344"}],"wp:term":[{"taxonomy":"category","embeddable":true,"href":"https:\/\/www.europesays.com\/fr\/wp-json\/wp\/v2\/categories?post=349344"},{"taxonomy":"post_tag","embeddable":true,"href":"https:\/\/www.europesays.com\/fr\/wp-json\/wp\/v2\/tags?post=349344"}],"curies":[{"name":"wp","href":"https:\/\/api.w.org\/{rel}","templated":true}]}}