{"id":349347,"date":"2025-08-28T06:13:12","date_gmt":"2025-08-28T06:13:12","guid":{"rendered":"https:\/\/www.europesays.com\/fr\/349347\/"},"modified":"2025-08-28T06:13:12","modified_gmt":"2025-08-28T06:13:12","slug":"la-plage-riviera-le-nouveau-salon-professionnel-du-swimwear-a-nice","status":"publish","type":"post","link":"https:\/\/www.europesays.com\/fr\/349347\/","title":{"rendered":"\u200bLa Plage Riviera: le nouveau salon professionnel du swimwear \u00e0 Nice"},"content":{"rendered":"<p class=\"article-content col-md-8 offset-md-1\">\n                                Du 30 ao\u00fbt au 1er septembre 2025, la premi\u00e8re \u00e9dition du salon professionnel La Plage Riviera se tiendra au Palais de la M\u00e9diterran\u00e9e \u00e0 Nice. D\u00e9di\u00e9 aux secteurs du swimwear, beachwear, resortwear et accessoires d\u2019\u00e9t\u00e9, l\u2019\u00e9v\u00e9nement s\u2019adresse exclusivement aux professionnels du commerce de d\u00e9tail, du luxe et de la distribution.<\/p>\n<p><img decoding=\"async\" class=\"news-image\" style=\"width:100%;max-width:776px;\" src=\"https:\/\/www.europesays.com\/fr\/wp-content\/uploads\/2025\/08\/9fa4.jpg\" alt=\"Le nouveau salon La Plage Riviera\" loading=\"lazy\"\/>Le nouveau salon La Plage Riviera &#8211; DR<\/p>\n<p class=\"col-md-8 offset-md-1 article-content--texte\">Le salon est organis\u00e9 par l\u2019agence My Fashion Agent, d\u00e9j\u00e0 connue pour ses \u00e9v\u00e9nements \u00e0 Miami et Los Angeles sous la banni\u00e8re \u00ab\u00a0La Plage\u00a0\u00bb. Avec cette \u00e9dition ni\u00e7oise, l\u2019agence entend proposer un format cibl\u00e9, centr\u00e9 sur des rencontres d&rsquo;affaires entre marques et acheteurs issus de concept stores, boutiques de palaces, beach clubs ou distributeurs internationaux.<\/p>\n<p>\u00ab\u00a0Parce que les acheteurs de l\u2019univers bain ne vivent pas \u00e0 Paris mais op\u00e8rent dans les h\u00f4tels, sur les plages, dans les clubs, les concept-stores des c\u00f4tes europ\u00e9ennes. Nice, avec son a\u00e9roport international, sa position strat\u00e9gique au carrefour de l\u2019Europe du Sud, et sa dimension baln\u00e9aire iconique, s\u2019impose comme le lieu id\u00e9al pour r\u00e9inventer le calendrier professionnel du swimwear\u00a0\u00bb, indique le communiqu\u00e9 pr\u00e9sentant l&rsquo;\u00e9v\u00e8nement.\u00a0<\/p>\n<p class=\"col-md-8 offset-md-1 article-content--texte\">Parmi les marques pr\u00e9sentes pour cette premi\u00e8re \u00e9dition figurent notamment Reina Olga, Lise Charmel, Sundek, Pier St Barth, Kiwi St Tropez, Havaianas, ou encore Pink House Mustique. La s\u00e9lection rassemble \u00e0 la fois des marques \u00e9tablies et des labels en d\u00e9veloppement.<\/p>\n<p>Aux commandes du salon, Marc Merklen, fondateur de My Fashion Agent, s\u2019est associ\u00e9 \u00e0 \u00c9ric Garella, professionnel du secteur bas\u00e9 sur la C\u00f4te d\u2019Azur, afin d\u2019ancrer l\u2019\u00e9v\u00e9nement dans le tissu commercial local tout en visant une port\u00e9e internationale.<\/p>\n<p>\u00a0\n                            <\/p>\n<p>\n                                Tous droits de reproduction et de repr\u00e9sentation r\u00e9serv\u00e9s.<br \/>\u00a9 2025 FashionNetwork.com\n                            <\/p>\n","protected":false},"excerpt":{"rendered":"Du 30 ao\u00fbt au 1er septembre 2025, la premi\u00e8re \u00e9dition du salon professionnel La Plage Riviera se tiendra&hellip;\n","protected":false},"author":2,"featured_media":349348,"comment_status":"","ping_status":"","sticky":false,"template":"","format":"standard","meta":{"footnotes":""},"categories":[2819],"tags":[1111,11,2424,537,2423,1777,674,1011,27,2425,985,12,2401,2298,2426,2427,882,25,2421,2422],"class_list":{"0":"post-349347","1":"post","2":"type-post","3":"status-publish","4":"format-standard","5":"has-post-thumbnail","7":"category-nice","8":"tag-actu","9":"tag-actualites","10":"tag-beaute","11":"tag-contact","12":"tag-cosmetiques","13":"tag-eu","14":"tag-europe","15":"tag-fr","16":"tag-france","17":"tag-luxe","18":"tag-mode","19":"tag-news","20":"tag-nice","21":"tag-parfum","22":"tag-professionnel","23":"tag-professionnels","24":"tag-provence-alpes-cote-dazur","25":"tag-republique-francaise","26":"tag-reseau","27":"tag-textile"},"share_on_mastodon":{"url":"https:\/\/pubeurope.com\/@fr\/115104920613177656","error":""},"_links":{"self":[{"href":"https:\/\/www.europesays.com\/fr\/wp-json\/wp\/v2\/posts\/349347","targetHints":{"allow":["GET"]}}],"collection":[{"href":"https:\/\/www.europesays.com\/fr\/wp-json\/wp\/v2\/posts"}],"about":[{"href":"https:\/\/www.europesays.com\/fr\/wp-json\/wp\/v2\/types\/post"}],"author":[{"embeddable":true,"href":"https:\/\/www.europesays.com\/fr\/wp-json\/wp\/v2\/users\/2"}],"replies":[{"embeddable":true,"href":"https:\/\/www.europesays.com\/fr\/wp-json\/wp\/v2\/comments?post=349347"}],"version-history":[{"count":0,"href":"https:\/\/www.europesays.com\/fr\/wp-json\/wp\/v2\/posts\/349347\/revisions"}],"wp:featuredmedia":[{"embeddable":true,"href":"https:\/\/www.europesays.com\/fr\/wp-json\/wp\/v2\/media\/349348"}],"wp:attachment":[{"href":"https:\/\/www.europesays.com\/fr\/wp-json\/wp\/v2\/media?parent=349347"}],"wp:term":[{"taxonomy":"category","embeddable":true,"href":"https:\/\/www.europesays.com\/fr\/wp-json\/wp\/v2\/categories?post=349347"},{"taxonomy":"post_tag","embeddable":true,"href":"https:\/\/www.europesays.com\/fr\/wp-json\/wp\/v2\/tags?post=349347"}],"curies":[{"name":"wp","href":"https:\/\/api.w.org\/{rel}","templated":true}]}}