{"id":349349,"date":"2025-08-28T06:14:08","date_gmt":"2025-08-28T06:14:08","guid":{"rendered":"https:\/\/www.europesays.com\/fr\/349349\/"},"modified":"2025-08-28T06:14:08","modified_gmt":"2025-08-28T06:14:08","slug":"je-sais-limpatience-des-habitants-pour-ces-retrouvailles-derniere-ligne-droite-avant-la-reouverture-de-la-cathedrale-de-nantes-le-figaro","status":"publish","type":"post","link":"https:\/\/www.europesays.com\/fr\/349349\/","title":{"rendered":"\u00abJe sais l\u2019impatience des habitants pour ces retrouvailles\u00bb : derni\u00e8re ligne droite avant la r\u00e9ouverture de la cath\u00e9drale de Nantes &#8211; Le Figaro"},"content":{"rendered":"<ol>\n<li><a href=\"https:\/\/news.google.com\/rss\/articles\/CBMi-wFBVV95cUxOazJMakNpZDh0UFpyeGVTRTVYT1F0Y0lNc2FZcnEwc2ozN2cwbXJkNnNnNHpyczBUWjZBQlpUSm5zdnkydkg4WHZrckszS1RFcmNyUmtwVzU4cWh5eUplUTZ0SjNyLThQaVMwUy10YS1iVjl3QlREZEdPcXlMbXZmSE82Y1dnZ2RxSENFMzVwRE9kaFpNWHBtN3RGaVlaQnNaWDlwQmJ6bENnZUJVTFY3Ml9OYnduX1h1cEY5QnBsQlZzcjJzVVYtNWdTY3hxM2x1RnoxQjZoWWI3WVZHWldzdmhmTkhVSnN3SXcyb0V4N25nUmFOQzB5cWF5WQ?oc=5\" target=\"_blank\" rel=\"nofollow noopener\">\u00abJe sais l\u2019impatience des habitants pour ces retrouvailles\u00bb : derni\u00e8re ligne droite avant la r\u00e9ouverture de la cath\u00e9drale de Nantes<\/a>&nbsp;&nbsp;Le Figaro<\/li>\n<li><a href=\"https:\/\/news.google.com\/rss\/articles\/CBMi2gFBVV95cUxPYWx1WUpWQlBrQk9PYTR3UkFqMzlqOXVER1pUV3VMN09oUkdiVk8wVjNYVUN6Z1FCcnlJTnJiQk5XamlvX0hYVEdqNkNkcklZWFJBY0lzdE9IVzQyQzFmUk52VmFza1NWejI3U1RsZnNrUjNzRUJEdGx3WUdYRS1SVDdjMURrTmZwWHk2QWtoT1c5YWpsQmdlRzh1bGRCTFZBSGZocHV5OEFFRlo1VXV2Y2lkWGVXNHNvenNJZDYtYTVEUEU0a2RJU09XZ3J4RnJSR0NSQnc0SjNxZw?oc=5\" target=\"_blank\" rel=\"nofollow noopener\">\u00ab\u00a0Une renaissance\u00a0\u00bb: cinq ans apr\u00e8s l&rsquo;incendie, la cath\u00e9drale de Nantes se pr\u00e9pare \u00e0 rouvrir<\/a>&nbsp;&nbsp;francebleu.fr<\/li>\n<li><a href=\"https:\/\/news.google.com\/rss\/articles\/CBMivgFBVV95cUxPdXNhakt1b2dTV1hQMS12X0x6b2x6bHJOd1FjeWRERnZqMW1xTDdJcUFNRnhGcERSLXBsZkxXZFcwUUYyRWZUQmUtTzQtN1JtbjZZZ25TYVYtbHZ6Yl9KVGhtUU5KZlVsNXFDTTBKVU1zQ0hHeWZuOTRhc0F4dUc1RnVlZWFGbFlGNURReFUtLUpidFFhU2p1Zlh0ckk0M3IxNVZyQ1pUTGp4VUktODQySzVsRmo4Mm81TDJZc0lB?oc=5\" target=\"_blank\" rel=\"nofollow noopener\">R\u00e9ouverture de la cath\u00e9drale de Nantes : un patrimoine \u00e0 toute \u00e9preuve<\/a>&nbsp;&nbsp;Valeurs actuelles<\/li>\n<li><a href=\"https:\/\/news.google.com\/rss\/articles\/CBMimwFBVV95cUxQZXVuZVZ1VllPQ1E3MmxaeUpMRkl4TlEtYTJGMVpZVmhHeHR6WW1ibWRtM0lNZW5BcXVMQmJSY2w5TEE4SWZPUXB3dlRrYXFYSEhmNkFVazZHbHFxRE0tRkFvYXZrUkFqd0ZaUnVaRFg4eEJJNmVJZHVnV3dhRDI4RFpxSk94c3F0aE03T2ZlTW8zdW9PaFU2SWFPQQ?oc=5\" target=\"_blank\" rel=\"nofollow noopener\">R\u00e9ouverture de la cath\u00e9drale : le programme des festivit\u00e9s<\/a>&nbsp;&nbsp;Nantes M\u00e9tropole<\/li>\n<\/ol>\n","protected":false},"excerpt":{"rendered":"\u00abJe sais l\u2019impatience des habitants pour ces retrouvailles\u00bb : derni\u00e8re ligne droite avant la r\u00e9ouverture de la cath\u00e9drale&hellip;\n","protected":false},"author":2,"featured_media":1445,"comment_status":"","ping_status":"","sticky":false,"template":"","format":"standard","meta":{"footnotes":""},"categories":[2818],"tags":[1111,11,1777,674,1011,27,766,12,2636,25],"class_list":{"0":"post-349349","1":"post","2":"type-post","3":"status-publish","4":"format-standard","5":"has-post-thumbnail","7":"category-nantes","8":"tag-actu","9":"tag-actualites","10":"tag-eu","11":"tag-europe","12":"tag-fr","13":"tag-france","14":"tag-nantes","15":"tag-news","16":"tag-pays-de-la-loire","17":"tag-republique-francaise"},"share_on_mastodon":{"url":"https:\/\/pubeurope.com\/@fr\/115104924605498044","error":""},"_links":{"self":[{"href":"https:\/\/www.europesays.com\/fr\/wp-json\/wp\/v2\/posts\/349349","targetHints":{"allow":["GET"]}}],"collection":[{"href":"https:\/\/www.europesays.com\/fr\/wp-json\/wp\/v2\/posts"}],"about":[{"href":"https:\/\/www.europesays.com\/fr\/wp-json\/wp\/v2\/types\/post"}],"author":[{"embeddable":true,"href":"https:\/\/www.europesays.com\/fr\/wp-json\/wp\/v2\/users\/2"}],"replies":[{"embeddable":true,"href":"https:\/\/www.europesays.com\/fr\/wp-json\/wp\/v2\/comments?post=349349"}],"version-history":[{"count":0,"href":"https:\/\/www.europesays.com\/fr\/wp-json\/wp\/v2\/posts\/349349\/revisions"}],"wp:featuredmedia":[{"embeddable":true,"href":"https:\/\/www.europesays.com\/fr\/wp-json\/wp\/v2\/media\/1445"}],"wp:attachment":[{"href":"https:\/\/www.europesays.com\/fr\/wp-json\/wp\/v2\/media?parent=349349"}],"wp:term":[{"taxonomy":"category","embeddable":true,"href":"https:\/\/www.europesays.com\/fr\/wp-json\/wp\/v2\/categories?post=349349"},{"taxonomy":"post_tag","embeddable":true,"href":"https:\/\/www.europesays.com\/fr\/wp-json\/wp\/v2\/tags?post=349349"}],"curies":[{"name":"wp","href":"https:\/\/api.w.org\/{rel}","templated":true}]}}