{"id":349350,"date":"2025-08-28T06:15:27","date_gmt":"2025-08-28T06:15:27","guid":{"rendered":"https:\/\/www.europesays.com\/fr\/349350\/"},"modified":"2025-08-28T06:15:27","modified_gmt":"2025-08-28T06:15:27","slug":"cinq-ans-apres-les-incendies-la-cathedrale-de-nantes-annonce-une-reouverture-pleine-de-festivites","status":"publish","type":"post","link":"https:\/\/www.europesays.com\/fr\/349350\/","title":{"rendered":"Cinq ans apr\u00e8s les incendies, la cath\u00e9drale de Nantes annonce une r\u00e9ouverture pleine de festivit\u00e9s"},"content":{"rendered":"<p class=\"article__intro\">Visites de la cath\u00e9drale, messe, concerts&#8230; Le programme du week-end des 27 et 28 septembre 2025 s&rsquo;annonce charg\u00e9 \u00e0 la cath\u00e9drale de Nantes. L&rsquo;\u00e9difice c\u00e9l\u00e8bre sa r\u00e9ouverture, apr\u00e8s une longue attente.<\/p>\n<p>\n      L\u2019actu des r\u00e9gions\n    <\/p>\n<p>\n      Chaque jour, un tour d\u2019horizon des principales infos de toutes les r\u00e9gions.\n    <\/p>\n<p>    France T\u00e9l\u00e9visions utilise votre adresse e-mail afin de vous envoyer la newsletter \u00ab\u00a0L\u2019actu des r\u00e9gions\u00a0\u00bb. Vous pouvez vous d\u00e9sinscrire \u00e0 tout moment via le lien en bas de cette newsletter. <a target=\"_blank\" href=\"https:\/\/www.francetelevisions.fr\/groupe\/confidentialite\/politique-de-confidentialite\/politique-de-confidentialite-de-france-televisions-6503\" rel=\"nofollow noopener\">Notre politique de confidentialit\u00e9<\/a><\/p>\n<p>Les portes closes de la cath\u00e9drale ne seront bient\u00f4t plus qu&rsquo;un mauvais souvenir. Apr\u00e8s plus de cinq ans de fermeture, l&rsquo;\u00e9difice accueillera de nouveau du public \u00e0 partir de fin septembre. La fin d&rsquo;une longue attente pour les Nantais.<\/p>\n<p><a data-article-figure=\"\" href=\"https:\/\/france3-regions.franceinfo.fr\/image\/U1rHlG2IIGK7_Tzt2DSPNfRILlU\/1920x1080\/regions\/2025\/08\/27\/contenu-image-5-68af3074957f8582341890.jpg\" data-pswp-width=\"1920\" data-pswp-height=\"1080\" target=\"_blank\" rel=\"nofollow noopener\"><\/p>\n<p>          <img width=\"600\" height=\"400\" class=\"article-image lazy\" data-src=\"https:\/\/www.europesays.com\/fr\/wp-content\/uploads\/2025\/08\/contenu-image-5-68af3074957f8582341890.jpg\" alt=\"Le chantier touche presque \u00e0 sa fin \u00e0 la cath\u00e9drale de Nantes\" fetchpriority=\"high\" as=\"image\"\/><\/p>\n<p>\n            Le chantier touche presque \u00e0 sa fin \u00e0 la cath\u00e9drale de Nantes<br \/>\n                           \u2022<br \/>\n                                      \u00a9 France 3 Pays de la Loire\n                      <\/p>\n<p><\/a><\/p>\n<p>Depuis l\u2019incendie volontaire survenu le 18 juillet 2020, qui avait gravement endommag\u00e9 la structure, les \u00e9tapes ont \u00e9t\u00e9 nombreuses. Investigations judiciaires, fouilles arch\u00e9ologiques et d\u00e9pollution du b\u00e2timent ont pr\u00e9c\u00e9d\u00e9 les longs travaux de restauration.<\/p>\n<p>Cinq ans apr\u00e8s, les travaux int\u00e9rieurs touchent d\u00e9sormais \u00e0 leur terme, permettant l&rsquo;accueil du public. Et les acteurs locaux ont tenu \u00e0 en faire une c\u00e9l\u00e9bration, pour que \u00ab\u00a0les Nantais se r\u00e9approprient ce b\u00e2timent embl\u00e9matique\u00a0\u00bb, explique Fabrice Rigoulet-Roze, pr\u00e9fet des Pays de la Loire.<\/p>\n<p>Des c\u00e9l\u00e9brations historiques, culturelles et religieuses sont ainsi pr\u00e9vues le samedi 27 et dimanche 28 septembre, pour f\u00eater la \u00ab\u00a0renaissance\u00a0\u00bb d&rsquo;un \u00ab\u00a0embl\u00e8me de la ville\u00a0\u00bb s&rsquo;est \u00e9mue Johanna Rolland, maire de Nantes. L&rsquo;inauguration, ouverte au public aura lieu \u00e0 16 h, place Saint-Pierre. Suivront des festivit\u00e9s sur le parvis de la cath\u00e9drale, dont un spectacle \u00e0 17 h 15, suivi d&rsquo;un d\u00e9fil\u00e9 de la fanfare \u00e0 18 h.<\/p>\n<p>L&rsquo;entr\u00e9e dans la cath\u00e9drale ne pourra en revanche se faire qu&rsquo;\u00e0 19 h, \u00e0 l&rsquo;occasion du r\u00e9veil de l&rsquo;orgue. Un moment symbolique, \u00ab\u00a0tr\u00e8s fort et \u00e9mouvant\u00a0\u00bb, pr\u00e9cise l&rsquo;\u00e9v\u00eaque de Nantes, Laurent Percerou, qui sera suivi d&rsquo;un premier office.<\/p>\n<p><a data-article-figure=\"\" href=\"https:\/\/france3-regions.franceinfo.fr\/image\/QQlUZAG_naXDbL7bVaJ-TMOxMTk\/1600x1200\/regions\/2025\/08\/27\/whatsapp-image-2025-08-27-at-12-13-48-68af2d698b2d9528143426.jpg\" data-pswp-width=\"1600\" data-pswp-height=\"1200\" target=\"_blank\" rel=\"nofollow noopener\"><\/p>\n<p>          <img width=\"600\" height=\"400\" class=\"article-image lazy\" data-src=\"https:\/\/www.europesays.com\/fr\/wp-content\/uploads\/2025\/08\/whatsapp-image-2025-08-27-at-12-13-48-68af2d698b2d9528143426.jpg\" alt=\"L'orgue doit encore \u00eatre remis en place dans la cath\u00e9drale de Nantes, en vue de la r\u00e9ouverture fin septembre\" fetchpriority=\"high\" as=\"image\"\/><\/p>\n<p>\n            L&rsquo;orgue doit encore \u00eatre remis en place dans la cath\u00e9drale de Nantes, en vue de la r\u00e9ouverture fin septembre<br \/>\n                           \u2022<br \/>\n                                      \u00a9 France 3 Pays de la Loire\n                      <\/p>\n<p><\/a><\/p>\n<p>Ce sera surtout l&rsquo;occasion de r\u00e9entendre l&rsquo;un des orgues de la cath\u00e9drale, <a href=\"https:\/\/france3-regions.franceinfo.fr\/pays-de-la-loire\/loire-atlantique\/nantes\/cathedrale-nantes-joyaux-detruits-jamais-tresors-sauves-flammes-1854976.html\" target=\"_blank\" rel=\"noopener nofollow\">qui avait \u00e9t\u00e9 en partie endommag\u00e9 pendant l&rsquo;incendie<\/a>. \u00ab\u00a0Il a fallu le d\u00e9monter enti\u00e8rement, le d\u00e9poussi\u00e9rer pour sa restauration. On en est aujourd&rsquo;hui \u00e0 la phase finale, le remontage de l&rsquo;instrument\u00a0\u00bb,\u00a0explique Pauline Ducom, conservatrice de la Direction r\u00e9gionale des Affaires culturelles (DRAC).<\/p>\n<p>Un concert conclura la journ\u00e9e de samedi, \u00e0 l&rsquo;int\u00e9rieur du b\u00e2timent, \u00e0 partir de 20 h 30, \u00e9galement ouvert au grand public. Pour ces deux \u00e9v\u00e9nements, des r\u00e9servations seront en revanche n\u00e9cessaires, la jauge \u00e9tant limit\u00e9e \u00e0 900 personnes pour des raisons de s\u00e9curit\u00e9. Et moins de places seront disponibles dans les faits, une partie d&rsquo;entre elles \u00e9tant r\u00e9serv\u00e9 aux invit\u00e9s.<\/p>\n<p>M\u00eame chose pour la premi\u00e8re messe de r\u00e9ouverture, qui aura lieu d\u00e8s le lendemain, 28 ao\u00fbt, \u00e0 15 h 30.<\/p>\n<p>Le dimanche, des visites de la cath\u00e9drale seront mises en place de 9 h \u00e0 13 h, avec des m\u00e9diateurs du Voyage \u00e0 Nantes, elles aussi sur <a href=\"https:\/\/www.levoyageanantes.fr\" target=\"_blank\" rel=\"noopener nofollow\">inscription<\/a>. Elles continueront le lundi suivant, et pour le reste de la semaine. Apr\u00e8s les festivit\u00e9s, les activit\u00e9s de la cath\u00e9drale ont vocation \u00e0 reprendre normalement.<\/p>\n<p>Si l&rsquo;accueil du public sera de nouveau assur\u00e9 \u00e0 partir du 27 septembre 2025, le chantier de la cath\u00e9drale n&rsquo;est pas pour autant fini. \u00ab\u00a0On a termin\u00e9 l&rsquo;essentiel des travaux \u00e0 l&rsquo;int\u00e9rieur, mais, maintenant, on entame la plus grosse op\u00e9ration de restauration post-incendie\u00a0\u00bb, explique Pauline Ducom.<\/p>\n<p>L&rsquo;accent a \u00e9t\u00e9 mis sur ces travaux, afin de \u00ab\u00a0r\u00e9accueillir le plus t\u00f4t possible le public\u00a0\u00bb, tout en garantissant de \u00ab\u00a0bonnes conditions de s\u00e9curit\u00e9\u00a0\u00bb, pr\u00e9cise le pr\u00e9fet Fabrice Rigoulet-Roze.\u00a0<\/p>\n<p>Les ouvriers vont d\u00e9sormais s&rsquo;attaquer au massif occidental, un chantier \u00ab\u00a0compatible avec une ouverture de l&rsquo;\u00e9difice\u00a0\u00bb et devraient s&rsquo;\u00e9tendre jusqu&rsquo;\u00e0 2028, pr\u00e9cise la Pr\u00e9fecture. L&rsquo;ensemble des travaux devrait co\u00fbter 32 millions d&rsquo;euros, enti\u00e8rement pris en charge par l&rsquo;Etat. S&rsquo;ajouteront \u00e0 ces travaux ext\u00e9rieurs, la r\u00e9alisation d\u2019une nouvelle verri\u00e8re.<\/p>\n<p><a data-article-figure=\"\" href=\"https:\/\/france3-regions.franceinfo.fr\/image\/yzrmb2Eg1tjaf-7tV1WE8vNJ5uU\/1920x1080\/regions\/2025\/08\/27\/contenu-image-4-68af3093d72d6879187898.jpg\" data-pswp-width=\"1920\" data-pswp-height=\"1080\" target=\"_blank\" rel=\"nofollow noopener\"><\/p>\n<p>          <img width=\"600\" height=\"400\" class=\"article-image lazy\" data-src=\"https:\/\/www.europesays.com\/fr\/wp-content\/uploads\/2025\/08\/contenu-image-4-68af3093d72d6879187898.jpg\" alt=\"Plus d'une centaine de personnes attaquent la derni\u00e8re ligne droite dans la r\u00e9novation de la cath\u00e9drale de Nantes\" fetchpriority=\"high\" as=\"image\"\/><\/p>\n<p>\n            Plus d&rsquo;une centaine de personnes attaquent la derni\u00e8re ligne droite dans la r\u00e9novation de la cath\u00e9drale de Nantes<br \/>\n                           \u2022<br \/>\n                                      \u00a9 France 3 Pays de la Loire\n                      <\/p>\n<p><\/a><\/p>\n<p>Les visiteurs ne pourront pas non plus observer le grand orgue, compl\u00e8tement d\u00e9truit pendant l&rsquo;incendie et qui attend d&rsquo;\u00eatre remplac\u00e9. Le tombeau des ducs de Bretagne et la crypte restent \u00e9galement inaccessibles pour le moment.<\/p>\n<p>En vue du 27 septembre, les entreprises de r\u00e9novation mobilis\u00e9es \u00e0 l&rsquo;int\u00e9rieur entament une derni\u00e8re ligne droite. Les derni\u00e8res finitions sont entam\u00e9es avant le raccrochage des tableaux et sculptures qui bordaient initialement les murs de la cath\u00e9drale.<\/p>\n<p><strong>Retrouvez-nous sur nos r\u00e9seaux sociaux et sur <a href=\"https:\/\/france.tv\" target=\"_blank\" rel=\"noopener nofollow\">france.tv<\/a><\/strong><\/p>\n","protected":false},"excerpt":{"rendered":"Visites de la cath\u00e9drale, messe, concerts&#8230; Le programme du week-end des 27 et 28 septembre 2025 s&rsquo;annonce charg\u00e9&hellip;\n","protected":false},"author":2,"featured_media":349351,"comment_status":"","ping_status":"","sticky":false,"template":"","format":"standard","meta":{"footnotes":""},"categories":[2818],"tags":[1111,11,1777,674,1011,27,766,12,2636,25],"class_list":{"0":"post-349350","1":"post","2":"type-post","3":"status-publish","4":"format-standard","5":"has-post-thumbnail","7":"category-nantes","8":"tag-actu","9":"tag-actualites","10":"tag-eu","11":"tag-europe","12":"tag-fr","13":"tag-france","14":"tag-nantes","15":"tag-news","16":"tag-pays-de-la-loire","17":"tag-republique-francaise"},"share_on_mastodon":{"url":"https:\/\/pubeurope.com\/@fr\/115104928529085828","error":""},"_links":{"self":[{"href":"https:\/\/www.europesays.com\/fr\/wp-json\/wp\/v2\/posts\/349350","targetHints":{"allow":["GET"]}}],"collection":[{"href":"https:\/\/www.europesays.com\/fr\/wp-json\/wp\/v2\/posts"}],"about":[{"href":"https:\/\/www.europesays.com\/fr\/wp-json\/wp\/v2\/types\/post"}],"author":[{"embeddable":true,"href":"https:\/\/www.europesays.com\/fr\/wp-json\/wp\/v2\/users\/2"}],"replies":[{"embeddable":true,"href":"https:\/\/www.europesays.com\/fr\/wp-json\/wp\/v2\/comments?post=349350"}],"version-history":[{"count":0,"href":"https:\/\/www.europesays.com\/fr\/wp-json\/wp\/v2\/posts\/349350\/revisions"}],"wp:featuredmedia":[{"embeddable":true,"href":"https:\/\/www.europesays.com\/fr\/wp-json\/wp\/v2\/media\/349351"}],"wp:attachment":[{"href":"https:\/\/www.europesays.com\/fr\/wp-json\/wp\/v2\/media?parent=349350"}],"wp:term":[{"taxonomy":"category","embeddable":true,"href":"https:\/\/www.europesays.com\/fr\/wp-json\/wp\/v2\/categories?post=349350"},{"taxonomy":"post_tag","embeddable":true,"href":"https:\/\/www.europesays.com\/fr\/wp-json\/wp\/v2\/tags?post=349350"}],"curies":[{"name":"wp","href":"https:\/\/api.w.org\/{rel}","templated":true}]}}