{"id":349352,"date":"2025-08-28T06:16:16","date_gmt":"2025-08-28T06:16:16","guid":{"rendered":"https:\/\/www.europesays.com\/fr\/349352\/"},"modified":"2025-08-28T06:16:16","modified_gmt":"2025-08-28T06:16:16","slug":"a-bordeaux-leglise-saint-jacques-attend-toujours-des-travaux-urgents","status":"publish","type":"post","link":"https:\/\/www.europesays.com\/fr\/349352\/","title":{"rendered":"\u00e0 Bordeaux, l\u2019\u00e9glise Saint-Jacques attend toujours des travaux urgents"},"content":{"rendered":"<p>Va-t-on enfin vers une solution pour l\u2019\u00e9glise Saint-Jacques\u00a0? L\u2019\u00e9tat de ce monument du XIIe\u00a0si\u00e8cle est depuis plusieurs ann\u00e9es une source de soucis pour la Direction r\u00e9gionale des affaires culturelles (Drac), pour les amoureux du patrimoine, pour les voisins, r\u00e9partis entre le cours Victor-Hugo et les rues du Mirail et Saint-Fran\u00e7ois, et, semble-t-il, pour sa propri\u00e9taire elle-m\u00eame, qui a bon espoir de le vendre d\u2019ici \u00e0 la fin 2025.<\/p>\n<p>L\u2019\u00e9glise Saint-Jacques, c\u2019est cet \u00e9difice construit en 1120 au niveau de ce qui est aujourd\u2019hui le 10, cours du Mirail. Invisible de l\u2019ext\u00e9rieur, ce b\u00e2timent de 45 m\u00e8tres de longueur pour 10 de largeur et 15 de hauteur a longtemps \u00e9t\u00e9 g\u00e9r\u00e9 par la Confr\u00e9rie des p\u00e8lerins de Saint-Jacques-de-Compostelle (d\u2019o\u00f9 son nom). Il a ensuite connu des fortunes diverses \u2013 incendies, destructions\u2026 \u2013 jusqu\u2019\u00e0 \u00eatre vendu \u00e0 un particulier en 1882, puis transform\u00e9 en parking. Mais cela reste \u00ab\u00a0un t\u00e9moignage unique du Bordeaux m\u00e9di\u00e9val\u00a0\u00bb, selon l\u2019historien Guilhem P\u00e9pin, qui a contribu\u00e9 \u00e0 le faire classer au titre des monuments historiques en 2021.<\/p>\n<p>    div style=\u00a0\u00bbmin-height:549px\u00a0\u00bb id=\u00a0\u00bbdatawrapper-vis-xaEsb\u00a0\u00bb&gt;<\/p>\n<p>\u00c0 l\u2019\u00e9t\u00e9 2024, le m\u00eame Guilhem P\u00e9pin d\u00e9plorait <a href=\"https:\/\/www.sudouest.fr\/tourisme\/patrimoine\/infiltrations-fissures-a-bordeaux-l-etat-de-l-eglise-saint-jacques-suscite-des-inquietudes-20188466.php\" target=\"_blank\" rel=\"follow nofollow noopener\">l\u2019envahissement des murs par des plantes grimpantes.<\/a> Il redoutait des infiltrations d\u2019eau et des dommages importants au niveau de la charpente. Un an plus tard, la situation ne s\u2019est pas am\u00e9lior\u00e9e. Les plantes grimpantes sont toujours l\u00e0, des l\u00e9zardes sont visibles sur les murs \u00ab\u00a0et la toiture s\u2019affaisse, explique-t-on \u00e0 la Drac. Des creux se forment et l\u2019eau s\u2019\u00e9vacue mal. Quand il pleut, elle tombe dans la charpente.\u00a0\u00bb<\/p>\n<p>        <img decoding=\"async\" id=\"25661651\" src=\"https:\/\/www.europesays.com\/fr\/wp-content\/uploads\/2025\/08\/20250825-151948.jpg\" alt=\"Au-dessus d\u2019un vitrail une l\u00e9zarde est bien visible.\" itemprop=\"contentURL\"\/><\/p>\n<p>    Au-dessus d\u2019un vitrail une l\u00e9zarde est bien visible.<\/p>\n<p>Ch.\u00a0L.<\/p>\n<p>La situation est inqui\u00e9tante du point de vue patrimonial, mais aussi en termes de s\u00e9curit\u00e9 publique. En avril 2025, la Ville de Bordeaux a pris un arr\u00eat\u00e9 interdisant aux propri\u00e9taires de trois cours et jardins adjacents de s\u2019y rendre (voir l\u2019infographie). On peut imaginer qu\u2019en cette p\u00e9riode estivale, la d\u00e9cision n\u2019a pas \u00e9t\u00e9 tr\u00e8s bien re\u00e7ue par ces voisins imm\u00e9diats.<\/p>\n<p>800\u00a0000\u00a0euros de travaux<\/p>\n<p>\u00ab\u00a0On ne peut pas exclure un effondrement de la toiture, qui projetterait des pierres dans les habitations voisines, indique l\u2019un d\u2019eux, sous couvert d\u2019anonymat. Il y a quelques ann\u00e9es [en 2001, NDLR], une partie est d\u00e9j\u00e0 tomb\u00e9e et le bruit a \u00e9t\u00e9 \u00e9norme\u00a0! Je ne suis pas excessivement inquiet, mais quand m\u00eame assez press\u00e9 qu\u2019on lance des travaux.\u00a0\u00bb Rue du Mirail, une copropri\u00e9t\u00e9 a, elle, saisi le juge des r\u00e9f\u00e9r\u00e9s en se plaignant de fissures et d\u2019infiltrations, indique Me Dahan, l\u2019avocat de la propri\u00e9taire, commer\u00e7ante en centre-ville.<\/p>\n<p>        <img decoding=\"async\" id=\"25684130\" src=\"https:\/\/www.europesays.com\/fr\/wp-content\/uploads\/2025\/08\/jean-jacques-dahan-78.jpg\" alt=\"L\u2019\u00e9glise Saint-Jacques vue de l\u2019int\u00e9rieur\u00a0: \u00ab\u00a0On ne peut pas s\u2019y apercevoir que la toiture est un peu d\u00e9faillante\u00a0\u00bb, plaide l\u2019avocat de la propri\u00e9taire.\" itemprop=\"contentURL\"\/><\/p>\n<p>    L\u2019\u00e9glise Saint-Jacques vue de l\u2019int\u00e9rieur\u00a0: \u00ab\u00a0On ne peut pas s\u2019y apercevoir que la toiture est un peu d\u00e9faillante\u00a0\u00bb, plaide l\u2019avocat de la propri\u00e9taire.<\/p>\n<p>Jean-Jacques Dahan<\/p>\n<p>\u00c0 ce contentieux avec des voisins s\u2019ajoute un arr\u00eat\u00e9 pr\u00e9fectoral d\u2019ao\u00fbt 2024, qui met la propri\u00e9taire en demeure de mener des travaux de mise en s\u00e9curit\u00e9. \u00ab\u00a0Il s\u2019agirait de poser des tuiles pour assurer l\u2019\u00e9tanch\u00e9it\u00e9 du b\u00e2timent, et d\u2019\u00e9tayer la charpente afin d\u2019\u00e9viter qu\u2019elle tombe sur elle-m\u00eame et sur les maisons alentour, explique Maylis Descazeaux, directrice de la Drac. L\u2019\u00c9tat peut trouver les professionnels comp\u00e9tents, superviser le chantier et apporter le budget \u2013 environ 800\u00a0000\u00a0euros \u2013, quitte \u00e0 r\u00e9cup\u00e9rer ensuite 50\u00a0% de cette somme aupr\u00e8s de la propri\u00e9taire.\u00a0\u00bb<\/p>\n<p>        <img decoding=\"async\" id=\"25684152\" src=\"https:\/\/www.europesays.com\/fr\/wp-content\/uploads\/2025\/08\/20250827-144351.jpg\" alt=\"Me Jean-Jacques Dahan\u00a0: \u00ab\u00a0Ma cliente a compris qu\u2019elle n\u2019a pas int\u00e9r\u00eat \u00e0 ce que la situation reste paralys\u00e9e.\u00a0\u00bb\" itemprop=\"contentURL\"\/><\/p>\n<p>    Me Jean-Jacques Dahan\u00a0: \u00ab\u00a0Ma cliente a compris qu\u2019elle n\u2019a pas int\u00e9r\u00eat \u00e0 ce que la situation reste paralys\u00e9e.\u00a0\u00bb<\/p>\n<p>Ch.\u00a0L. <\/p>\n<p>La r\u00e9ponse de celle-ci a d\u2019abord \u00e9t\u00e9 de contester l\u2019obligation de travaux aupr\u00e8s du tribunal administratif. \u00ab\u00a0Mais elle s\u2019est ensuite d\u00e9sist\u00e9e\u00a0; elle a compris qu\u2019elle n\u2019a pas int\u00e9r\u00eat \u00e0 ce que la situation reste paralys\u00e9e\u00a0\u00bb, assure Me Dahan. Qui parle d\u2019un rendez-vous d\u00e9but septembre avec la Drac pour relancer le chantier, et qui plaide la bonne foi de sa cliente\u00a0: \u00ab\u00a0De l\u2019int\u00e9rieur, on ne peut pas s\u2019apercevoir que cette toiture est un peu d\u00e9faillante.\u00a0\u00bb<\/p>\n<blockquote><p>\u00ab\u00a0La propri\u00e9taire est pr\u00eate \u00e0 r\u00e9gler une partie du montant afin de faciliter l\u2019arriv\u00e9e d\u2019un acqu\u00e9reur\u00a0\u00bb<\/p><\/blockquote>\n<p>Le lieu est en fait inoccup\u00e9. Un panneau \u00ab\u00a0\u00c0 louer parking auto-moto\u00a0\u00bb figure toujours sur le rideau de fer qui masque son entr\u00e9e. \u00ab\u00a0Mais il n\u2019y a plus aucun v\u00e9hicule \u00e0 l\u2019int\u00e9rieur, m\u00eame s\u2019il subsiste une pompe \u00e0 essence de l\u2019\u00e9poque o\u00f9 c\u2019\u00e9tait un garage\u00a0\u00bb, explique Me Dahan.<\/p>\n<p>        <img decoding=\"async\" id=\"25684049\" src=\"https:\/\/www.europesays.com\/fr\/wp-content\/uploads\/2025\/08\/jean-jacques-dahan-8377.jpg\" alt=\"Dans l\u2019\u00e9glise, une vieille pompe \u00e0 essence rappelle l\u2019\u00e9poque o\u00f9 elle servait de garage.\" itemprop=\"contentURL\"\/><\/p>\n<p>    Dans l\u2019\u00e9glise, une vieille pompe \u00e0 essence rappelle l\u2019\u00e9poque o\u00f9 elle servait de garage.<\/p>\n<p>Jean-Jacques Dahan<\/p>\n<p>\u00ab\u00a0La propri\u00e9taire est pr\u00eate \u00e0 r\u00e9gler une partie du montant afin de faciliter l\u2019arriv\u00e9e d\u2019un acqu\u00e9reur\u00a0\u00bb, poursuit l\u2019avocat. Qui indique qu\u2019un compromis de vente a \u00e9t\u00e9 sign\u00e9 le 30\u00a0juillet. \u00ab\u00a0Habituellement, l\u2019acte authentique suit quatre mois plus tard.\u00a0\u00bb Ce possible nouveau propri\u00e9taire est \u00ab\u00a0un Fran\u00e7ais domicili\u00e9 \u00e0 l\u2019\u00e9tranger. On peut supposer qu\u2019il a un projet pour ce b\u00e2timent.\u00a0\u00bb<\/p>\n<p>L\u2019arr\u00eat\u00e9 pr\u00e9fectoral est de toute fa\u00e7on ex\u00e9cutoire. Avec ou sans l\u2019accord de la propri\u00e9taire actuelle, les travaux pourront \u00eatre men\u00e9s. \u00ab\u00a0Jusqu\u2019ici, la proc\u00e9dure a \u00e9t\u00e9 bloqu\u00e9e par la saisine du tribunal administratif, explique Maylis Descazeaux. Mais d\u00e8s qu\u2019il nous aura signifi\u00e9 que la propri\u00e9taire s\u2019en est d\u00e9sist\u00e9e nous pourrons lancer le chantier.\u00a0\u00bb Le temps de relancer la machine administrative apr\u00e8s le ralentissement du mois d\u2019ao\u00fbt, semble-t-il.<\/p>\n","protected":false},"excerpt":{"rendered":"Va-t-on enfin vers une solution pour l\u2019\u00e9glise Saint-Jacques\u00a0? L\u2019\u00e9tat de ce monument du XIIe\u00a0si\u00e8cle est depuis plusieurs ann\u00e9es&hellip;\n","protected":false},"author":2,"featured_media":349353,"comment_status":"","ping_status":"","sticky":false,"template":"","format":"standard","meta":{"footnotes":""},"categories":[2817],"tags":[1111,11,1997,1777,674,1011,27,12,2219,25],"class_list":{"0":"post-349352","1":"post","2":"type-post","3":"status-publish","4":"format-standard","5":"has-post-thumbnail","7":"category-bordeaux","8":"tag-actu","9":"tag-actualites","10":"tag-bordeaux","11":"tag-eu","12":"tag-europe","13":"tag-fr","14":"tag-france","15":"tag-news","16":"tag-nouvelle-aquitaine","17":"tag-republique-francaise"},"share_on_mastodon":{"url":"https:\/\/pubeurope.com\/@fr\/115104932755588741","error":""},"_links":{"self":[{"href":"https:\/\/www.europesays.com\/fr\/wp-json\/wp\/v2\/posts\/349352","targetHints":{"allow":["GET"]}}],"collection":[{"href":"https:\/\/www.europesays.com\/fr\/wp-json\/wp\/v2\/posts"}],"about":[{"href":"https:\/\/www.europesays.com\/fr\/wp-json\/wp\/v2\/types\/post"}],"author":[{"embeddable":true,"href":"https:\/\/www.europesays.com\/fr\/wp-json\/wp\/v2\/users\/2"}],"replies":[{"embeddable":true,"href":"https:\/\/www.europesays.com\/fr\/wp-json\/wp\/v2\/comments?post=349352"}],"version-history":[{"count":0,"href":"https:\/\/www.europesays.com\/fr\/wp-json\/wp\/v2\/posts\/349352\/revisions"}],"wp:featuredmedia":[{"embeddable":true,"href":"https:\/\/www.europesays.com\/fr\/wp-json\/wp\/v2\/media\/349353"}],"wp:attachment":[{"href":"https:\/\/www.europesays.com\/fr\/wp-json\/wp\/v2\/media?parent=349352"}],"wp:term":[{"taxonomy":"category","embeddable":true,"href":"https:\/\/www.europesays.com\/fr\/wp-json\/wp\/v2\/categories?post=349352"},{"taxonomy":"post_tag","embeddable":true,"href":"https:\/\/www.europesays.com\/fr\/wp-json\/wp\/v2\/tags?post=349352"}],"curies":[{"name":"wp","href":"https:\/\/api.w.org\/{rel}","templated":true}]}}