{"id":349354,"date":"2025-08-28T06:17:12","date_gmt":"2025-08-28T06:17:12","guid":{"rendered":"https:\/\/www.europesays.com\/fr\/349354\/"},"modified":"2025-08-28T06:17:12","modified_gmt":"2025-08-28T06:17:12","slug":"le-calvaire-dune-famille-albanaise-a-la-rue-a-bordeaux","status":"publish","type":"post","link":"https:\/\/www.europesays.com\/fr\/349354\/","title":{"rendered":"le calvaire d\u2019une famille albanaise \u00e0 la rue \u00e0 Bordeaux"},"content":{"rendered":"<p>Le malheur a frapp\u00e9 plusieurs fois \u00e0 la porte de cette famille albanaise. Depuis le 31\u00a0juillet, Rizmin Rapce, sa femme Martila et leurs deux enfants Storni, 12\u00a0ans et Skajla, 4\u00a0ans, dorment dans la rue \u00e0 Bordeaux. \u00ab\u00a0Nous ne demandons rien d\u2019autre qu\u2019un toit sur la t\u00eate, une opportunit\u00e9 de soigner nos maladies et de redonner de la dignit\u00e9 \u00e0 nos enfants\u00a0\u00bb, souffle Rizmin Rapce, \u00e9puis\u00e9 par un mois pass\u00e9 \u00e0 dormir dehors. La situation devient urgente, alors que ses deux enfants, scolaris\u00e9s dans le quartier de la gare Saint-Jean, vont reprendre l\u2019\u00e9cole et le coll\u00e8ge.<\/p>\n<p>Plusieurs raisons ont pouss\u00e9 Rizmin et Martila Rapce \u00e0 quitter l\u2019Albanie pour la France, en septembre dernier. D\u2019abord discrimin\u00e9s dans leur pays en raison de leur handicap, dans l\u2019impossibilit\u00e9 de trouver du travail ou de l\u2019aide, ils sont venus en France avec leurs enfants pour acc\u00e9der \u00e0 des soins m\u00e9dicaux adapt\u00e9s. Le p\u00e8re de famille souffre d\u2018une maladie cardiaque chronique (cardiomyopathie hypertrophique) et d\u2019une luxation de la hanche. La m\u00e8re a un probl\u00e8me de vue, un k\u00e9ratoc\u00f4ne bilat\u00e9ral (d\u00e9formation de la corn\u00e9e), et a subi une greffe de la corn\u00e9e. Les op\u00e9rations et les traitements n\u2019\u00e9taient pas possibles en Albanie, comme le prouve Rizmin Rapce sur des documents m\u00e9dicaux.<\/p>\n<p>\u00ab\u00a0Rester \u00e0 l\u2019\u00e9cole\u00a0\u00bb<\/p>\n<p>Pendant pr\u00e8s d\u2019un an, ils ont v\u00e9cu \u00e0 Agen, dans un logement fourni par l\u2019H\u00e9bergement d\u2019urgence pour demandeurs d\u2019asile (Huda). Mais leur demande d\u2019asile et de titre de s\u00e9jour a \u00e9t\u00e9 refus\u00e9e par la pr\u00e9fecture du Lot-et-Garonne le 25\u00a0f\u00e9vrier, avec une obligation de quitter le territoire fran\u00e7ais (OQTF). Une aide juridictionnelle leur a \u00e9t\u00e9 accord\u00e9e pour demander l\u2019annulation de cette d\u00e9cision. Et une demande de r\u00e9examen de leur demande d\u2019asile a \u00e9t\u00e9 d\u00e9pos\u00e9e le 17\u00a0juin aupr\u00e8s de l\u2019Office fran\u00e7ais de protection des r\u00e9fugi\u00e9s et apatrides (Ofpra), apr\u00e8s un premier refus en d\u00e9cembre dernier.<\/p>\n<blockquote><p>La famille avait trouv\u00e9 refuge au pied de la cath\u00e9drale Saint-Andr\u00e9. Mais la police est venue plusieurs fois la d\u00e9loger<\/p><\/blockquote>\n<p>D\u00e9sormais \u00e0 Bordeaux pour se rapprocher de leur m\u00e9decin, ils sont sans solution de logement, apr\u00e8s avoir \u00e9t\u00e9 h\u00e9berg\u00e9s quelques jours par le Samu social et l\u2019h\u00f4pital Pellegrin. \u00ab\u00a0Nous ne voulons plus retourner en Albanie. Nous voulons rester \u00e0 l\u2019\u00e9cole, ici en France, c\u2019est beaucoup mieux\u00a0\u00bb, demande Storni, qui parle d\u00e9j\u00e0 bien fran\u00e7ais et assure la traduction de ses parents. Ces derniers ont \u00e9galement un suivi psychiatrique, \u00ab\u00a0car cette situation a endommag\u00e9 notre sant\u00e9 mentale\u00a0\u00bb, expliquent-ils.<\/p>\n<p>Recours au tribunal<\/p>\n<p>Contact\u00e9e, la pr\u00e9fecture du Lot-et-Garonne justifie l\u2019OQTF par la premi\u00e8re d\u00e9cision de l\u2019Ofpra et par \u00ab\u00a0un avis du coll\u00e8ge des m\u00e9decins de l\u2019Office fran\u00e7ais de l\u2019immigration et de l\u2019int\u00e9gration qui pr\u00e9cise que l\u2019\u00e9tat de sant\u00e9 de M.\u00a0Rizmin Rapce peut lui permettre de voyager sans risque vers son pays d\u2019origine\u00a0\u00bb.<\/p>\n<p>La famille a d\u00e9pos\u00e9 un recours devant le tribunal administratif de Bordeaux. La cl\u00f4ture de l\u2019instruction a \u00e9t\u00e9 report\u00e9e du 24\u00a0juillet au 18\u00a0septembre. \u00ab\u00a0Dans l\u2019attente du jugement, les OQTF ne seront pas mises en \u0153uvre\u00a0\u00bb, pr\u00e9cise l\u2019autorit\u00e9 pr\u00e9fectorale.<\/p>\n<p>En attendant, la famille avait trouv\u00e9 refuge au pied de la cath\u00e9drale Saint-Andr\u00e9. Mais la police est venue plusieurs fois la d\u00e9loger, leur indiquant \u00ab\u00a0d\u2019aller au camping \u00e0 Bordeaux-Lac\u00a0\u00bb. \u00ab\u00a0On ne sait pas o\u00f9 on va dormir ce soir\u00a0\u00bb, s\u2019inqui\u00e8te Rizmin Rapce, en regardant ses enfants.<\/p>\n","protected":false},"excerpt":{"rendered":"Le malheur a frapp\u00e9 plusieurs fois \u00e0 la porte de cette famille albanaise. Depuis le 31\u00a0juillet, Rizmin Rapce,&hellip;\n","protected":false},"author":2,"featured_media":349355,"comment_status":"","ping_status":"","sticky":false,"template":"","format":"standard","meta":{"footnotes":""},"categories":[2817],"tags":[1111,11,1997,1777,674,1011,27,12,2219,25],"class_list":{"0":"post-349354","1":"post","2":"type-post","3":"status-publish","4":"format-standard","5":"has-post-thumbnail","7":"category-bordeaux","8":"tag-actu","9":"tag-actualites","10":"tag-bordeaux","11":"tag-eu","12":"tag-europe","13":"tag-fr","14":"tag-france","15":"tag-news","16":"tag-nouvelle-aquitaine","17":"tag-republique-francaise"},"share_on_mastodon":{"url":"https:\/\/pubeurope.com\/@fr\/115104936426974861","error":""},"_links":{"self":[{"href":"https:\/\/www.europesays.com\/fr\/wp-json\/wp\/v2\/posts\/349354","targetHints":{"allow":["GET"]}}],"collection":[{"href":"https:\/\/www.europesays.com\/fr\/wp-json\/wp\/v2\/posts"}],"about":[{"href":"https:\/\/www.europesays.com\/fr\/wp-json\/wp\/v2\/types\/post"}],"author":[{"embeddable":true,"href":"https:\/\/www.europesays.com\/fr\/wp-json\/wp\/v2\/users\/2"}],"replies":[{"embeddable":true,"href":"https:\/\/www.europesays.com\/fr\/wp-json\/wp\/v2\/comments?post=349354"}],"version-history":[{"count":0,"href":"https:\/\/www.europesays.com\/fr\/wp-json\/wp\/v2\/posts\/349354\/revisions"}],"wp:featuredmedia":[{"embeddable":true,"href":"https:\/\/www.europesays.com\/fr\/wp-json\/wp\/v2\/media\/349355"}],"wp:attachment":[{"href":"https:\/\/www.europesays.com\/fr\/wp-json\/wp\/v2\/media?parent=349354"}],"wp:term":[{"taxonomy":"category","embeddable":true,"href":"https:\/\/www.europesays.com\/fr\/wp-json\/wp\/v2\/categories?post=349354"},{"taxonomy":"post_tag","embeddable":true,"href":"https:\/\/www.europesays.com\/fr\/wp-json\/wp\/v2\/tags?post=349354"}],"curies":[{"name":"wp","href":"https:\/\/api.w.org\/{rel}","templated":true}]}}