{"id":349356,"date":"2025-08-28T06:18:11","date_gmt":"2025-08-28T06:18:11","guid":{"rendered":"https:\/\/www.europesays.com\/fr\/349356\/"},"modified":"2025-08-28T06:18:11","modified_gmt":"2025-08-28T06:18:11","slug":"quand-ils-quittent-toulouse-voici-vers-quels-territoires-de-haute-garonne-demenagent-les-toulousains","status":"publish","type":"post","link":"https:\/\/www.europesays.com\/fr\/349356\/","title":{"rendered":"Quand ils quittent Toulouse, voici vers quels territoires de Haute-Garonne d\u00e9m\u00e9nagent les Toulousains"},"content":{"rendered":"<p>            Par<br \/>\n        <strong><br \/>\n            <a href=\"https:\/\/actu.fr\/auteur\/david-saint-sernin\" title=\"Consulter tous les articles de David Saint-Sernin\" rel=\"nofollow noopener\" target=\"_blank\">David Saint-Sernin<\/a><br \/>\n        <\/strong><\/p>\n<p>        Publi\u00e9 le<\/p>\n<p>            28 ao\u00fbt 2025 \u00e0 7h12        <\/p>\n<p>O\u00f9 les habitants <a href=\"https:\/\/actu.fr\/toulouse\/\" rel=\"nofollow noopener\" target=\"_blank\">de Toulouse<\/a> d\u00e9m\u00e9nagent-ils en Haute-Garonne quand ils d\u00e9cident de quitter la Ville rose\u2009? Au mois de juillet\u00a02025,<strong> l\u2019Agence d\u2019urbanisme et d\u2019am\u00e9nagement Toulouse aire m\u00e9tropolitaine (AUAT)<\/strong> a publi\u00e9 une \u00e9tude dans laquelle elle a d\u00e9termin\u00e9, sur des bases chiffr\u00e9es, les territoires de Haute-Garonne o\u00f9 migrent le plus les Toulousains quand ils quittent leur ville. Voici les territoires qu\u2019ils privil\u00e9gient pour s\u2019installer ailleurs en Haute-Garonne.<\/p>\n<p>Trois arrivants sur quatre pour Toulouse M\u00e9tropole<\/p>\n<p class=\" wall-content\">Si <strong>Toulouse<\/strong> est (parfois) quitt\u00e9e, l\u2019AUAT rappelle bien que la Ville rose reste le territoire qui attire le plus dans le d\u00e9partement. C\u2019est logique. \u00c9tudes sup\u00e9rieures, emplois, logement\u2009: la majorit\u00e9 des opportunit\u00e9s, et des commodit\u00e9s, se trouvent \u00e0 Toulouse et dans son agglom\u00e9ration. C\u2019est loin de n\u2019avoir que des avantages \u2013 <a href=\"https:\/\/actu.fr\/occitanie\/toulouse_31555\/toulouse-bouchons-sur-le-peripherique-voici-les-endroits-ou-l-on-perd-le-plus-de-temps_60534344.html\" rel=\"nofollow noopener\" target=\"_blank\">les bouchons du p\u00e9riph\u00e9rique d\u00e8s la rentr\u00e9e en seront le meilleur t\u00e9moignage<\/a> \u2013 mais cette r\u00e9alit\u00e9 se traduit dans les chiffres ce que rappelle l\u2019AUAT\u2009:<\/p>\n<p class=\" wall-content\">Au 1er\u00a0janvier 2022, la Haute-Garonne compte<strong> 1,46\u00a0million d\u2019habitants<\/strong>, soit une moyenne de 18\u2009000\u00a0habitants suppl\u00e9mentaires chaque ann\u00e9e depuis 2016. Il s\u2019agit du rythme de croissance le plus \u00e9lev\u00e9 de son histoire. Rapport\u00e9 \u00e0 sa population, le territoire cro\u00eet de 1,29\u2009% par an contre 0,35\u2009% en France m\u00e9tropolitaine. Toulouse M\u00e9tropole accueille chaque ann\u00e9e trois nouveaux arrivants sur quatre, soit 73\u2009% des n\u00e9o Haut-Garonnais.\u00a0Toulouse accueille 57\u2009% des n\u00e9o-Garonnais.<\/p>\n<p>Toulouse, parfois qu\u2019une parenth\u00e8se<\/p>\n<p class=\" wall-content\">Vivre \u00e0 Toulouse ou dans l\u2019agglo : c\u2019est parfois une parenth\u00e8se dans la vie de ces habitants comme le rappelle aussi l\u2019AUAT dans l\u2019\u00e9tude\u2009:<\/p>\n<p class=\" wall-content\">\u00ab\u2009Ces m\u00e9nages (qui s\u2019installent \u00e0 Toulouse, ndlr), souvent jeunes et de petite taille, s\u2019y installent pendant quelques ann\u00e9es avant qu\u2019une partie d\u2019entre eux fasse le choix de la p\u00e9riph\u00e9rie au moment, notamment, de la construction de leur famille pour acc\u00e9der \u00e0 la propri\u00e9t\u00e9 et\/ou \u00e0 d\u2019autres types de logements\u2009\u00bb, explique l\u2019AUAT. Un ph\u00e9nom\u00e8ne observ\u00e9 ann\u00e9e apr\u00e8s ann\u00e9e.<\/p>\n<p class=\" wall-content\">L\u2019\u00e9tude publi\u00e9e en juillet quantifie, et c\u2019est plus nouveau, le \u00ab\u2009r\u00f4le de redistribution des m\u00e9nages\u2009\u00bb de Toulouse M\u00e9tropole vers les autres territoires du d\u00e9partement.<\/p>\n<p>Apr\u00e8s la vie \u00e0 Toulouse, o\u00f9 d\u00e9m\u00e9nagent-ils en Haute-Garonne?<\/p>\n<p class=\" wall-content\">L\u2019AUAT d\u00e9taille\u2009:<\/p>\n<p class=\" wall-content\">\u00ab\u2009Dans les territoires des <strong>Coteaux du Girou<\/strong> (Gragnague), des<strong> Coteaux de Bellevue<\/strong> (Pechbonnieu), des<strong> Hauts-Tolosans<\/strong> (Grenade) et du <strong>Grand Ouest Toulousain<\/strong> (Plaisance-du-Touch), plus d\u2019un arrivant sur deux est originaire de Toulouse M\u00e9tropole\u2009\u00bb.<\/p>\n<p>Votre r\u00e9gion, votre actu !<\/p>\n<p>Recevez chaque jour les infos qui comptent pour vous.<\/p>\n<p>\t<a href=\"https:\/\/actu.fr\/newsletter\" class=\"ac-btn ac-btn--corner ac-btn--medium ac-btn--blue800\" rel=\"nofollow noopener\" target=\"_blank\">S&rsquo;incrire<\/a><\/p>\n<p class=\" wall-content\">Suivent <strong>le Frontonnais<\/strong> (Fronton), <strong>le Sicoval<\/strong> (Lab\u00e8ge), <strong>Muretain Agglo<\/strong> (Muret) et <strong>Terres du Lauragais<\/strong> (Villefranche-du-Lauragais).<\/p>\n<p class=\" wall-content\">A contrario, les territoires <strong>Aux Sources du Canal du Midi<\/strong> (Revel), <strong>Coeur et C\u00f4teaux du Comminges<\/strong> (Saint-Gaudens) et <strong>Pyr\u00e9n\u00e9es Haut Garonnaises<\/strong> (Gourdan-Polignan-Luchon) apparaissent comme des terres d\u2019accueil moins \u00e9videntes dans les donn\u00e9es dont dispose l\u2019AUAT, et qui sont issues des chiffres de l\u2019INSEE.<\/p>\n<p>    <img   decoding=\"async\" loading=\"lazy\" src=\"https:\/\/www.europesays.com\/fr\/wp-content\/uploads\/2025\/08\/capture-decran-2025-08-27-152557-960x640.png\" alt=\"Origine des nouveaux arrivants au sein des intercommunalit\u00e9s de Haute-Garonne : voici o\u00f9 les Toulousains d\u00e9m\u00e9nagent le plus quand ils quittent la Ville rose.\" width=\"960\" height=\"640\"\/><br \/>\n    Origine des nouveaux arrivants au sein des intercommunalit\u00e9s de Haute-Garonne\u2009: voici o\u00f9 les Toulousains d\u00e9m\u00e9nagent le plus quand ils quittent la Ville rose. (\u00a9AUAT)<\/p>\n<p class=\" wall-content\">L\u2019AUAT d\u00e9taille\u2009:<\/p>\n<p class=\" wall-content\">\u00ab\u2009Ce sont surtout les intercommunalit\u00e9s de la moiti\u00e9 nord du d\u00e9partement qui b\u00e9n\u00e9ficient le plus de cette redistribution des m\u00e9nages. Parce qu\u2019elles continuent d\u2019entretenir des liens \u00e9troits avec la M\u00e9tropole, pour le travail notamment, l\u2019enjeu de la proximit\u00e9 et de l\u2019accessibilit\u00e9 (en voiture et en transports en commun) s\u2019impose pour les m\u00e9nages en qu\u00eate de d\u00e9m\u00e9nagement. Plus on s\u2019en \u00e9loigne, moins la M\u00e9tropole est contributrice mais les arriv\u00e9es d\u2019autres intercommunalit\u00e9s du d\u00e9partement restent la principale source de nouveaux habitants. En dehors de Toulouse M\u00e9tropole, en lien avec leur position g\u00e9ographique, seules les intercommunalit\u00e9s Aux sources du canal du Midi et Pyr\u00e9n\u00e9es Haut Garonnaises comptent une majorit\u00e9 d\u2019arrivants ext\u00e9rieurs au d\u00e9partement\u2009\u00bb.<\/p>\n<p>Deux intercommunalit\u00e9s particuli\u00e8rement concern\u00e9es<\/p>\n<p class=\" wall-content\">Dop\u00e9es par ces d\u00e9m\u00e9nagements d\u2019habitants venus de Toulouse, sept intercommunalit\u00e9s du nord de la Haute-Garonne figurent parmi les quinze intercommunalit\u00e9s les plus dynamiques d\u2019Occitanie sur le plan de la d\u00e9mographie.<\/p>\n<p class=\" wall-content\">\u00ab\u00a0En rapportant la croissance \u00e0 la population, c\u2019est dans le Frontonnais et les Coteaux du Girou que la dynamique d\u00e9mographique est la plus intense (respectivement +\u00a01,77\u2009% et +\u00a01,69\u2009% par an). \u00c0 l\u2019inverse, le sud du d\u00e9partement conna\u00eet une croissance plus mod\u00e9r\u00e9e proche de la stabilit\u00e9, voire d\u2019un repli dans les Pyr\u00e9n\u00e9es Haut-Garonnaises<br \/>(-0,15\u2009% par an).<\/p>\n<p class=\" wall-content\">Personnalisez votre actualit\u00e9 en ajoutant vos villes et m\u00e9dias en favori avec <a href=\"https:\/\/moncompte.actu.fr\" title=\"D\u00e9couvez Mon Actu\" rel=\"nofollow noopener\" data-trk=\"{&quot;cta&quot;:{&quot;action&quot;:&quot;https:\\\/\\\/moncompte.actu.fr&quot;,&quot;category&quot;:&quot;mon compte&quot;,&quot;from&quot;:&quot;article footer&quot;,&quot;name&quot;:&quot;Mon actu&quot;,&quot;type&quot;:&quot;cta&quot;}}\" target=\"_blank\">Mon Actu<\/a>.<\/p>\n","protected":false},"excerpt":{"rendered":"Par David Saint-Sernin Publi\u00e9 le 28 ao\u00fbt 2025 \u00e0 7h12 O\u00f9 les habitants de Toulouse d\u00e9m\u00e9nagent-ils en Haute-Garonne&hellip;\n","protected":false},"author":2,"featured_media":349357,"comment_status":"","ping_status":"","sticky":false,"template":"","format":"standard","meta":{"footnotes":""},"categories":[2816],"tags":[1111,11,1777,674,1011,27,12,2680,25,104,2312],"class_list":{"0":"post-349356","1":"post","2":"type-post","3":"status-publish","4":"format-standard","5":"has-post-thumbnail","7":"category-toulouse","8":"tag-actu","9":"tag-actualites","10":"tag-eu","11":"tag-europe","12":"tag-fr","13":"tag-france","14":"tag-news","15":"tag-occitanie","16":"tag-republique-francaise","17":"tag-societe","18":"tag-toulouse"},"share_on_mastodon":{"url":"https:\/\/pubeurope.com\/@fr\/115104940556428962","error":""},"_links":{"self":[{"href":"https:\/\/www.europesays.com\/fr\/wp-json\/wp\/v2\/posts\/349356","targetHints":{"allow":["GET"]}}],"collection":[{"href":"https:\/\/www.europesays.com\/fr\/wp-json\/wp\/v2\/posts"}],"about":[{"href":"https:\/\/www.europesays.com\/fr\/wp-json\/wp\/v2\/types\/post"}],"author":[{"embeddable":true,"href":"https:\/\/www.europesays.com\/fr\/wp-json\/wp\/v2\/users\/2"}],"replies":[{"embeddable":true,"href":"https:\/\/www.europesays.com\/fr\/wp-json\/wp\/v2\/comments?post=349356"}],"version-history":[{"count":0,"href":"https:\/\/www.europesays.com\/fr\/wp-json\/wp\/v2\/posts\/349356\/revisions"}],"wp:featuredmedia":[{"embeddable":true,"href":"https:\/\/www.europesays.com\/fr\/wp-json\/wp\/v2\/media\/349357"}],"wp:attachment":[{"href":"https:\/\/www.europesays.com\/fr\/wp-json\/wp\/v2\/media?parent=349356"}],"wp:term":[{"taxonomy":"category","embeddable":true,"href":"https:\/\/www.europesays.com\/fr\/wp-json\/wp\/v2\/categories?post=349356"},{"taxonomy":"post_tag","embeddable":true,"href":"https:\/\/www.europesays.com\/fr\/wp-json\/wp\/v2\/tags?post=349356"}],"curies":[{"name":"wp","href":"https:\/\/api.w.org\/{rel}","templated":true}]}}