{"id":349358,"date":"2025-08-28T06:19:10","date_gmt":"2025-08-28T06:19:10","guid":{"rendered":"https:\/\/www.europesays.com\/fr\/349358\/"},"modified":"2025-08-28T06:19:10","modified_gmt":"2025-08-28T06:19:10","slug":"periscolaire-a-toulouse-la-taxe-reconduite","status":"publish","type":"post","link":"https:\/\/www.europesays.com\/fr\/349358\/","title":{"rendered":"P\u00e9riscolaire \u00e0 Toulouse : la taxe reconduite"},"content":{"rendered":"<p>P\u00e9riscolaire \u00e0 Toulouse : la taxe reconduiteSur le m\u00eame sujet<a href=\"https:\/\/rmc.bfmtv.com\/actualites\/societe\/video-periscolaire-a-toulouse-la-taxe-reconduite_VN-202508280229.html\" title=\"P\u00e9riscolaire \u00e0 Toulouse : la taxe reconduite\" rel=\"nofollow noopener\" target=\"_blank\"><img width=\"16\" height=\"9\" class=\"lozad\"  alt=\"P\u00e9riscolaire \u00e0 Toulouse : la taxe reconduite\"\/>en lectureP\u00e9riscolaire \u00e0 Toulouse : la taxe reconduite<\/a><a href=\"https:\/\/rmc.bfmtv.com\/actualites\/societe\/video-voix-de-gauche-gpa-la-proposition-merite-un-debat_VN-202508280211.html\" title=\"Voix de gauche : GPA, &quot;la proposition m\u00e9rite un d\u00e9bat&quot;\" rel=\"nofollow noopener\" target=\"_blank\"><img width=\"16\" height=\"9\" class=\"lozad\"  alt=\"Voix de gauche : GPA, &quot;la proposition m\u00e9rite un d\u00e9bat&quot;\"\/>4:33Voix de gauche : GPA, \u00ab\u00a0la proposition m\u00e9rite un d\u00e9bat\u00a0\u00bb<\/a><a href=\"https:\/\/rmc.bfmtv.com\/actualites\/societe\/video-le-tirage-au-sort-pour-la-ligue-des-champions-a-lieu-ce-jeudi-28-aout-a-18h_VN-202508280205.html\" title=\"Le tirage au sort pour la Ligue des Champions a lieu ce jeudi 28 ao\u00fbt \u00e0 18h\" rel=\"nofollow noopener\" target=\"_blank\"><img width=\"16\" height=\"9\" class=\"lozad\"  alt=\"Le tirage au sort pour la Ligue des Champions a lieu ce jeudi 28 ao\u00fbt \u00e0 18h\"\/>1:00Le tirage au sort pour la Ligue des Champions a lieu ce jeudi 28 ao\u00fbt \u00e0 18h<\/a><a href=\"https:\/\/rmc.bfmtv.com\/actualites\/societe\/video-avec-la-reprise-des-travaux-de-l-a69-les-routes-de-verfeil-haute-garonne-sont-envahies-par-les-voitures-et-les-camions_VN-202508280196.html\" title=\"Avec la reprise des travaux de l&#039;A69, les routes de Verfeil (Haute-Garonne) sont envahies par les voitures et les camions\" rel=\"nofollow noopener\" target=\"_blank\"><img width=\"16\" height=\"9\" class=\"lozad\"  alt=\"Avec la reprise des travaux de l'A69, les routes de Verfeil (Haute-Garonne) sont envahies par les voitures et les camions\"\/>1:29Avec la reprise des travaux de l&rsquo;A69, les routes de Verfeil (Haute-Garonne) sont envahies par les voitures et les camions<\/a><a href=\"https:\/\/rmc.bfmtv.com\/actualites\/societe\/video-manifestation-tout-bloquer-du-10-septembre-la-cgt-apporte-son-soutien-et-appelle-a-construire-la-greve-partout_VN-202508280192.html\" title=\"Manifestation &quot;tout bloquer&quot; du 10 septembre: la CGT apporte son soutien et appelle &quot;\u00e0 construire la gr\u00e8ve partout&quot; \" rel=\"nofollow noopener\" target=\"_blank\"><img width=\"16\" height=\"9\" class=\"lozad\"  alt=\"Manifestation &quot;tout bloquer&quot; du 10 septembre: la CGT apporte son soutien et appelle &quot;\u00e0 construire la gr\u00e8ve partout&quot; \"\/>1:34Manifestation \u00ab\u00a0tout bloquer\u00a0\u00bb du 10 septembre: la CGT apporte son soutien et appelle \u00ab\u00a0\u00e0 construire la gr\u00e8ve partout\u00a0\u00bb<\/a><a href=\"https:\/\/rmc.bfmtv.com\/actualites\/societe\/video-2-200-c-est-le-nombre-d-enfants-qui-dorment-dans-la-rue-soit-une-hausse-de-33_VN-202508280186.html\" title=\"2.200, c&#039;est le nombre d&#039;enfants qui dorment dans la rue, soit une hausse de 33% \" rel=\"nofollow noopener\" target=\"_blank\"><img width=\"16\" height=\"9\" class=\"lozad\"  alt=\"2.200, c'est le nombre d'enfants qui dorment dans la rue, soit une hausse de 33% \"\/>0:232.200, c&rsquo;est le nombre d&rsquo;enfants qui dorment dans la rue, soit une hausse de 33%<\/a><a href=\"https:\/\/rmc.bfmtv.com\/actualites\/societe\/video-je-me-suis-battue-pendant-quatre-jours-et-je-ne-baisserai-pas-les-bras-victime-de-squatteurs-cette-auditrice-temoigne-de-son-ras-le-bol_VN-202508280182.html\" title=\"&quot;Je me suis battue pendant quatre jours, et je ne baisserai pas les bras&quot;: victime de squatteurs, cette auditrice t\u00e9moigne de son ras-le-bol\" rel=\"nofollow noopener\" target=\"_blank\"><img width=\"16\" height=\"9\" class=\"lozad\"  alt=\"&quot;Je me suis battue pendant quatre jours, et je ne baisserai pas les bras&quot;: victime de squatteurs, cette auditrice t\u00e9moigne de son ras-le-bol\"\/>1:31&Prime;Je me suis battue pendant quatre jours, et je ne baisserai pas les bras\u00a0\u00bb: victime de squatteurs, cette auditrice t\u00e9moigne de son ras-le-bol<\/a><a href=\"https:\/\/rmc.bfmtv.com\/actualites\/societe\/video-arnaud-demanche-pirate-le-face-a-face-28-08_VN-202508280169.html\" title=\"Arnaud Demanche pirate le Face-\u00e0-Face - 28.08\" rel=\"nofollow noopener\" target=\"_blank\"><img width=\"16\" height=\"9\" class=\"lozad\"  alt=\"Arnaud Demanche pirate le Face-\u00e0-Face - 28.08\"\/>2:44Arnaud Demanche pirate le Face-\u00e0-Face &#8211; 28.08<\/a><a href=\"https:\/\/rmc.bfmtv.com\/actualites\/societe\/video-le-coq-sportif-140-ans-d-histoire-et-un-nouveau-depart_VN-202508280167.html\" title=\"Le Coq Sportif, 140 ans d&#039;histoire et un nouveau d\u00e9part\" rel=\"nofollow noopener\" target=\"_blank\"><img width=\"16\" height=\"9\" class=\"lozad\"  alt=\"Le Coq Sportif, 140 ans d'histoire et un nouveau d\u00e9part\"\/>3:15Le Coq Sportif, 140 ans d&rsquo;histoire et un nouveau d\u00e9part<\/a><a href=\"https:\/\/rmc.bfmtv.com\/actualites\/societe\/video-ia-pour-les-profs-elisabeth-borne-a-tort_VN-202508280161.html\" title=\"IA pour les profs : &quot;Elisabeth Borne a tort&quot;\" rel=\"nofollow noopener\" target=\"_blank\"><img width=\"16\" height=\"9\" class=\"lozad\"  alt=\"IA pour les profs : &quot;Elisabeth Borne a tort&quot;\"\/>1:20IA pour les profs : \u00ab\u00a0Elisabeth Borne a tort\u00a0\u00bb<\/a><a href=\"https:\/\/rmc.bfmtv.com\/actualites\/societe\/video-pour-sa-14e-rentree-en-tant-que-selectionneur-de-l-equipe-de-france-didier-deschamps-veut-a-tout-prix-qualifier-les-bleus-au-mondial-2026_VN-202508280137.html\" title=\"Pour sa 14e rentr\u00e9e en tant que s\u00e9lectionneur de l&#039;\u00e9quipe de France, Didier Deschamps veut \u00e0 tout prix qualifier les Bleus au Mondial 2026\" rel=\"nofollow noopener\" target=\"_blank\"><img width=\"16\" height=\"9\" class=\"lozad\"  alt=\"Pour sa 14e rentr\u00e9e en tant que s\u00e9lectionneur de l'\u00e9quipe de France, Didier Deschamps veut \u00e0 tout prix qualifier les Bleus au Mondial 2026\"\/>1:25Pour sa 14e rentr\u00e9e en tant que s\u00e9lectionneur de l&rsquo;\u00e9quipe de France, Didier Deschamps veut \u00e0 tout prix qualifier les Bleus au Mondial 2026<\/a><a href=\"https:\/\/rmc.bfmtv.com\/actualites\/societe\/video-depuis-dix-ans-la-pollution-de-l-air-a-baisse-de-40-a-paris_VN-202508280126.html\" title=\"Depuis dix ans, la pollution de l&#039;air a baiss\u00e9 de 40% \u00e0 Paris\" rel=\"nofollow noopener\" target=\"_blank\"><img width=\"16\" height=\"9\" class=\"lozad\"  alt=\"Depuis dix ans, la pollution de l'air a baiss\u00e9 de 40% \u00e0 Paris\"\/>0:54Depuis dix ans, la pollution de l&rsquo;air a baiss\u00e9 de 40% \u00e0 Paris<\/a><a href=\"https:\/\/rmc.bfmtv.com\/actualites\/societe\/video-les-jeux-paralympiques-une-franche-reussite-mais_VN-202508280127.html\" title=\"Les Jeux paralympiques, une franche r\u00e9ussite mais...\" rel=\"nofollow noopener\" target=\"_blank\"><img width=\"16\" height=\"9\" class=\"lozad\"  alt=\"Les Jeux paralympiques, une franche r\u00e9ussite mais...\"\/>2:02Les Jeux paralympiques, une franche r\u00e9ussite mais&#8230;<\/a><a href=\"https:\/\/rmc.bfmtv.com\/actualites\/societe\/video-elisabeth-borne-veut-changer-la-devise-du-pantheon-pour-reconnaitre-la-place-des-femmes-dans-l-histoire_VN-202508280122.html\" title=\"\u00c9lisabeth Borne veut changer la devise du Panth\u00e9on pour reconna\u00eetre la place des femmes dans l&#039;histoire\" rel=\"nofollow noopener\" target=\"_blank\"><img width=\"16\" height=\"9\" class=\"lozad\"  alt=\"\u00c9lisabeth Borne veut changer la devise du Panth\u00e9on pour reconna\u00eetre la place des femmes dans l'histoire\"\/>1:33\u00c9lisabeth Borne veut changer la devise du Panth\u00e9on pour reconna\u00eetre la place des femmes dans l&rsquo;histoire<\/a><a class=\"jumpToVideo\" target=\"_blank\"><img class=\"thumbnailPreview\"\/><\/a><\/p>\n","protected":false},"excerpt":{"rendered":"P\u00e9riscolaire \u00e0 Toulouse : la taxe reconduiteSur le m\u00eame sujeten lectureP\u00e9riscolaire \u00e0 Toulouse : la taxe reconduite4:33Voix de&hellip;\n","protected":false},"author":2,"featured_media":349359,"comment_status":"","ping_status":"","sticky":false,"template":"","format":"standard","meta":{"footnotes":""},"categories":[2816],"tags":[1111,11,1777,674,1011,27,12,2680,25,2312],"class_list":{"0":"post-349358","1":"post","2":"type-post","3":"status-publish","4":"format-standard","5":"has-post-thumbnail","7":"category-toulouse","8":"tag-actu","9":"tag-actualites","10":"tag-eu","11":"tag-europe","12":"tag-fr","13":"tag-france","14":"tag-news","15":"tag-occitanie","16":"tag-republique-francaise","17":"tag-toulouse"},"share_on_mastodon":{"url":"https:\/\/pubeurope.com\/@fr\/115104944122691143","error":""},"_links":{"self":[{"href":"https:\/\/www.europesays.com\/fr\/wp-json\/wp\/v2\/posts\/349358","targetHints":{"allow":["GET"]}}],"collection":[{"href":"https:\/\/www.europesays.com\/fr\/wp-json\/wp\/v2\/posts"}],"about":[{"href":"https:\/\/www.europesays.com\/fr\/wp-json\/wp\/v2\/types\/post"}],"author":[{"embeddable":true,"href":"https:\/\/www.europesays.com\/fr\/wp-json\/wp\/v2\/users\/2"}],"replies":[{"embeddable":true,"href":"https:\/\/www.europesays.com\/fr\/wp-json\/wp\/v2\/comments?post=349358"}],"version-history":[{"count":0,"href":"https:\/\/www.europesays.com\/fr\/wp-json\/wp\/v2\/posts\/349358\/revisions"}],"wp:featuredmedia":[{"embeddable":true,"href":"https:\/\/www.europesays.com\/fr\/wp-json\/wp\/v2\/media\/349359"}],"wp:attachment":[{"href":"https:\/\/www.europesays.com\/fr\/wp-json\/wp\/v2\/media?parent=349358"}],"wp:term":[{"taxonomy":"category","embeddable":true,"href":"https:\/\/www.europesays.com\/fr\/wp-json\/wp\/v2\/categories?post=349358"},{"taxonomy":"post_tag","embeddable":true,"href":"https:\/\/www.europesays.com\/fr\/wp-json\/wp\/v2\/tags?post=349358"}],"curies":[{"name":"wp","href":"https:\/\/api.w.org\/{rel}","templated":true}]}}