{"id":349362,"date":"2025-08-28T06:22:14","date_gmt":"2025-08-28T06:22:14","guid":{"rendered":"https:\/\/www.europesays.com\/fr\/349362\/"},"modified":"2025-08-28T06:22:14","modified_gmt":"2025-08-28T06:22:14","slug":"mala-kriegel-etrangere-et-notre-soeur-pourtant","status":"publish","type":"post","link":"https:\/\/www.europesays.com\/fr\/349362\/","title":{"rendered":"Mala Kriegel, \u00ab \u00e9trang\u00e8re et notre s\u0153ur pourtant \u00bb"},"content":{"rendered":"\n<p>Moment d\u2019\u00e9motion et d\u2019hommage ce mercredi, boulevard Oddo dans le 15e arrondissement de Marseille. C\u2019est ici, que le 27\u00a0ao\u00fbt 1944, Mala Kriegel, l\u2019une des co-fondatrice de La\u00a0Marseillaise, a \u00e9t\u00e9 ex\u00e9cut\u00e9e sommairement par les nazis alors qu\u2019elle diffusait notre journal. Dans le public, Ibrahim M\u2019Z\u00e9 et Jo\u00ebl Dutto, repr\u00e9sentant les communistes du 15e\u00a0arrondissement, \u00c8ve Schmit de l\u2019Association r\u00e9publicaine des anciens combattants, Annick Karsenty de Femmes solidaires&#8230;<\/p>\n<p>\u00ab\u00a0Alors que la Lib\u00e9ration de Marseille a commenc\u00e9, que nos fondateurs ont pris d\u2019assaut le si\u00e8ge du journal collaborationniste Le Petit Marseillais et que La Marseillaise para\u00eet au grand jour depuis le 24\u00a0ao\u00fbt, le destin de Mala Kriegel bascule\u00a0\u00bb, relate au micro L\u00e9o Purguette, pr\u00e9sident de La Marseillaise. \u00ab\u00a0Un coup de sifflet. Elle est mitraill\u00e9e et tombe au sol. Elle touche ses blessures, comprend qu\u2019elle va mourir. Pour lui \u00e9viter de r\u00e9p\u00e9ter son geste, les camarades qui l\u2019accompagnaient dans cette \u00e9preuve lui couvrent le corps d\u2019exemplaires de La\u00a0Marseillaise\u00a0\u00bb, ajoute-t-il.<\/p>\n<p>\u00ab\u00a0Aragon parlait du groupe Manouchian, FTP-MOI tout comme Mala qui \u00e9tait communistes, juive polonaise, en disant qu\u2019\u00a0\u00bb\u00e0 prononcer leurs noms \u00e9tait difficile\u00a0\u00bb et qu\u2019\u00a0\u00bb\u00e9trangers, ils \u00e9taient nos fr\u00e8res pourtant\u00a0\u00bb. C\u2019est aussi le cas de Mala Ehrlischster, de son nom de naissance. Nous ne l\u2019oublierons jamais,\u00a0\u00e9trang\u00e8re, et notre s\u0153ur pourtant\u00a0\u00bb, conclut L\u00e9o Purguette.<\/p>\n<p>Apr\u00e8s lui, Audrey Garino (PCF), adjointe au maire de Marseille, a, \u00e0 son tour, rendu hommage \u00e0 cette r\u00e9sistante au courage indicible. Puis J\u00e9r\u00e9my Bacchi, secr\u00e9taire d\u00e9partemental du PCF et s\u00e9nateur des Bouches-du-Rh\u00f4ne, a salu\u00e9 la m\u00e9moire de Mala Kriegel tout en fustigeant les man\u0153uvres de falsifications de l\u2019histoire en cours \u00e0 Saint-Rapha\u00ebl.<\/p>\n","protected":false},"excerpt":{"rendered":"Moment d\u2019\u00e9motion et d\u2019hommage ce mercredi, boulevard Oddo dans le 15e arrondissement de Marseille. C\u2019est ici, que le&hellip;\n","protected":false},"author":2,"featured_media":349363,"comment_status":"","ping_status":"","sticky":false,"template":"","format":"standard","meta":{"footnotes":""},"categories":[2814],"tags":[1111,11,1777,674,1011,27,4879,884,12,882,25],"class_list":{"0":"post-349362","1":"post","2":"type-post","3":"status-publish","4":"format-standard","5":"has-post-thumbnail","7":"category-marseille","8":"tag-actu","9":"tag-actualites","10":"tag-eu","11":"tag-europe","12":"tag-fr","13":"tag-france","14":"tag-hommage","15":"tag-marseille","16":"tag-news","17":"tag-provence-alpes-cote-dazur","18":"tag-republique-francaise"},"share_on_mastodon":{"url":"https:\/\/pubeurope.com\/@fr\/115104956002117802","error":""},"_links":{"self":[{"href":"https:\/\/www.europesays.com\/fr\/wp-json\/wp\/v2\/posts\/349362","targetHints":{"allow":["GET"]}}],"collection":[{"href":"https:\/\/www.europesays.com\/fr\/wp-json\/wp\/v2\/posts"}],"about":[{"href":"https:\/\/www.europesays.com\/fr\/wp-json\/wp\/v2\/types\/post"}],"author":[{"embeddable":true,"href":"https:\/\/www.europesays.com\/fr\/wp-json\/wp\/v2\/users\/2"}],"replies":[{"embeddable":true,"href":"https:\/\/www.europesays.com\/fr\/wp-json\/wp\/v2\/comments?post=349362"}],"version-history":[{"count":0,"href":"https:\/\/www.europesays.com\/fr\/wp-json\/wp\/v2\/posts\/349362\/revisions"}],"wp:featuredmedia":[{"embeddable":true,"href":"https:\/\/www.europesays.com\/fr\/wp-json\/wp\/v2\/media\/349363"}],"wp:attachment":[{"href":"https:\/\/www.europesays.com\/fr\/wp-json\/wp\/v2\/media?parent=349362"}],"wp:term":[{"taxonomy":"category","embeddable":true,"href":"https:\/\/www.europesays.com\/fr\/wp-json\/wp\/v2\/categories?post=349362"},{"taxonomy":"post_tag","embeddable":true,"href":"https:\/\/www.europesays.com\/fr\/wp-json\/wp\/v2\/tags?post=349362"}],"curies":[{"name":"wp","href":"https:\/\/api.w.org\/{rel}","templated":true}]}}