{"id":349364,"date":"2025-08-28T06:23:12","date_gmt":"2025-08-28T06:23:12","guid":{"rendered":"https:\/\/www.europesays.com\/fr\/349364\/"},"modified":"2025-08-28T06:23:12","modified_gmt":"2025-08-28T06:23:12","slug":"le-psg-marseille-et-monaco-connaitront-leurs-adversaires-ce-jeudi","status":"publish","type":"post","link":"https:\/\/www.europesays.com\/fr\/349364\/","title":{"rendered":"le PSG, Marseille et Monaco connaitront leurs adversaires ce jeudi"},"content":{"rendered":"<p>Les 36 \u00e9quipes qualifi\u00e9es pour la phase de ligue de la Ligue des champions, le PSG, tenant du titre en premier lieu, retiennent leur souffle avant de conna\u00eetre leurs futurs adversaires lors du tirage au sort pr\u00e9vu jeudi \u00e0 Monaco.<\/p>\n<p>Introduite la saison pass\u00e9e, la nouvelle formule de la plus prestigieuse des comp\u00e9titions inter-clubs a connu d&#8217;embl\u00e9e un grand succ\u00e8s, avec le premier sacre de l&rsquo;histoire du Paris SG en guise d&rsquo;apoth\u00e9ose pour le football fran\u00e7ais, au terme d&rsquo;une finale de r\u00eave \u00e0 Munich face \u00e0 l&rsquo;Inter Milan (5-0).<\/p>\n<p>Un tirage effectu\u00e9 par ordinateur<\/p>\n<p>Plus d&rsquo;affiches, plus de suspense, notamment durant une derni\u00e8re journ\u00e9e haletante: le format in\u00e9dit, avec une poule unique, a pleinement tenu ses promesses l&rsquo;an pass\u00e9, confortant l&rsquo;UEFA dans sa volont\u00e9 d&rsquo;op\u00e9rer un changement radical afin d&rsquo;augmenter ses recettes et ainsi couper court \u00e0 toute volont\u00e9 de scission de certaines grandes \u00e9curies.<\/p>\n<p>Comme en 2024-2025, les \u00e9quipes, r\u00e9parties en quatre chapeaux pour le tirage (selon le coefficient UEFA calcul\u00e9 sur la base des r\u00e9sultats en Coupe d\u2019Europe sur les cinq derni\u00e8res saisons), joueront donc huit rencontres contre des adversaires diff\u00e9rents (deux par chapeau), quatre \u00e0 domicile et quatre \u00e0 l&rsquo;ext\u00e9rieur.<\/p>\n<p>A l&rsquo;issue de cette phase initiale (du 16 septembre au 28 janvier 2026), les huit premiers seront qualifi\u00e9s directement pour les 8e de finale, les formations class\u00e9es de la 9e \u00e0 la 24e place se disputant les huit derniers tickets en barrages aller-retour.<br \/>C&rsquo;est encore une fois un tirage automatis\u00e9 qui d\u00e9terminera les diff\u00e9rents face-\u00e0-face, l&rsquo;ordinateur devant respecter deux crit\u00e8res: un club ne pourra pas jouer contre un pensionnaire de son propre championnat ni affronter plus de deux repr\u00e9sentants d&rsquo;un m\u00eame pays.<\/p>\n<p>Paris veut \u00ab marquer l&rsquo;histoire \u00bb<\/p>\n<p>Seule nouveaut\u00e9: contrairement \u00e0 l&rsquo;exercice pr\u00e9c\u00e9dent, il y aura un v\u00e9ritable int\u00e9r\u00eat \u00e0 terminer parmi les huit premiers de la phase de ligue puisque les heureux \u00e9lus auront l&rsquo;avantage de recevoir lors du match retour en 8e de finale.<\/p>\n<p>Les quatre premiers \u00e9volueront m\u00eame \u00e0 domicile lors du match retour jusqu\u2019en quart de finale alors que les deux premiers du classement b\u00e9n\u00e9ficieront de ce privil\u00e8ge pour toutes les rencontres \u00e0 \u00e9limination directe.<\/p>\n<p>Fort de son statut de champion d&rsquo;Europe, le PSG figure naturellement dans le chapeau 1 en compagnie des principaux cadors du continent (Real Madrid, Manchester City, Bayern Munich, Liverpool, Inter Milan, Chelsea, Borussia Dortmund, FC Barcelone) et va croiser les doigts pour ne pas avoir un parcours aussi cors\u00e9 que la saison derni\u00e8re puisqu&rsquo;il n&rsquo;avait termin\u00e9 que 15e avant de monter en puissance \u00e0 partir des barrages.<\/p>\n<p>Forger \u00ab\u00a0une dynastie\u00a0\u00bb<\/p>\n<p>Quel que soit le sort, Luis Enrique le mart\u00e8le depuis des semaines: l&rsquo;objectif des Parisiens est bel et bien de \u00ab continuer \u00e0 marquer l&rsquo;histoire \u00bb et de forger \u00ab une dynastie \u00bb en allant chercher une deuxi\u00e8me Ligue des champions d&rsquo;affil\u00e9e, le 30 mai 2026 \u00e0 Budapest.<\/p>\n<p>\u00ab On est tr\u00e8s ambitieux. On sait que ce sera difficile, mais c&rsquo;est normal d&rsquo;avoir cette mentalit\u00e9 \u00bb, a expliqu\u00e9 l&rsquo;entra\u00eeneur espagnol.<\/p>\n<p>Paris, qui se faisait tout petit \u00e0 l&rsquo;\u00e9t\u00e9 2024 apr\u00e8s le d\u00e9part de sa superstar Kylian Mbapp\u00e9 au Real Madrid, ne pourra toutefois pas se cacher cette fois. Les \u00e9quipes anglaises, balay\u00e9es sur la route de son titre europ\u00e9en, le Real et le Bayern, humili\u00e9s au Mondial des clubs, ou le Bar\u00e7a de Lamine Yamal, sorti en demi-finales par l&rsquo;Inter, attendent le PSG de pied ferme.<\/p>\n<p>L&rsquo;OM, dans le chapeau 3 et qui va retrouver l&rsquo;atmosph\u00e8re des chaudes soir\u00e9es de C1 apr\u00e8s trois ans d&rsquo;absence, devra sans doute cravacher pour aller au-del\u00e0 de la phase de ligue. Monaco, revers\u00e9 dans le 4e pot, peut \u00e9galement s&rsquo;attendre \u00e0 souffrir.<\/p>\n","protected":false},"excerpt":{"rendered":"Les 36 \u00e9quipes qualifi\u00e9es pour la phase de ligue de la Ligue des champions, le PSG, tenant du&hellip;\n","protected":false},"author":2,"featured_media":349365,"comment_status":"","ping_status":"","sticky":false,"template":"","format":"standard","meta":{"footnotes":""},"categories":[2814],"tags":[1111,11,1777,674,107,1701,63,1011,27,884,12,882,25,517,1947],"class_list":{"0":"post-349364","1":"post","2":"type-post","3":"status-publish","4":"format-standard","5":"has-post-thumbnail","7":"category-marseille","8":"tag-actu","9":"tag-actualites","10":"tag-eu","11":"tag-europe","12":"tag-fil-info","13":"tag-fil-info-sport","14":"tag-football","15":"tag-fr","16":"tag-france","17":"tag-marseille","18":"tag-news","19":"tag-provence-alpes-cote-dazur","20":"tag-republique-francaise","21":"tag-sport","22":"tag-sport-national"},"share_on_mastodon":{"url":"https:\/\/pubeurope.com\/@fr\/115104959925372859","error":""},"_links":{"self":[{"href":"https:\/\/www.europesays.com\/fr\/wp-json\/wp\/v2\/posts\/349364","targetHints":{"allow":["GET"]}}],"collection":[{"href":"https:\/\/www.europesays.com\/fr\/wp-json\/wp\/v2\/posts"}],"about":[{"href":"https:\/\/www.europesays.com\/fr\/wp-json\/wp\/v2\/types\/post"}],"author":[{"embeddable":true,"href":"https:\/\/www.europesays.com\/fr\/wp-json\/wp\/v2\/users\/2"}],"replies":[{"embeddable":true,"href":"https:\/\/www.europesays.com\/fr\/wp-json\/wp\/v2\/comments?post=349364"}],"version-history":[{"count":0,"href":"https:\/\/www.europesays.com\/fr\/wp-json\/wp\/v2\/posts\/349364\/revisions"}],"wp:featuredmedia":[{"embeddable":true,"href":"https:\/\/www.europesays.com\/fr\/wp-json\/wp\/v2\/media\/349365"}],"wp:attachment":[{"href":"https:\/\/www.europesays.com\/fr\/wp-json\/wp\/v2\/media?parent=349364"}],"wp:term":[{"taxonomy":"category","embeddable":true,"href":"https:\/\/www.europesays.com\/fr\/wp-json\/wp\/v2\/categories?post=349364"},{"taxonomy":"post_tag","embeddable":true,"href":"https:\/\/www.europesays.com\/fr\/wp-json\/wp\/v2\/tags?post=349364"}],"curies":[{"name":"wp","href":"https:\/\/api.w.org\/{rel}","templated":true}]}}