{"id":349368,"date":"2025-08-28T06:25:20","date_gmt":"2025-08-28T06:25:20","guid":{"rendered":"https:\/\/www.europesays.com\/fr\/349368\/"},"modified":"2025-08-28T06:25:20","modified_gmt":"2025-08-28T06:25:20","slug":"robin-de-bfm-il-nettoie-benevolement-les-rues-de-lyon-actualites","status":"publish","type":"post","link":"https:\/\/www.europesays.com\/fr\/349368\/","title":{"rendered":"ROBIN DE BFM &#8211; Il nettoie b\u00e9n\u00e9volement les rues de Lyon : Actualit\u00e9s"},"content":{"rendered":"<p class=\"a__paragraph text-gray3 \" id=\"atm-video-summary-text\">\n                    Robin Gervais, 33 ans, paysagiste ind\u00e9pendant \u00e0 Lyon, a d\u00e9cid\u00e9 d\u2019agir b\u00e9n\u00e9volement dans sa ville. Arm\u00e9 de ses outils et de sa cam\u00e9ra, il nettoie les espaces publics puis partage ses vid\u00e9os sur Instagram, o\u00f9 elles cumulent d\u00e9j\u00e0 des centaines de milliers de vues. Son objectif: cr\u00e9er du contenu positif, sensibiliser et montrer que chacun peut, par de simples gestes, contribuer \u00e0 l\u2019entretien de son quartier. Une initiative largement salu\u00e9e par de nombreux habitants et commer\u00e7ants, mais qui suscite aussi de vives critiques de la M\u00e9tropole et de ses \u00e9lus \u00e9cologistes, lesquels d\u00e9noncent des pratiques contraires aux r\u00e8gles de biodiversit\u00e9 et aux politiques de v\u00e9g\u00e9talisation en place.\n            <\/p>\n","protected":false},"excerpt":{"rendered":"Robin Gervais, 33 ans, paysagiste ind\u00e9pendant \u00e0 Lyon, a d\u00e9cid\u00e9 d\u2019agir b\u00e9n\u00e9volement dans sa ville. Arm\u00e9 de ses&hellip;\n","protected":false},"author":2,"featured_media":349369,"comment_status":"","ping_status":"","sticky":false,"template":"","format":"standard","meta":{"footnotes":""},"categories":[1889],"tags":[1111,11,2430,1777,674,1011,27,2428,12,25],"class_list":{"0":"post-349368","1":"post","2":"type-post","3":"status-publish","4":"format-standard","5":"has-post-thumbnail","7":"category-lyon","8":"tag-actu","9":"tag-actualites","10":"tag-auvergne-rhone-alpes","11":"tag-eu","12":"tag-europe","13":"tag-fr","14":"tag-france","15":"tag-lyon","16":"tag-news","17":"tag-republique-francaise"},"share_on_mastodon":{"url":"https:\/\/pubeurope.com\/@fr\/115104967741218766","error":""},"_links":{"self":[{"href":"https:\/\/www.europesays.com\/fr\/wp-json\/wp\/v2\/posts\/349368","targetHints":{"allow":["GET"]}}],"collection":[{"href":"https:\/\/www.europesays.com\/fr\/wp-json\/wp\/v2\/posts"}],"about":[{"href":"https:\/\/www.europesays.com\/fr\/wp-json\/wp\/v2\/types\/post"}],"author":[{"embeddable":true,"href":"https:\/\/www.europesays.com\/fr\/wp-json\/wp\/v2\/users\/2"}],"replies":[{"embeddable":true,"href":"https:\/\/www.europesays.com\/fr\/wp-json\/wp\/v2\/comments?post=349368"}],"version-history":[{"count":0,"href":"https:\/\/www.europesays.com\/fr\/wp-json\/wp\/v2\/posts\/349368\/revisions"}],"wp:featuredmedia":[{"embeddable":true,"href":"https:\/\/www.europesays.com\/fr\/wp-json\/wp\/v2\/media\/349369"}],"wp:attachment":[{"href":"https:\/\/www.europesays.com\/fr\/wp-json\/wp\/v2\/media?parent=349368"}],"wp:term":[{"taxonomy":"category","embeddable":true,"href":"https:\/\/www.europesays.com\/fr\/wp-json\/wp\/v2\/categories?post=349368"},{"taxonomy":"post_tag","embeddable":true,"href":"https:\/\/www.europesays.com\/fr\/wp-json\/wp\/v2\/tags?post=349368"}],"curies":[{"name":"wp","href":"https:\/\/api.w.org\/{rel}","templated":true}]}}