{"id":349370,"date":"2025-08-28T06:27:11","date_gmt":"2025-08-28T06:27:11","guid":{"rendered":"https:\/\/www.europesays.com\/fr\/349370\/"},"modified":"2025-08-28T06:27:11","modified_gmt":"2025-08-28T06:27:11","slug":"on-tiktokise-lenseignement-dans-les-lycees-franciliens-la-disparition-progressive-des-manuels-papier-contestee","status":"publish","type":"post","link":"https:\/\/www.europesays.com\/fr\/349370\/","title":{"rendered":"\u00ab\u00a0On tiktokise l\u2019enseignement\u00a0\u00bb\u00a0: dans les lyc\u00e9es franciliens, la disparition progressive des manuels papier contest\u00e9e"},"content":{"rendered":"<p class=\"paragraph text_align_left lp-f-body-02\">Le temps des manuels scolaires dans le cartable est-il d\u00e9finitivement derri\u00e8re nous ? \u00c0 quelques heures de la rentr\u00e9e, les enseignants des <a href=\"https:\/\/www.leparisien.fr\/societe\/classement-des-meilleurs-lycees-dile-de-france-2025-un-etablissement-de-seine-saint-denis-en-tete-paris-toujours-tres-present-02-04-2025-4PIXSMRL3JHAJA4JSVFNFTXU7I.php\" target=\"_blank\" rel=\"noreferrer nofollow noopener\">lyc\u00e9es d\u2019\u00cele-de-France<\/a> pr\u00e9parent leurs premiers cours de l\u2019ann\u00e9e scolaire 2025-2026. Pour cela, ils utilisent peut-\u00eatre, non plus les traditionnels ouvrages papier, mais une plate-forme num\u00e9rique.<\/p>\n<p class=\"paragraph text_align_left lp-f-body-02\">Baptis\u00e9e Pearltrees, cette plate-forme p\u00e9dagogique financ\u00e9e par la r\u00e9gion \u00cele-de-France est d\u00e9sormais l\u2019unique outil \u00e0 leur disposition. Elle donne acc\u00e8s \u00e0 des manuels num\u00e9riques sous forme de \u00ab granules \u00bb \u2014 une arborescence de connaissances, exercices, contenus, photos et vid\u00e9os\u2026 \u2014 qui \u00ab peuvent \u00eatre utilis\u00e9s tels quels ou \u00eatre modifi\u00e9s par les enseignants eux-m\u00eames \u00bb, notamment gr\u00e2ce \u00e0 l\u2019<a href=\"https:\/\/www.leparisien.fr\/high-tech\/intelligence-artificielle\/\" target=\"_blank\" rel=\"noreferrer nofollow noopener\">IA<\/a>, explique la r\u00e9gion.<\/p>\n","protected":false},"excerpt":{"rendered":"Le temps des manuels scolaires dans le cartable est-il d\u00e9finitivement derri\u00e8re nous ? \u00c0 quelques heures de la&hellip;\n","protected":false},"author":2,"featured_media":349371,"comment_status":"","ping_status":"","sticky":false,"template":"","format":"standard","meta":{"footnotes":""},"categories":[1592],"tags":[1111,11,1777,674,1011,27,662,2684,1944,12,626,25],"class_list":{"0":"post-349370","1":"post","2":"type-post","3":"status-publish","4":"format-standard","5":"has-post-thumbnail","7":"category-ile-de-france","8":"tag-actu","9":"tag-actualites","10":"tag-eu","11":"tag-europe","12":"tag-fr","13":"tag-france","14":"tag-ile-de-france","15":"tag-le-parisien-etudiant","16":"tag-ma-ville","17":"tag-news","18":"tag-paris","19":"tag-republique-francaise"},"share_on_mastodon":{"url":"https:\/\/pubeurope.com\/@fr\/115104975719465689","error":""},"_links":{"self":[{"href":"https:\/\/www.europesays.com\/fr\/wp-json\/wp\/v2\/posts\/349370","targetHints":{"allow":["GET"]}}],"collection":[{"href":"https:\/\/www.europesays.com\/fr\/wp-json\/wp\/v2\/posts"}],"about":[{"href":"https:\/\/www.europesays.com\/fr\/wp-json\/wp\/v2\/types\/post"}],"author":[{"embeddable":true,"href":"https:\/\/www.europesays.com\/fr\/wp-json\/wp\/v2\/users\/2"}],"replies":[{"embeddable":true,"href":"https:\/\/www.europesays.com\/fr\/wp-json\/wp\/v2\/comments?post=349370"}],"version-history":[{"count":0,"href":"https:\/\/www.europesays.com\/fr\/wp-json\/wp\/v2\/posts\/349370\/revisions"}],"wp:featuredmedia":[{"embeddable":true,"href":"https:\/\/www.europesays.com\/fr\/wp-json\/wp\/v2\/media\/349371"}],"wp:attachment":[{"href":"https:\/\/www.europesays.com\/fr\/wp-json\/wp\/v2\/media?parent=349370"}],"wp:term":[{"taxonomy":"category","embeddable":true,"href":"https:\/\/www.europesays.com\/fr\/wp-json\/wp\/v2\/categories?post=349370"},{"taxonomy":"post_tag","embeddable":true,"href":"https:\/\/www.europesays.com\/fr\/wp-json\/wp\/v2\/tags?post=349370"}],"curies":[{"name":"wp","href":"https:\/\/api.w.org\/{rel}","templated":true}]}}