{"id":349374,"date":"2025-08-28T06:29:17","date_gmt":"2025-08-28T06:29:17","guid":{"rendered":"https:\/\/www.europesays.com\/fr\/349374\/"},"modified":"2025-08-28T06:29:17","modified_gmt":"2025-08-28T06:29:17","slug":"sncf-le-trajet-en-train-paris-vannes-se-solde-par-une-amende-pour-la-voyageuse-au-chat-fauteur-de-troubles","status":"publish","type":"post","link":"https:\/\/www.europesays.com\/fr\/349374\/","title":{"rendered":"SNCF. Le trajet en train Paris-Vannes se solde par une amende pour la voyageuse au chat fauteur de troubles"},"content":{"rendered":"<p>            Par<br \/>\n        <strong><br \/>\n            <a href=\"https:\/\/actu.fr\/auteur\/redaction-paris\" title=\"Consulter tous les articles de R\u00e9daction Paris\" target=\"_blank\" rel=\"noopener\">R\u00e9daction Paris<\/a><br \/>\n        <\/strong><\/p>\n<p>        Publi\u00e9 le<\/p>\n<p>            27 ao\u00fbt 2025 \u00e0 12h32        <\/p>\n<p>En prenant leur train \u00e0 Paris pour se rendre \u00e0 Vannes, jeudi 21\u00a0ao\u00fbt 2025, Camille et Pierre ne se doutaient pas que ce trajet d\u2019un peu plus de deux heures se solderait par <strong>une amende de 110\u00a0euros<\/strong>, en raison des miaulements de Monet, leur chat.<\/p>\n<p>Deux versions diff\u00e9rentes<\/p>\n<p class=\" wall-content\">L\u2019animal, comme ses propri\u00e9taires, avait pourtant bien son billet et voyageait dans une cage de transport, conform\u00e9ment aux r\u00e8gles de la <a href=\"https:\/\/actu.fr\/tag\/sncf\" target=\"_blank\" rel=\"noopener\">SNCF<\/a>. D\u2019apr\u00e8s le r\u00e9cit fait par le couple parisien \u00e0 <a href=\"https:\/\/www.bfmtv.com\/societe\/une-voyageuse-verbalisee-par-un-controleur-sncf-car-son-chat-miaulait-dans-le-train_AN-202508260405.html\" target=\"_blank\" rel=\"noopener\">BFM TV<\/a>, un contr\u00f4leur aurait justifi\u00e9 la contravention par les miaulements du f\u00e9lin, jug\u00e9s trop forts et ayant occasionn\u00e9 des <strong>plaintes de plusieurs voyageurs<\/strong>.<\/p>\n<p class=\" wall-content\">\u00ab\u2009Il a un petit peu miaul\u00e9 au d\u00e9but du trajet\u2009\u00bb, conc\u00e8de Camille, qui d\u00e9plore une injustice. \u00ab\u2009C\u2019est quand m\u00eame <strong>dommage<\/strong> que la SNCF puisse verbaliser des personnes qui voyagent simplement avec leur animal, qui sont en r\u00e8gle et qui ont pris toutes les pr\u00e9cautions n\u00e9cessaires.\u2009\u00bb<\/p>\n<p class=\" wall-content\">Dans la version donn\u00e9e par la SNCF \u00e0 BFM TV, l\u2019entreprise ferroviaire \u00e9voque une tentative d\u2019apaisement qui aurait \u00e9t\u00e9 refus\u00e9e par Camille. \u00ab\u2009Nos chefs de bord lui ont propos\u00e9 d\u2019\u00eatre <strong>replac\u00e9e dans la voiture voisine<\/strong>, o\u00f9 de nombreuses places \u00e9taient disponibles \u2014 une solution de savoir-vivre qu\u2019elle a malheureusement refus\u00e9e.\u2009\u00bb<\/p>\n<p class=\" wall-content\">La verbalisation aurait donc \u00e9t\u00e9 motiv\u00e9e par les tensions avec d\u2019autres voyageurs, et non directement par les miaulements de Monet. La SNCF indique qu\u2019elle devrait <strong>prendre contact avec les propri\u00e9taires<\/strong> du chat afin de \u00ab\u2009lever tout potentiel malentendu\u2009\u00bb.<\/p>\n<p class=\" wall-content\">Personnalisez votre actualit\u00e9 en ajoutant vos villes et m\u00e9dias en favori avec <a href=\"https:\/\/moncompte.actu.fr\" title=\"D\u00e9couvez Mon Actu\" rel=\"nofollow noopener\" data-trk=\"{&quot;cta&quot;:{&quot;action&quot;:&quot;https:\\\/\\\/moncompte.actu.fr&quot;,&quot;category&quot;:&quot;mon compte&quot;,&quot;from&quot;:&quot;article footer&quot;,&quot;name&quot;:&quot;Mon actu&quot;,&quot;type&quot;:&quot;cta&quot;}}\" target=\"_blank\">Mon Actu<\/a>.<\/p>\n","protected":false},"excerpt":{"rendered":"Par R\u00e9daction Paris Publi\u00e9 le 27 ao\u00fbt 2025 \u00e0 12h32 En prenant leur train \u00e0 Paris pour se&hellip;\n","protected":false},"author":2,"featured_media":349375,"comment_status":"","ping_status":"","sticky":false,"template":"","format":"standard","meta":{"footnotes":""},"categories":[1888],"tags":[1111,1928,11,1927,1867,1777,674,1011,27,1757,12,1926,626,1925,25,2215],"class_list":{"0":"post-349374","1":"post","2":"type-post","3":"status-publish","4":"format-standard","5":"has-post-thumbnail","7":"category-paris","8":"tag-actu","9":"tag-actu-paris","10":"tag-actualites","11":"tag-actualites-paris","12":"tag-animaux","13":"tag-eu","14":"tag-europe","15":"tag-fr","16":"tag-france","17":"tag-insolite","18":"tag-news","19":"tag-news-paris","20":"tag-paris","21":"tag-paris-news","22":"tag-republique-francaise","23":"tag-sncf"},"share_on_mastodon":{"url":"https:\/\/pubeurope.com\/@fr\/115104983552373072","error":""},"_links":{"self":[{"href":"https:\/\/www.europesays.com\/fr\/wp-json\/wp\/v2\/posts\/349374","targetHints":{"allow":["GET"]}}],"collection":[{"href":"https:\/\/www.europesays.com\/fr\/wp-json\/wp\/v2\/posts"}],"about":[{"href":"https:\/\/www.europesays.com\/fr\/wp-json\/wp\/v2\/types\/post"}],"author":[{"embeddable":true,"href":"https:\/\/www.europesays.com\/fr\/wp-json\/wp\/v2\/users\/2"}],"replies":[{"embeddable":true,"href":"https:\/\/www.europesays.com\/fr\/wp-json\/wp\/v2\/comments?post=349374"}],"version-history":[{"count":0,"href":"https:\/\/www.europesays.com\/fr\/wp-json\/wp\/v2\/posts\/349374\/revisions"}],"wp:featuredmedia":[{"embeddable":true,"href":"https:\/\/www.europesays.com\/fr\/wp-json\/wp\/v2\/media\/349375"}],"wp:attachment":[{"href":"https:\/\/www.europesays.com\/fr\/wp-json\/wp\/v2\/media?parent=349374"}],"wp:term":[{"taxonomy":"category","embeddable":true,"href":"https:\/\/www.europesays.com\/fr\/wp-json\/wp\/v2\/categories?post=349374"},{"taxonomy":"post_tag","embeddable":true,"href":"https:\/\/www.europesays.com\/fr\/wp-json\/wp\/v2\/tags?post=349374"}],"curies":[{"name":"wp","href":"https:\/\/api.w.org\/{rel}","templated":true}]}}