{"id":349376,"date":"2025-08-28T06:30:12","date_gmt":"2025-08-28T06:30:12","guid":{"rendered":"https:\/\/www.europesays.com\/fr\/349376\/"},"modified":"2025-08-28T06:30:12","modified_gmt":"2025-08-28T06:30:12","slug":"apres-six-mois-de-suspension-le-retour-dun-professeur-a-la-sorbonne-effare","status":"publish","type":"post","link":"https:\/\/www.europesays.com\/fr\/349376\/","title":{"rendered":"apr\u00e8s six mois de suspension, le retour d&rsquo;un professeur \u00e0 La Sorbonne effare"},"content":{"rendered":"<p>            Par<br \/>\n        <strong><br \/>\n            <a href=\"https:\/\/actu.fr\/auteur\/ines-cussac-actu-fr\" title=\"Consulter tous les articles de In\u00e8s Cussac\" target=\"_blank\" rel=\"noopener\">In\u00e8s Cussac<\/a><br \/>\n        <\/strong><\/p>\n<p>        Publi\u00e9 le<\/p>\n<p>            28 ao\u00fbt 2025 \u00e0 6h04        <\/p>\n<p>Encore quelques jours et les amphith\u00e9\u00e2tres seront pleins \u00e0 craquer. En cette fin ao\u00fbt\u00a02025, les futurs \u00e9tudiants et les professeurs de <strong>l\u2019universit\u00e9 Paris 1 Panth\u00e9on-<a href=\"https:\/\/actu.fr\/tag\/sorbonne\" target=\"_blank\" rel=\"noopener\">Sorbonne<\/a><\/strong> s\u2019appr\u00eatent \u00e0 entamer une nouvelle ann\u00e9e. Sera-t-elle aussi mouvement\u00e9e que celle qui vient de s\u2019achever\u2009? Telle est la question. Cet hiver, <a href=\"https:\/\/actu.fr\/ile-de-france\/paris_75056\/paris-la-restauration-de-la-chapelle-de-la-sorbonne-va-beneficier-du-financement-d-une-ong-americaine_62130614.html\" target=\"_blank\" rel=\"noopener\">l\u2019universit\u00e9<\/a> avait \u00e9t\u00e9 marqu\u00e9e par la suspension pour une dur\u00e9e de six mois d\u2019Alain S., ma\u00eetre de conf\u00e9rences en Histoire et civilisations, sp\u00e9cialiste de l\u2019Europe centrale. Il avait \u00e9t\u00e9 exclu pour des propos publi\u00e9s sur Facebook et tenus devant des \u00e9l\u00e8ves lors de travaux dirig\u00e9s (TD). Si certains voient le retour de l\u2019enseignant avec prosa\u00efsme, d\u2019autres restent vent debout.<\/p>\n<p>Une enqu\u00eate p\u00e9nale toujours en cours<\/p>\n<p class=\" wall-content\">\u00ab\u2009C\u2019est le d\u00e9go\u00fbt et la r\u00e9volte. Il a insult\u00e9 tout le monde, m\u2019a diffam\u00e9\u2026 C\u2019est vraiment d\u00e9gueulasse qu\u2019il puisse revenir en toute impunit\u00e9\u2009\u00bb, s\u2019emporte Son Lam au bout du fil. Le jeune homme de 27\u00a0ans pr\u00e9pare l\u2019agr\u00e9gation d\u2019histoire-g\u00e9ographie \u00e0 Nanterre mais conna\u00eet bien Alain S., l\u2019un des \u00ab\u2009pr\u00e9parateurs\u2009\u00bb du concours \u00e0 Paris 1, o\u00f9 \u00e9tait inscrit l\u2019\u00e9tudiant l\u2019an dernier. Il est l\u2019un des maillons de la cha\u00eene ayant provoqu\u00e9 la suspension de l\u2019enseignant aux 35\u00a0ann\u00e9es de carri\u00e8re, dont 22 au sein de la prestigieuse universit\u00e9 parisienne. En janvier\u00a02024, il avait d\u00e9pos\u00e9 <strong>une plainte en diffamation<\/strong> \u00e0 son encontre. L\u2019enqu\u00eate p\u00e9nale est toujours en cours.<\/p>\n<p class=\" wall-content\">Rembobinons. Apr\u00e8s avoir signal\u00e9 ses propos sexistes publi\u00e9s sur les r\u00e9seaux sociaux, Son Lam est pris pour cible par Alain S. qui qualifie publiquement l\u2019\u00e9tudiant de \u00ab\u2009d\u00e9traqu\u00e9\u2009\u00bb, \u00ab\u2009inapte \u00e0 tout m\u00e9tier s\u00e9rieux\u2009\u00bb ou encore d\u2019\u00ab\u2009alcoolique et drogu\u00e9\u2009\u00bb. En remontant le fil des publications Facebook de l\u2019enseignant, le jeune homme d\u00e9couvre une kyrielle de messages \u00e0 caract\u00e8re <strong>haineux et \u00e0 connotation raciste<\/strong>, insultants et d\u00e9gradants. En plus de la plainte, il signale les faits aupr\u00e8s de la direction des affaires juridiques et institutionnelles (DAJI) de la Sorbonne Paris 1. Il d\u00e9couvre alors qu\u2019une proc\u00e9dure disciplinaire \u00e9tait d\u00e9j\u00e0 lanc\u00e9e en interne et dont la d\u00e9cision a \u00e9t\u00e9 r\u00e9v\u00e9l\u00e9e en d\u00e9cembre dernier.<\/p>\n<p class=\" wall-content\">Dedans, la commission rel\u00e8ve d\u2019une part les propos publi\u00e9s sur les r\u00e9seaux sociaux et d\u2019autre part, le comportement \u00ab\u2009inappropri\u00e9 lors de travaux dirig\u00e9s d\u2019Histoire\u2009\u00bb. \u00ab\u2009Selon plusieurs t\u00e9moignages concordants, les \u00e9tudiants craignaient ces s\u00e9ances de TD et de devoir faire leur expos\u00e9\u2009\u00bb, peut-on lire par exemple dans le document entre autres illustrations de sanctions abusives, remarques m\u00e9prisantes ou propos \u00e0 caract\u00e8re sexiste \u00e0 l\u2019\u00e9gard d\u2019\u00e9tudiantes tenus par le professeur.\u00a0Le couperet tombe le 17\u00a0janvier 2025\u2009: Alain S. est <strong>suspendu pour six mois<\/strong> et la peine s\u2019accompagne d\u2019une diminution de la moiti\u00e9 de son salaire. Il a contest\u00e9 cette sanction administrative en appel aupr\u00e8s du Conseil national de l\u2019enseignement sup\u00e9rieur et de la recherche (Cneser).<\/p>\n<p>\u00ab\u2009Je regrette\u2009\u00bb<\/p>\n<p class=\" wall-content\">\u00ab\u2009J\u2019ai \u00e9t\u00e9 profond\u00e9ment meurtri par la d\u00e9cision\u2009\u00bb, confie l\u2019int\u00e9ress\u00e9 dont \u00ab\u2009l\u2019intention n\u2019a jamais \u00e9t\u00e9 de blesser qui que ce soit\u2009\u00bb, selon lui. \u00ab<strong>\u2009Je suis exigeant<\/strong> parce que je souhaite que mes \u00e9tudiants puissent r\u00e9ussir dans leurs \u00e9tudes. Je regrette d\u2019avoir pu blesser des \u00e9tudiants et m\u2019engage \u00e0 faire preuve de plus de bienveillance \u00e0 l\u2019avenir\u2009\u00bb, soutient-il.<\/p>\n<p class=\" wall-content\">Alain S. a \u00e9t\u00e9 accus\u00e9 de surcro\u00eet par certains \u00e9tudiants d\u2019avoir r\u00e9alis\u00e9 <strong>un salut nazi<\/strong> lors d\u2019un TD. Cependant, devant la contradiction des t\u00e9moins, la commission a estim\u00e9 qu\u2019un \u00ab\u2009doute subsiste sur ce point et qu\u2019il ne saurait \u00eatre retenu \u00e0 l\u2019\u00e9gard d\u2019Alain S. d\u2019avoir fait ce geste.\u2009\u00bb \u00ab\u2009Ce m\u00e9tier repr\u00e9sente pour moi un vrai engagement fond\u00e9 sur la lutte de mes deux grands-p\u00e8res engag\u00e9s dans le combat de la R\u00e9sistance anti-nazie pendant la Seconde Guerre mondiale\u2009\u00bb, se d\u00e9fend l\u2019enseignant.<\/p>\n<p>Votre r\u00e9gion, votre actu !<\/p>\n<p>Recevez chaque jour les infos qui comptent pour vous.<\/p>\n<p>\t<a href=\"https:\/\/actu.fr\/newsletter\" class=\"ac-btn ac-btn--corner ac-btn--medium ac-btn--blue800\" target=\"_blank\" rel=\"noopener\">S&rsquo;incrire<\/a><\/p>\n<p class=\" wall-content\">\u00ab\u2009S\u2019agissant de mes \u00e9tudiants, j\u2019ai pu avoir, \u00e0 leur \u00e9gard, une exigence \u00e9lev\u00e9e\u2009\u00bb, reconna\u00eet toutefois le sexag\u00e9naire. Et d\u2019ajouter\u2009: \u00ab\u2009J\u2019ai \u00e9galement pu avoir, pour illustrer les cours, des propos mal per\u00e7us. L\u2019une comme les autres, je les regrette.\u2009\u00bb<\/p>\n<blockquote class=\"ac-article-quote wall-content\">\n<p>Bien s\u00fbr qu&rsquo;il y a un risque de r\u00e9cidive. Cela fait des ann\u00e9es qu&rsquo;il est professeur, il a 60 ans et cela fait des ann\u00e9es qu&rsquo;il pratique cette forme de harc\u00e8lement.<\/p>\n<p>    <strong>Son Lam<\/strong><br \/>\n        Ancien \u00e9tudiant \u00e0 Paris 1    <\/p><\/blockquote>\n<p class=\" wall-content\">Cela ne suffit pas pour Son Lam qui reproche aussi \u00e0 son ancien pr\u00e9parateur d\u2019examen du Capes de <strong>l\u2019avoir discr\u00e9dit\u00e9<\/strong> aupr\u00e8s des autres professeurs officiant en tant que membres du jury. \u00ab\u2009J\u2019avise \u00e0 qui de droit afin d\u2019\u00e9viter une erreur de recrutement\u2009\u00bb, avait d\u2019ailleurs pr\u00e9venu Alain S. sur Facebook. \u00ab\u2009Il a eu une influence sur mon concours\u2009\u00bb, d\u00e9nonce le jeune homme. \u00ab\u2009J\u2019ai eu 16\/20 \u00e0 l\u2019\u00e9preuve \u00e9crite portant sur l\u2019imp\u00e9rialisme colonial fran\u00e7ais. La copie \u00e9tait anonyme alors qu\u2019aux oraux, nous devions remplir une fiche de renseignements. J\u2019ai eu 2\/20\u2009\u00bb, pr\u00e9cise-t-il s\u2019\u00e9tonnant encore de cet \u00e9cart de 14 points entre les deux \u00e9preuves.<\/p>\n<p>\u00ab\u2009La peine est purg\u00e9e\u2009\u00bb<\/p>\n<p class=\" wall-content\">Ralli\u00e9e \u00e0 sa cause, <a href=\"https:\/\/actu.fr\/ile-de-france\/paris_75056\/sandrine-rousseau-entendue-comme-suspecte-dans-une-enquete-pourquoi-la-police-a-convoque-la-depute_62136250.html\" target=\"_blank\" rel=\"noopener\">Sandrine Rousseau<\/a> a bien essay\u00e9 d\u2019\u00e9viter le retour d\u2019Alain S. \u00e0 la rentr\u00e9e. La d\u00e9put\u00e9e de la 9e circonscription de Paris (EELV) avait adress\u00e9 au d\u00e9but de l\u2019\u00e9t\u00e9 un courrier \u00e0 la direction de l\u2019universit\u00e9 dans ce sens. Celui-ci est toujours sans r\u00e9ponse aujourd\u2019hui, tout comme les signalements aupr\u00e8s des syndicats et du Cneser. \u00ab\u2009Il faut faire le maximum pour avertir les gens. Surtout ceux qui entrent en L1, il ne faudrait pas que \u00e7a les d\u00e9go\u00fbte de l\u2019universit\u00e9\u2009\u00bb, poursuit Son Lam.<\/p>\n<p class=\" wall-content\">\u00c0 l\u2019inverse, certains anciens \u00e9tudiants de Paris 1, t\u00e9moins de l\u2019affaire au moment des faits, estiment que \u00ab\u2009la peine est purg\u00e9e\u2009\u00bb. \u00ab\u2009Il a eu une sanction assez forte\u2009\u00bb, balaie l\u2019un d\u2019eux. \u00ab\u2009Pour l\u2019instant on ne sait pas comment \u00e7a va se passer. <strong>La rentr\u00e9e n\u2019a pas encore<\/strong> <strong>eu lieu<\/strong>. Quand les \u00e9tudiants auront [Alain S.] devant eux, \u00e7a sera diff\u00e9rent.\u2009\u00bb<\/p>\n<p class=\" wall-content\">De son c\u00f4t\u00e9 enfin, le professeur s\u2019avoue \u00ab\u2009impatient\u2009\u00bb de reprendre les cours et proclame d\u00e8s lors qu\u2019il va \u00ab\u2009tout faire pour que l\u2019ann\u00e9e se passe bien et pour transmettre le savoir historique du mieux que je puisse en prenant en compte ce qui n\u2019allait pas\u2009\u00bb.<\/p>\n<p class=\" wall-content\">Contact\u00e9e, la direction de La Sorbonne n\u2019a pas r\u00e9pondu \u00e0 nos sollicitations.<\/p>\n<p class=\" wall-content\">Personnalisez votre actualit\u00e9 en ajoutant vos villes et m\u00e9dias en favori avec <a href=\"https:\/\/moncompte.actu.fr\" title=\"D\u00e9couvez Mon Actu\" rel=\"nofollow noopener\" data-trk=\"{&quot;cta&quot;:{&quot;action&quot;:&quot;https:\\\/\\\/moncompte.actu.fr&quot;,&quot;category&quot;:&quot;mon compte&quot;,&quot;from&quot;:&quot;article footer&quot;,&quot;name&quot;:&quot;Mon actu&quot;,&quot;type&quot;:&quot;cta&quot;}}\" target=\"_blank\">Mon Actu<\/a>.<\/p>\n","protected":false},"excerpt":{"rendered":"Par In\u00e8s Cussac Publi\u00e9 le 28 ao\u00fbt 2025 \u00e0 6h04 Encore quelques jours et les amphith\u00e9\u00e2tres seront pleins&hellip;\n","protected":false},"author":2,"featured_media":349377,"comment_status":"","ping_status":"","sticky":false,"template":"","format":"standard","meta":{"footnotes":""},"categories":[1888],"tags":[11,1064,1777,674,1011,27,12,626,25,104,36826],"class_list":{"0":"post-349376","1":"post","2":"type-post","3":"status-publish","4":"format-standard","5":"has-post-thumbnail","7":"category-paris","8":"tag-actualites","9":"tag-etudiantses","10":"tag-eu","11":"tag-europe","12":"tag-fr","13":"tag-france","14":"tag-news","15":"tag-paris","16":"tag-republique-francaise","17":"tag-societe","18":"tag-sorbonne"},"share_on_mastodon":{"url":"https:\/\/pubeurope.com\/@fr\/115104987544897769","error":""},"_links":{"self":[{"href":"https:\/\/www.europesays.com\/fr\/wp-json\/wp\/v2\/posts\/349376","targetHints":{"allow":["GET"]}}],"collection":[{"href":"https:\/\/www.europesays.com\/fr\/wp-json\/wp\/v2\/posts"}],"about":[{"href":"https:\/\/www.europesays.com\/fr\/wp-json\/wp\/v2\/types\/post"}],"author":[{"embeddable":true,"href":"https:\/\/www.europesays.com\/fr\/wp-json\/wp\/v2\/users\/2"}],"replies":[{"embeddable":true,"href":"https:\/\/www.europesays.com\/fr\/wp-json\/wp\/v2\/comments?post=349376"}],"version-history":[{"count":0,"href":"https:\/\/www.europesays.com\/fr\/wp-json\/wp\/v2\/posts\/349376\/revisions"}],"wp:featuredmedia":[{"embeddable":true,"href":"https:\/\/www.europesays.com\/fr\/wp-json\/wp\/v2\/media\/349377"}],"wp:attachment":[{"href":"https:\/\/www.europesays.com\/fr\/wp-json\/wp\/v2\/media?parent=349376"}],"wp:term":[{"taxonomy":"category","embeddable":true,"href":"https:\/\/www.europesays.com\/fr\/wp-json\/wp\/v2\/categories?post=349376"},{"taxonomy":"post_tag","embeddable":true,"href":"https:\/\/www.europesays.com\/fr\/wp-json\/wp\/v2\/tags?post=349376"}],"curies":[{"name":"wp","href":"https:\/\/api.w.org\/{rel}","templated":true}]}}