{"id":349380,"date":"2025-08-28T06:32:12","date_gmt":"2025-08-28T06:32:12","guid":{"rendered":"https:\/\/www.europesays.com\/fr\/349380\/"},"modified":"2025-08-28T06:32:12","modified_gmt":"2025-08-28T06:32:12","slug":"dimportantes-frappes-russes-sur-kiev-font-au-moins-huit-morts-lexpress","status":"publish","type":"post","link":"https:\/\/www.europesays.com\/fr\/349380\/","title":{"rendered":"d&rsquo;importantes frappes russes sur Kiev font au moins huit morts \u2013 L&rsquo;Express"},"content":{"rendered":"<p class=\"paragraph article-body-paragraph article__item   article-body-paragraph--first \">Apr\u00e8s trois ans et demi du conflit le plus sanglant en Europe depuis la fin de<a href=\"https:\/\/www.lexpress.fr\/economie\/entreprises\/seconde-guerre-mondiale-letonnant-role-du-guide-michelin-dans-le-debarquement-des-allies-FHK7QJ5CHVGXFBQBKFMXB4VAIU\/\" target=\"_self\" rel=\"nofollow noopener\" title=\"https:\/\/www.lexpress.fr\/economie\/entreprises\/seconde-guerre-mondiale-letonnant-role-du-guide-michelin-dans-le-debarquement-des-allies-FHK7QJ5CHVGXFBQBKFMXB4VAIU\/\"> la Seconde guerre mondiale<\/a>, la capitale ukrainienne a v\u00e9cu une nouvelle nuit de bombardements. Une importante attaque russe a vis\u00e9 Kiev, dans la nuit du mercredi 27 au jeudi 28 ao\u00fbt, et fait au moins huit morts et des dizaines de bless\u00e9s, au moment o\u00f9 les efforts diplomatiques engag\u00e9s par <a href=\"https:\/\/www.lexpress.fr\/monde\/amerique\/guerre-en-ukraine-donald-trump-se-dit-furieux-contre-vladimir-poutine-B3KWJ6N76FGATDYZCKV5Z2JT3Y\/\" target=\"_self\" rel=\"nofollow noopener\" title=\"https:\/\/www.lexpress.fr\/monde\/amerique\/guerre-en-ukraine-donald-trump-se-dit-furieux-contre-vladimir-poutine-B3KWJ6N76FGATDYZCKV5Z2JT3Y\/\">Donald Trump<\/a> pour tenter de mettre fin \u00e0 la guerre s&rsquo;enlisent.<\/p>\n<p class=\"paragraph article-body-paragraph article__item   \">Au moins huit personnes ont \u00e9t\u00e9 tu\u00e9es\u00a0\u00bb et \u00ab\u00a0des dizaines bless\u00e9es\u00a0\u00bb par des attaques russes sur Kiev, a d\u00e9clar\u00e9 le pr\u00e9sident ukrainien, Volodymyr Zelensky, actualisant un pr\u00e9c\u00e9dent bilan faisant \u00e9tat de quatre morts, dont deux enfants. \u00ab\u00a0Une autre attaque massive de nos villes. Encore des meurtres\u00a0\u00bb, a \u00e9crit le pr\u00e9sident sur Telegram apr\u00e8s des tirs de missiles et de drones russes, accusant la Russie de pr\u00e9f\u00e9rer \u00ab\u00a0les (missiles) balistiques plut\u00f4t que la table des n\u00e9gociations\u00a0\u00bb. \u00ab\u00a0Elle pr\u00e9f\u00e8re continuer \u00e0 tuer plut\u00f4t que de mettre fin \u00e0 la guerre\u00a0\u00bb, a-t-il ajout\u00e9.<\/p>\n<p class=\"paragraph article-body-paragraph article__item   \">Des journalistes de l&rsquo;AFP ont entendu de puissantes explosions \u00e0 plusieurs reprises. Ils ont vu un missile \u00eatre abattu, les d\u00e9bris incandescents retombant, et entendu le son de drones survolant la ville, tandis que des habitants se r\u00e9fugiaient dans des souterrains et dans le m\u00e9tro. Selon l&rsquo;administration militaire, l&rsquo;attaque a \u00e9t\u00e9 men\u00e9e \u00e0 la fois \u00e0 l&rsquo;aide de<a href=\"https:\/\/www.lexpress.fr\/monde\/planeurs-sous-marins-robots-mitrailleurs-les-drones-omnipresents-sur-tous-les-champs-de-bataille-FKL7AD6U3BBL7JCAGXUX3BLDZU\/\" target=\"_self\" rel=\"nofollow noopener\" title=\"https:\/\/www.lexpress.fr\/monde\/planeurs-sous-marins-robots-mitrailleurs-les-drones-omnipresents-sur-tous-les-champs-de-bataille-FKL7AD6U3BBL7JCAGXUX3BLDZU\/\"> drones<\/a> et de missiles &#8211; balistiques, de croisi\u00e8re et hypersoniques &#8211; qui ont frapp\u00e9 la capitale en plus de 20 endroits.<\/p>\n<p><strong class=\"article-body-link-list__item text-gray-800 article-body-link-list__item--one-item\">LIRE AUSSI : <a class=\"article-body-link-list__item-link\" href=\"https:\/\/www.lexpress.fr\/monde\/europe\/entre-la-russie-et-lukraine-la-guerre-energetique-fait-rage-VY4IR5DE3RFA7HBFAIFJVONWTE\/\" target=\"_blank\" rel=\"noreferrer nofollow noopener\">Entre la Russie et l\u2019Ukraine, la guerre \u00e9nerg\u00e9tique fait rage<\/a><\/strong>\u00ab\u00a0Etat terroriste\u00a0\u00bb<\/p>\n<p class=\"paragraph article-body-paragraph article__item   \">Plusieurs immeubles r\u00e9sidentiels ont \u00e9t\u00e9 endommag\u00e9s, dont l&rsquo;un de cinq \u00e9tages s&rsquo;est effondr\u00e9, bloquant des habitants sous les d\u00e9combres, a indiqu\u00e9 la m\u00eame source. Une \u00e9cole maternelle a subi des d\u00e9g\u00e2ts, des dizaines de voitures ont \u00e9t\u00e9 d\u00e9truites et un centre commercial du centre ville a \u00e9t\u00e9 touch\u00e9. <\/p>\n<p class=\"paragraph article-body-paragraph article__item   \">\u00ab\u00a0Voil\u00e0 tout ce qu&rsquo;il y a \u00e0 savoir concernant l&rsquo;Etat terroriste, <a href=\"https:\/\/www.lexpress.fr\/monde\/europe\/andrei-pertsev-vladimir-poutine-espere-toujours-une-crise-politique-en-ukraine-NTDS5S3LXNDKHGLXBJBOKBXDCM\/\" target=\"_self\" rel=\"nofollow noopener\" title=\"https:\/\/www.lexpress.fr\/monde\/europe\/andrei-pertsev-vladimir-poutine-espere-toujours-une-crise-politique-en-ukraine-NTDS5S3LXNDKHGLXBJBOKBXDCM\/\">Poutine<\/a>, et leur &lsquo;d\u00e9sir&rsquo; de paix'\u00a0\u00bb, a r\u00e9agi le chef de l&rsquo;administration pr\u00e9sidentielle Andri\u00ef Iermak sur <a href=\"https:\/\/www.lexpress.fr\/economie\/high-tech\/telegram-pendant-ce-temps-la-les-activites-illegales-prosperent-sur-la-messagerie-RPKR3ITDXJG35GN42CMGE6SVUE\/\" target=\"_self\" rel=\"nofollow noopener\" title=\"https:\/\/www.lexpress.fr\/economie\/high-tech\/telegram-pendant-ce-temps-la-les-activites-illegales-prosperent-sur-la-messagerie-RPKR3ITDXJG35GN42CMGE6SVUE\/\">Telegram<\/a>, visant la Russie et son pr\u00e9sident.<\/p>\n<p class=\"paragraph article-body-paragraph article__item   \">Pendant la nuit, des alertes a\u00e9riennes ont \u00e9t\u00e9 en vigueur dans l&rsquo;ensemble du territoire ukrainien. C\u00f4t\u00e9 russe, l&rsquo;arm\u00e9e a indiqu\u00e9 avoir intercept\u00e9 102 drones ukrainiens, alors que les attaques a\u00e9riennes de Kiev ciblant les raffineries ces derni\u00e8res semaines ont fait flamber le prix de l&rsquo;essence. Fin juillet, des<a href=\"https:\/\/www.lexpress.fr\/monde\/europe\/ukraine-le-bilan-des-frappes-russes-sur-kiev-atteint-les-31-morts-PUMQW4SF4FD6VL45OV3CM7T3KY\/\" target=\"_self\" rel=\"nofollow noopener\" title=\"https:\/\/www.lexpress.fr\/monde\/europe\/ukraine-le-bilan-des-frappes-russes-sur-kiev-atteint-les-31-morts-PUMQW4SF4FD6VL45OV3CM7T3KY\/\"> bombardements russes <\/a>avaient fait plus de 30 morts dont cinq enfants \u00e0 Kiev, l&rsquo;une des attaques les plus meurtri\u00e8res dans la capitale ukrainienne depuis le d\u00e9but de l&rsquo;invasion russe \u00e0 grande \u00e9chelle en 2022. Ces frappes avaient pouss\u00e9 Donald Trump \u00e0 renforcer la pression sur Moscou pour accepter une tr\u00eave et conduit \u00e0 sa rencontre avec<a href=\"https:\/\/www.lexpress.fr\/monde\/vladimir-poutine-est-il-le-maitre-des-horloges-ce-defi-que-doivent-relever-les-europeens-6P4RYZ72FRBXXBGBQADTYS7HBI\/\" target=\"_self\" rel=\"nofollow noopener\" title=\"https:\/\/www.lexpress.fr\/monde\/vladimir-poutine-est-il-le-maitre-des-horloges-ce-defi-que-doivent-relever-les-europeens-6P4RYZ72FRBXXBGBQADTYS7HBI\/\"> Vladimir Poutine<\/a> en Alaska le 15 ao\u00fbt. <\/p>\n<p>Les n\u00e9gociations patinent<\/p>\n<p class=\"paragraph article-body-paragraph article__item   \">Apr\u00e8s ce sommet, suivi par une visite \u00e0 Washington du pr\u00e9sident ukrainien Volodymyr Zelensky accompagn\u00e9 de ses alli\u00e9s europ\u00e9ens, le dirigeant am\u00e9ricain a dit vouloir pr\u00e9parer une rencontre en face-\u00e0-face entre les pr\u00e9sidents russe et ukrainien. Depuis, il n&rsquo;y a toutefois pas eu d&rsquo;avanc\u00e9es en vue d&rsquo;un tel sommet, <a href=\"https:\/\/www.lexpress.fr\/monde\/europe\/guerre-en-ukraine-la-russie-envoie-des-signaux-negatifs-juge-volodymyr-zelensky-M7SQ6UR25JGQBKFPWNEYBFTBSU\/\" target=\"_self\" rel=\"nofollow noopener\" title=\"https:\/\/www.lexpress.fr\/monde\/europe\/guerre-en-ukraine-la-russie-envoie-des-signaux-negatifs-juge-volodymyr-zelensky-M7SQ6UR25JGQBKFPWNEYBFTBSU\/\">Moscou <\/a>et Kiev se rejetant la responsabilit\u00e9 d&rsquo;un blocage. Avant la conclusion d&rsquo;un hypoth\u00e9tique accord de paix, l&rsquo;Ukraine veut obtenir des garanties de s\u00e9curit\u00e9 des Occidentaux pour dissuader Moscou de toute nouvelle attaque. Le Kremlin s&rsquo;est dit \u00ab\u00a0d\u00e9favorable\u00a0\u00bb mercredi \u00e0 un \u00e9ventuel envoi de<a href=\"https:\/\/www.lexpress.fr\/monde\/europe\/en-allemagne-lidee-denvoyer-des-troupes-en-ukraine-divise-XVRT6PLAFZG5ZJPTE4452BR3GI\/\" target=\"_self\" rel=\"nofollow noopener\" title=\"https:\/\/www.lexpress.fr\/monde\/europe\/en-allemagne-lidee-denvoyer-des-troupes-en-ukraine-divise-XVRT6PLAFZG5ZJPTE4452BR3GI\/\"> troupes europ\u00e9ennes en Ukraine <\/a>dans le cadre d&rsquo;un potentiel accord de paix.<\/p>\n<p class=\"paragraph article-body-paragraph article__item   \">Volodymyr Zelensky a assur\u00e9 mercredi voir \u00ab\u00a0des signaux tr\u00e8s n\u00e9gatifs et arrogants de la part de Moscou concernant les n\u00e9gociations\u00a0\u00bb de paix. Il a appel\u00e9 \u00e0 \u00ab\u00a0faire pression\u00a0\u00bb pour \u00ab\u00a0forcer la Russie \u00e0 prendre des mesures concr\u00e8tes\u00a0\u00bb, et a annonc\u00e9 que des membres de son \u00e9quipe allaient rencontrer vendredi \u00e0 New York des repr\u00e9sentants de l&rsquo;administration de Donald Trump. Pour mettre fin \u00e0 son assaut, la Russie r\u00e9clame notamment que l&rsquo;Ukraine lui c\u00e8de quatre r\u00e9gions partiellement occup\u00e9es, en plus de <a href=\"https:\/\/la Crim\u00e9e \" target=\"_self\" rel=\"nofollow\" title=\"https:\/\/la Crim\u00e9e \">la Crim\u00e9e <\/a>annex\u00e9e en 2014, et renonce \u00e0 int\u00e9grer <a href=\"https:\/\/www.lexpress.fr\/monde\/europe\/otan-la-slovaquie-pourrait-elle-quitter-lalliance-atlantique-NFB7O5CBGREM3JAF375FES5X3A\/\" target=\"_self\" rel=\"nofollow noopener\" title=\"https:\/\/www.lexpress.fr\/monde\/europe\/otan-la-slovaquie-pourrait-elle-quitter-lalliance-atlantique-NFB7O5CBGREM3JAF375FES5X3A\/\">l&rsquo;Alliance atlantique<\/a>. Des conditions que Kiev juge inacceptables.<\/p>\n<p><strong class=\"article-body-link-list__item text-gray-800 article-body-link-list__item--one-item\">LIRE AUSSI : <a class=\"article-body-link-list__item-link\" href=\"https:\/\/www.lexpress.fr\/monde\/guerre-en-ukraine-ces-trois-visions-du-mondes-qui-saffrontent-par-frederic-encel-GGIYEFKE6FEETNNTSZDLNUA55E\/\" target=\"_blank\" rel=\"noreferrer nofollow noopener\">Guerre en Ukraine : ces trois visions du monde qui s\u2019affrontent, par Fr\u00e9d\u00e9ric Encel<\/a><\/strong><\/p>\n<p class=\"paragraph article-body-paragraph article__item    article__text__endpicto\">L&rsquo;arm\u00e9e russe, qui occupe environ 20% de l&rsquo;Ukraine, dans l&rsquo;est et le sud, a acc\u00e9l\u00e9r\u00e9 sa progression sur le terrain ces derniers mois face \u00e0 des unit\u00e9s ukrainiennes moins nombreuses et moins bien \u00e9quip\u00e9es. Pour la premi\u00e8re fois mardi, l&rsquo;Ukraine a reconnu que les soldats russes avaient p\u00e9n\u00e9tr\u00e9 dans sa <a href=\"https:\/\/www.lexpress.fr\/monde\/europe\/guerre-en-ukraine-la-russie-revendique-la-prise-dun-nouveau-village-dans-la-region-de-dnipropetrovsk-MQBDRYIYZRBSLEUWWXRQ57E4DE\/\" target=\"_self\" rel=\"nofollow noopener\" title=\"https:\/\/www.lexpress.fr\/monde\/europe\/guerre-en-ukraine-la-russie-revendique-la-prise-dun-nouveau-village-dans-la-region-de-dnipropetrovsk-MQBDRYIYZRBSLEUWWXRQ57E4DE\/\">r\u00e9gion de Dnipropetrovsk<\/a> (centre-est), o\u00f9 Moscou avait revendiqu\u00e9 de son c\u00f4t\u00e9 des avanc\u00e9es d\u00e8s le mois de juillet. Cette r\u00e9gion ne fait pas partie des cinq r\u00e9gions ukrainiennes dont Moscou revendique l&rsquo;annexion.<\/p>\n","protected":false},"excerpt":{"rendered":"Apr\u00e8s trois ans et demi du conflit le plus sanglant en Europe depuis la fin de la Seconde&hellip;\n","protected":false},"author":2,"featured_media":349381,"comment_status":"","ping_status":"","sticky":false,"template":"","format":"standard","meta":{"footnotes":""},"categories":[1591],"tags":[11,674,1887,74,12,1885,1886,132],"class_list":{"0":"post-349380","1":"post","2":"type-post","3":"status-publish","4":"format-standard","5":"has-post-thumbnail","7":"category-russie","8":"tag-actualites","9":"tag-europe","10":"tag-federation-de-russie","11":"tag-monde","12":"tag-news","13":"tag-russia","14":"tag-russian-federation","15":"tag-russie"},"share_on_mastodon":{"url":"https:\/\/pubeurope.com\/@fr\/115104995485498689","error":""},"_links":{"self":[{"href":"https:\/\/www.europesays.com\/fr\/wp-json\/wp\/v2\/posts\/349380","targetHints":{"allow":["GET"]}}],"collection":[{"href":"https:\/\/www.europesays.com\/fr\/wp-json\/wp\/v2\/posts"}],"about":[{"href":"https:\/\/www.europesays.com\/fr\/wp-json\/wp\/v2\/types\/post"}],"author":[{"embeddable":true,"href":"https:\/\/www.europesays.com\/fr\/wp-json\/wp\/v2\/users\/2"}],"replies":[{"embeddable":true,"href":"https:\/\/www.europesays.com\/fr\/wp-json\/wp\/v2\/comments?post=349380"}],"version-history":[{"count":0,"href":"https:\/\/www.europesays.com\/fr\/wp-json\/wp\/v2\/posts\/349380\/revisions"}],"wp:featuredmedia":[{"embeddable":true,"href":"https:\/\/www.europesays.com\/fr\/wp-json\/wp\/v2\/media\/349381"}],"wp:attachment":[{"href":"https:\/\/www.europesays.com\/fr\/wp-json\/wp\/v2\/media?parent=349380"}],"wp:term":[{"taxonomy":"category","embeddable":true,"href":"https:\/\/www.europesays.com\/fr\/wp-json\/wp\/v2\/categories?post=349380"},{"taxonomy":"post_tag","embeddable":true,"href":"https:\/\/www.europesays.com\/fr\/wp-json\/wp\/v2\/tags?post=349380"}],"curies":[{"name":"wp","href":"https:\/\/api.w.org\/{rel}","templated":true}]}}