{"id":349382,"date":"2025-08-28T06:33:14","date_gmt":"2025-08-28T06:33:14","guid":{"rendered":"https:\/\/www.europesays.com\/fr\/349382\/"},"modified":"2025-08-28T06:33:14","modified_gmt":"2025-08-28T06:33:14","slug":"le-miel-victime-expiatoire-de-laccord-ue-ukraine","status":"publish","type":"post","link":"https:\/\/www.europesays.com\/fr\/349382\/","title":{"rendered":"Le miel, victime expiatoire de l\u2019accord UE-Ukraine ?"},"content":{"rendered":"<p>Le 30 juin dernier, <a href=\"https:\/\/www.pleinchamp.com\/actualite\/l-ue-annonce-un-nouvel-accord-avec-l-ukraine-sur-l-importation-de-produits-agricoles\" target=\"_blank\" rel=\"nofollow noopener\">l\u2019Union europ\u00e9enne et l\u2019Ukraine annon\u00e7aient avoir conclu un \u00ab\u00a0accord de principe\u00a0\u00bb<\/a> portant sur les contingents de produits agricoles ukrainiens exempt\u00e9s de droits de douane alors qu\u2019avait pris fin quelques semaines plus t\u00f4t, <a href=\"https:\/\/www.pleinchamp.com\/actualite\/fin-de-l-exemption-douaniere-sur-les-produits-ukrainiens-une-absence-de-nouvel-accord-qui-ne-satisfait-ni-l-europe-agricole-ni-l-ukraine\" target=\"_blank\" rel=\"nofollow noopener\">le 5 juin pr\u00e9cis\u00e9ment, l\u2019accord d\u2019association conclu en 2022<\/a> et prorog\u00e9 \u00e0 plusieurs reprises, Poutine ne rel\u00e2chant son \u00e9treinte.<\/p>\n<p>En juin 2022, quatre mois apr\u00e8s la tentative d\u2019invasion de la Russie, l\u2019UE avait accord\u00e9 \u00e0 l\u2019Ukraine des contingents d\u2019importation sur le bl\u00e9, l\u2019orge, le ma\u00efs, le sucre, le porc, la volaille, les \u0153ufs et le miel, non sans g\u00e9n\u00e9rer des d\u00e9g\u00e2ts collat\u00e9raux pour les producteurs europ\u00e9ens, aux prises \u00e0 l\u2019afflux de produits, qui plus est moins-disants au plan normatif.<\/p>\n<p>Des importations \u00e0 bas prix\u2026<\/p>\n<p>Si \u00ab\u00a0l\u2019accord de principe\u00a0\u00bb pr\u00e9voit justement un alignement progressif de l&rsquo;Ukraine sur les normes de production europ\u00e9ennes d&rsquo;ici 2028, notamment en mati\u00e8re pesticides, de produits v\u00e9t\u00e9rinaires et de bien-\u00eatre animal, il remet en selle des contingents tarifaires \u00e0 des niveaux, tant\u00f4t sup\u00e9rieurs, tant\u00f4t inf\u00e9rieurs selon les produits, \u00e0 ce qu\u2019ils \u00e9taient auparavant.<\/p>\n<p>    <a href=\"https:\/\/www.pleinchamp.com\/actualite\/prix-et-transparence-la-double-urgence-des-apiculteurs\" target=\"_blank\" title=\"\" rel=\"nofollow noopener\">Prix et transparence, la double urgence des apiculteurs<\/a><\/p>\n<p>S\u2019agissant du miel, le contingent s\u2019\u00e9tablit \u00e0 35.000 tonnes. C\u2019est moins que les 44.417 tonnes qui pr\u00e9valaient jusque-l\u00e0 mais beaucoup plus que les 6000 tonnes qui avaient cours depuis l\u2019accord de 2016. Pour l\u2019Union nationale de l\u2019apiculture fran\u00e7aise (UNAF), l\u2019accord UE-Ukraine constitue \u00ab\u00a0une menace pour l\u2019apiculture fran\u00e7aise. Dans un contexte de march\u00e9 fran\u00e7ais d\u00e9j\u00e0 d\u00e9stabilis\u00e9 par des importations massives \u00e0 bas prix, cette ouverture suppl\u00e9mentaire fragilise encore davantage les apiculteurs europ\u00e9ens et fran\u00e7ais, qui peinent \u00e0 valoriser leurs miels de qualit\u00e9\u00a0\u00bb.<\/p>\n<p>        <img loading=\"lazy\" decoding=\"async\" src=\"https:\/\/www.europesays.com\/fr\/wp-content\/uploads\/2025\/08\/c8c624f22cc4-Capture-d-e-cran-2025-08-28-a-08.05.47.png\" alt=\"Evolution de la balance commerciale du miel entre 2018 et 2023 (Source\u00a0: FranceAgriMer)\" height=\"1098\" width=\"1756\"\/>Evolution de la balance commerciale du miel entre 2018 et 2023 (Source\u00a0: FranceAgriMer)<\/p>\n<p>L\u2019UNAF rappelle qu\u2019\u00e0 la fin 2023 et au d\u00e9but 2024, la fili\u00e8re apicole fran\u00e7aise a d\u00e9j\u00e0 travers\u00e9 une \u00ab\u00a0grave crise\u00a0\u00bb li\u00e9e \u00e0 la surabondance de miel import\u00e9 en vrac, revendu \u00e0 des prix \u00ab\u00a0d\u00e9risoires\u00a0\u00bb, en raison notamment de l\u2019augmentation des volumes de miels import\u00e9s d\u2019Ukraine.<\/p>\n<p>\u2026 et \u00e0 la qualit\u00e9 douteuse<\/p>\n<p>L\u2019autre motif d\u2019inqui\u00e9tude de l\u2019UNAF porte sur la nature des miels import\u00e9s. \u00ab\u00a0De nombreux lots de miel import\u00e9s sous \u00e9tiquette ukrainienne seraient en r\u00e9alit\u00e9 originaires de pays tiers, parfois hors d\u2019Europe, et pr\u00e9senteraient un risque \u00e9lev\u00e9 de fraude, adult\u00e9ration et non-conformit\u00e9\u00a0\u00bb, d\u00e9nonce l\u2019UNAF, qui redoute que l\u2019Ukraine devienne \u00ab\u00a0le cheval de Troie d\u2019exportateurs mal intentionn\u00e9s, notamment asiatiques\u00a0\u00bb.<\/p>\n<p>En 2017, une \u00e9tude r\u00e9alis\u00e9e par l\u2019Office europ\u00e9en de lutte antifraude (OLAF) r\u00e9v\u00e9lait que 17% des miels import\u00e9s de pays tiers et mis sur le march\u00e9 de l&rsquo;Union Europ\u00e9enne \u00e9tait suspect\u00e9 d\u2019\u00eatre frelat\u00e9s, coup\u00e9s avec des sirops de sucre \u00e0 base de riz, de bl\u00e9 ou de betterave sucri\u00e8re afin d&rsquo;en augmenter le volume, pratique interdite par la r\u00e9glementation europ\u00e9enne. En 2022, le taux de fraude bondissait \u00e0 46%.<\/p>\n<p>En cons\u00e9quence, l\u2019UNAF r\u00e9clame le rejet en l\u2019\u00e9tat de cet accord commercial, des contr\u00f4les renforc\u00e9s sur l\u2019origine et la qualit\u00e9 des miels import\u00e9s et une protection r\u00e9elle de l\u2019apiculture fran\u00e7aise et europ\u00e9enne, \u00ab\u00a0secteur essentiel pour la biodiversit\u00e9 et la souverainet\u00e9 alimentaire\u00a0\u00bb. \u00ab\u00a0Sans protection ad\u00e9quate, la fili\u00e8re apicole fran\u00e7aise risque de subir une crise durable, alerte Christian Pons, pr\u00e9sident de l\u2019UNAF. Or, derri\u00e8re chaque pot de miel produit en France, il y a un apiculteur, une fili\u00e8re et des abeilles mellif\u00e8res, maillons indispensables de la pollinisation \u00bb.<\/p>\n","protected":false},"excerpt":{"rendered":"Le 30 juin dernier, l\u2019Union europ\u00e9enne et l\u2019Ukraine annon\u00e7aient avoir conclu un \u00ab\u00a0accord de principe\u00a0\u00bb portant sur les&hellip;\n","protected":false},"author":2,"featured_media":349383,"comment_status":"","ping_status":"","sticky":false,"template":"","format":"standard","meta":{"footnotes":""},"categories":[1590],"tags":[11,1777,674,12,220],"class_list":{"0":"post-349382","1":"post","2":"type-post","3":"status-publish","4":"format-standard","5":"has-post-thumbnail","7":"category-ukraine","8":"tag-actualites","9":"tag-eu","10":"tag-europe","11":"tag-news","12":"tag-ukraine"},"share_on_mastodon":{"url":"https:\/\/pubeurope.com\/@fr\/115104999321308053","error":""},"_links":{"self":[{"href":"https:\/\/www.europesays.com\/fr\/wp-json\/wp\/v2\/posts\/349382","targetHints":{"allow":["GET"]}}],"collection":[{"href":"https:\/\/www.europesays.com\/fr\/wp-json\/wp\/v2\/posts"}],"about":[{"href":"https:\/\/www.europesays.com\/fr\/wp-json\/wp\/v2\/types\/post"}],"author":[{"embeddable":true,"href":"https:\/\/www.europesays.com\/fr\/wp-json\/wp\/v2\/users\/2"}],"replies":[{"embeddable":true,"href":"https:\/\/www.europesays.com\/fr\/wp-json\/wp\/v2\/comments?post=349382"}],"version-history":[{"count":0,"href":"https:\/\/www.europesays.com\/fr\/wp-json\/wp\/v2\/posts\/349382\/revisions"}],"wp:featuredmedia":[{"embeddable":true,"href":"https:\/\/www.europesays.com\/fr\/wp-json\/wp\/v2\/media\/349383"}],"wp:attachment":[{"href":"https:\/\/www.europesays.com\/fr\/wp-json\/wp\/v2\/media?parent=349382"}],"wp:term":[{"taxonomy":"category","embeddable":true,"href":"https:\/\/www.europesays.com\/fr\/wp-json\/wp\/v2\/categories?post=349382"},{"taxonomy":"post_tag","embeddable":true,"href":"https:\/\/www.europesays.com\/fr\/wp-json\/wp\/v2\/tags?post=349382"}],"curies":[{"name":"wp","href":"https:\/\/api.w.org\/{rel}","templated":true}]}}