{"id":349384,"date":"2025-08-28T06:34:12","date_gmt":"2025-08-28T06:34:12","guid":{"rendered":"https:\/\/www.europesays.com\/fr\/349384\/"},"modified":"2025-08-28T06:34:12","modified_gmt":"2025-08-28T06:34:12","slug":"aux-etats-unis-le-parti-democrate-mise-sur-lintelligence-arificielle-pour-faire-campagne","status":"publish","type":"post","link":"https:\/\/www.europesays.com\/fr\/349384\/","title":{"rendered":"Aux \u00c9tats-Unis, le parti d\u00e9mocrate mise sur l&rsquo;intelligence arificielle pour faire campagne"},"content":{"rendered":"<p class=\"PopSlotParagraph qg-tx2 qg-xtra-lh svelte-1r0pyek\"><a href=\"https:\/\/www.franceinfo.fr\/replay-radio\/aujourd-hui-c-est-demain\/victoire-de-donald-trump-a-la-presidentielle-americaine-quelle-regulation-pour-l-intelligence-artificielle-aux-etats-unis_6855851.html\" target=\"_blank\" rel=\"noopener nofollow\" class=\"\" data-testid=\"link\">L&rsquo;intelligence artificielle se met, fin ao\u00fbt, au service de la vie politique,<\/a> pas pour sauver la t\u00eate d\u2019un Premier ministre en danger, mais pour faire campagne ! Aux \u00c9tats-Unis, le Parti d\u00e9mocrate commence \u00e0 former ses membres. Le Comit\u00e9 national de formation d\u00e9mocrate, fond\u00e9 en 2016, a d\u00e9j\u00e0 form\u00e9 environ 120 000 candidats \u00e0 toutes les \u00e9chelles du gouvernement. Il y a quelques jours, il a publi\u00e9 un mode d\u2019emploi pour faire campagne en utilisant l\u2019intelligence artificielle. Une version en ligne de 30 minutes est disponible 24h\/24. Le comit\u00e9 organise \u00e9galement des sessions virtuelles et d\u2019autres en pr\u00e9sentiel. Gr\u00e2ce \u00e0 l\u2019IA, les participants apprennent \u00e0 pr\u00e9parer des discours, des messages pour les r\u00e9seaux sociaux, des e-mails destin\u00e9s aux \u00e9lecteurs, ou encore des textes pour le porte-\u00e0-porte et les appels t\u00e9l\u00e9phoniques. La formation dispense aussi des conseils \u2013 de bon sens, pour l\u2019essentiel \u2013 sur ce qu\u2019il ne faut pas faire avec l\u2019IA, comme les deepfakes, et insiste sur la transparence. Si une vid\u00e9o de campagne est cr\u00e9\u00e9e gr\u00e2ce \u00e0 l\u2019IA, mieux vaut le dire clairement pour maintenir la confiance des \u00e9lecteurs.<\/p>\n<p class=\"PopSlotParagraph qg-tx2 qg-xtra-lh svelte-1r0pyek\">**&gt;&gt;<a href=\"https:\/\/www.franceinfo.fr\/internet\/intelligence-artificielle\/aux-usa-l-intelligence-artificielle-utilisee-pour-influencer-les-elections_6776008.html\" target=\"_blank\" rel=\"noopener nofollow\" class=\"\" data-testid=\"link\"><strong><strong>ENQUETE. Pr\u00e9sidentielle am\u00e9ricaine 2024 : quand des internautes utilisent l&rsquo;intelligence artificielle pour tenter de manipuler l&rsquo;opinion<\/strong><\/strong><\/a><\/p>\n<p class=\"PopSlotParagraph qg-tx2 qg-xtra-lh svelte-1r0pyek\">**L\u2019IA peut donc aider \u00e0 gagner une \u00e9lection. Kelly Dietrich, le directeur du comit\u00e9, a accord\u00e9 une interview int\u00e9ressante au magazine Fast Company. D\u2019abord, il explique que les politiciens adoptent souvent les nouvelles technologies avec retard, attendant qu\u2019elles soient \u00e9prouv\u00e9es. Cette formation vise \u00e0 les pousser \u00e0 ne pas perdre trop de temps. Surtout, il rappelle que, m\u00eame si les \u00e9lections nationales attirent l\u2019attention, elles concernent peu de candidats.<\/p>\n<p> Une aide pr\u00e9cieuse<\/p>\n<p class=\"PopSlotParagraph qg-tx2 qg-xtra-lh svelte-1r0pyek\">Aux \u00c9tats-Unis, il y a plus de 500 000 \u00e9lus, moins de 600 au niveau f\u00e9d\u00e9ral, 15 000 au niveau des \u00c9tats, et le reste au niveau local \u2013 conseillers municipaux, \u00e9lus de comt\u00e9, d\u2019acad\u00e9mie scolaire, juges, sh\u00e9rifs. Et l\u00e0, on est loin du milliard de dollars de la derni\u00e8re pr\u00e9sidentielle. Les candidats disposent souvent de quelques milliers de dollars, d\u2019une \u00e9quipe minuscule \u2013 trois ou quatre personnes tout au plus \u2013 et de tr\u00e8s peu de temps puisqu\u2019ils exercent un m\u00e9tier en parall\u00e8le. On comprend donc comment l\u2019IA peut d\u00e9multiplier les forces d\u2019une campagne.<\/p>\n<p class=\"PopSlotParagraph qg-tx2 qg-xtra-lh svelte-1r0pyek\">Avoir recours \u00e0 l&rsquo;IA n&rsquo;est pas sans risques. Cet \u00e9t\u00e9, par exemple, quelqu\u2019un a contact\u00e9 un gouverneur am\u00e9ricain, un membre du Congr\u00e8s et des ministres \u00e9trangers en se faisant passer, gr\u00e2ce \u00e0 l\u2019IA, pour Marco Rubio, le secr\u00e9taire d\u2019\u00c9tat, dans des messages \u00e9crits et audios. Lors de la derni\u00e8re campagne pr\u00e9sidentielle, on a aussi vu circuler des vid\u00e9os cr\u00e9\u00e9es par l\u2019IA \u2013 comme celle montrant Kamala Harris en uniforme sovi\u00e9tique \u2013 un peu trop grossi\u00e8res pour \u00eatre cr\u00e9dibles. Mais avec les progr\u00e8s rapides de cette technologie, il sera de plus en plus difficile de distinguer le vrai du faux. Et un professeur de l\u2019universit\u00e9 de Berkeley, interrog\u00e9 par le magazine Wired, s\u2019interroge : les deux partis respecteront-ils les m\u00eames r\u00e8gles \u00e9thiques dans l\u2019usage de cette technologie ?<\/p>\n","protected":false},"excerpt":{"rendered":"L&rsquo;intelligence artificielle se met, fin ao\u00fbt, au service de la vie politique, pas pour sauver la t\u00eate d\u2019un&hellip;\n","protected":false},"author":2,"featured_media":349385,"comment_status":"","ping_status":"","sticky":false,"template":"","format":"standard","meta":{"footnotes":""},"categories":[1589],"tags":[11,73,1866,12,1864,1865,1863,308],"class_list":{"0":"post-349384","1":"post","2":"type-post","3":"status-publish","4":"format-standard","5":"has-post-thumbnail","7":"category-etats-unis","8":"tag-actualites","9":"tag-etats-unis","10":"tag-etats-unis-damerique","11":"tag-news","12":"tag-united-states","13":"tag-united-states-of-america","14":"tag-us","15":"tag-usa"},"share_on_mastodon":{"url":"https:\/\/pubeurope.com\/@fr\/115105003178242253","error":""},"_links":{"self":[{"href":"https:\/\/www.europesays.com\/fr\/wp-json\/wp\/v2\/posts\/349384","targetHints":{"allow":["GET"]}}],"collection":[{"href":"https:\/\/www.europesays.com\/fr\/wp-json\/wp\/v2\/posts"}],"about":[{"href":"https:\/\/www.europesays.com\/fr\/wp-json\/wp\/v2\/types\/post"}],"author":[{"embeddable":true,"href":"https:\/\/www.europesays.com\/fr\/wp-json\/wp\/v2\/users\/2"}],"replies":[{"embeddable":true,"href":"https:\/\/www.europesays.com\/fr\/wp-json\/wp\/v2\/comments?post=349384"}],"version-history":[{"count":0,"href":"https:\/\/www.europesays.com\/fr\/wp-json\/wp\/v2\/posts\/349384\/revisions"}],"wp:featuredmedia":[{"embeddable":true,"href":"https:\/\/www.europesays.com\/fr\/wp-json\/wp\/v2\/media\/349385"}],"wp:attachment":[{"href":"https:\/\/www.europesays.com\/fr\/wp-json\/wp\/v2\/media?parent=349384"}],"wp:term":[{"taxonomy":"category","embeddable":true,"href":"https:\/\/www.europesays.com\/fr\/wp-json\/wp\/v2\/categories?post=349384"},{"taxonomy":"post_tag","embeddable":true,"href":"https:\/\/www.europesays.com\/fr\/wp-json\/wp\/v2\/tags?post=349384"}],"curies":[{"name":"wp","href":"https:\/\/api.w.org\/{rel}","templated":true}]}}