{"id":349388,"date":"2025-08-28T06:36:10","date_gmt":"2025-08-28T06:36:10","guid":{"rendered":"https:\/\/www.europesays.com\/fr\/349388\/"},"modified":"2025-08-28T06:36:10","modified_gmt":"2025-08-28T06:36:10","slug":"volontariat-avant-lobligation-2-000-euros-chaque-mois-lallemagne-pose-le-cadre-de-son-nouveau-service-militaire","status":"publish","type":"post","link":"https:\/\/www.europesays.com\/fr\/349388\/","title":{"rendered":"Volontariat avant l\u2019obligation, 2\u00a0000\u00a0euros chaque mois\u2026 L\u2019Allemagne pose le cadre de son nouveau service militaire"},"content":{"rendered":"<p class=\"paragraph text_align_left lp-f-body-02\">Alors que la guerre est de retour sur le Vieux Continent depuis l\u2019<a href=\"https:\/\/www.leparisien.fr\/international\/ukraine\/\" target=\"_self\" rel=\"nofollow noopener\">invasion russe de l\u2019Ukraine<\/a> en f\u00e9vrier 2022, <a href=\"https:\/\/www.leparisien.fr\/international\/guerre-en-ukraine-en-allemagne-le-debat-sur-le-retour-du-service-militaire-resurgit-01-03-2022-6YKJHT5H2BDC3ETVBJXJBUWHRQ.php\" target=\"_self\" rel=\"nofollow noopener\">la question du service militaire<\/a> taraude Berlin.<\/p>\n<p class=\"paragraph text_align_left lp-f-body-02\">Apr\u00e8s des semaines de tractations, le Conseil des ministres, qui s\u2019est r\u00e9uni pour l\u2019occasion au minist\u00e8re de la D\u00e9fense, a donn\u00e9 mercredi son aval \u00e0 une proposition de loi pour la r\u00e9introduction progressive du service militaire, suspendu en 2011, dans ce pays de tradition pacifique.<\/p>\n<p class=\"paragraph text_align_left lp-f-body-02\">Le texte doit \u00eatre approuv\u00e9 par les d\u00e9put\u00e9s du Bundestag.<\/p>\n<p>\u00catre volontaire\u2026 pour l\u2019instant<\/p>\n<p class=\"paragraph text_align_left lp-f-body-02\">Pour l\u2019instant, seuls les volontaires serviront sous les drapeaux en temps de paix, a priori pour une dur\u00e9e de six mois. Si la situation l\u2019exige et qu\u2019il n\u2019y a pas assez de volontaires, la conscription sera obligatoire, avec le n\u00e9cessaire aval du Bundestag. Une simple modification de la loi suffira.<\/p>\n<p class=\"paragraph text_align_left lp-f-body-02\">Plusieurs responsables politiques conservateurs de CDU plaident pour un retour au service militaire obligatoire, ce que les sociaux-d\u00e9mocrates de la <a href=\"https:\/\/www.leparisien.fr\/international\/allemagne-un-accord-de-principe-conclu-entre-conservateurs-et-centre-gauche-pour-former-un-gouvernement-08-03-2025-F63P3U2S2VCBHGOUJYE33FJHRQ.php\" target=\"_self\" rel=\"nofollow noopener\">coalition gouvernementale<\/a>, attach\u00e9s au volontariat rejettent.<\/p>\n<p>Avoir entre 18 et 25 ans<\/p>\n<p class=\"paragraph text_align_left lp-f-body-02\">Le nouveau service militaire concernera les 18 \u00e0 25 ans. \u00c0 partir de 2026, tous les jeunes de plus de 18 ans recevront un questionnaire \u2014 obligatoire pour les hommes, facultatifs pour les femmes \u2014 portant sur leur \u00e9tat de sant\u00e9, leurs dipl\u00f4mes et leur int\u00e9r\u00eat pour l\u2019arm\u00e9e puis d\u00e8s 2028, tous les hommes de 18 ans seront invit\u00e9s \u00e0 se pr\u00e9senter \u00e0 une visite m\u00e9dicale obligatoire.<\/p>\n<p class=\"paragraph text_align_left lp-f-body-02\">Si le service militaire est rendu obligatoire par le Bundestag, tous les hommes recens\u00e9s par questionnaire seraient a priori \u00e9ligibles.<\/p>\n<p>Plus de 2000 euros net chaque mois<\/p>\n<p class=\"paragraph text_align_left lp-f-body-02\">Le ministre de la D\u00e9fense Boris Pistorius veut rendre le service plus attractif, notamment une augmentation de la solde : \u00e0 l\u2019avenir, les conscrits seront pay\u00e9s comme des soldats temporaires et recevront ainsi plus de 2 000 euros net par mois, selon <a href=\"https:\/\/www.spiegel.de\/politik\/wehrdienstmodell-kabinett-beschliesst-pistorius-gesetzesentwurf-a-6da0b28d-5fb0-4dfb-a192-b08b71e22617\" target=\"_self\" rel=\"nofollow noopener\">Der Spiegel<\/a>.<\/p>\n<p class=\"paragraph text_align_left lp-f-body-02\">S\u2019ajoutent les soins gratuits, la possibilit\u00e9 de passer le permis de conduire et d\u2019autres avantages.<\/p>\n<p>Recruter 100 000 r\u00e9servistes d\u2019ici \u00e0 2030<\/p>\n<p class=\"paragraph text_align_left lp-f-body-02\">Il est pr\u00e9vu de commencer par 15 000 nouveaux conscrits, selon Der Spiegel. L\u2019objectif principal du service militaire est de jeter les bases d\u2019une r\u00e9serve plus importante.<a href=\"https:\/\/www.leparisien.fr\/international\/lallemagne-va-avoir-besoin-de-50-000-a-60-000-soldats-supplementaires-05-06-2025-KKTGXG63VJHWBLS7WLFTVGP5HM.php\" target=\"_self\" rel=\"nofollow noopener\"> Boris Pistorius<\/a> a pr\u00e9sent\u00e9 un projet de loi visant \u00e0 recruter 100 000 r\u00e9servistes sur la base du volontariat d\u2019ici 2030, pour atteindre un nombre total de 200 000 r\u00e9servistes.<\/p>\n<p class=\"paragraph text_align_left lp-f-body-02\">La Bundeswehr a besoin d\u2019environ 80 000 soldats d\u2019active suppl\u00e9mentaires. L\u2019Alliance atlantique estime que l\u2019Allemagne a besoin d\u2019une force permanente d\u2019environ 260 000 hommes et femmes pour r\u00e9sister \u00e0 une attaque russe, par exemple.<\/p>\n","protected":false},"excerpt":{"rendered":"Alors que la guerre est de retour sur le Vieux Continent depuis l\u2019invasion russe de l\u2019Ukraine en f\u00e9vrier&hellip;\n","protected":false},"author":2,"featured_media":349389,"comment_status":"","ping_status":"","sticky":false,"template":"","format":"standard","meta":{"footnotes":""},"categories":[1587],"tags":[11,672,1804,1805,1803,1777,674,1801,14,12,1802],"class_list":{"0":"post-349388","1":"post","2":"type-post","3":"status-publish","4":"format-standard","5":"has-post-thumbnail","7":"category-allemagne","8":"tag-actualites","9":"tag-allemagne","10":"tag-bundesrepublik-deutschland","11":"tag-de","12":"tag-deutschland","13":"tag-eu","14":"tag-europe","15":"tag-germany","16":"tag-international","17":"tag-news","18":"tag-republique-federale-dallemagne"},"share_on_mastodon":{"url":"https:\/\/pubeurope.com\/@fr\/115105011029368141","error":""},"_links":{"self":[{"href":"https:\/\/www.europesays.com\/fr\/wp-json\/wp\/v2\/posts\/349388","targetHints":{"allow":["GET"]}}],"collection":[{"href":"https:\/\/www.europesays.com\/fr\/wp-json\/wp\/v2\/posts"}],"about":[{"href":"https:\/\/www.europesays.com\/fr\/wp-json\/wp\/v2\/types\/post"}],"author":[{"embeddable":true,"href":"https:\/\/www.europesays.com\/fr\/wp-json\/wp\/v2\/users\/2"}],"replies":[{"embeddable":true,"href":"https:\/\/www.europesays.com\/fr\/wp-json\/wp\/v2\/comments?post=349388"}],"version-history":[{"count":0,"href":"https:\/\/www.europesays.com\/fr\/wp-json\/wp\/v2\/posts\/349388\/revisions"}],"wp:featuredmedia":[{"embeddable":true,"href":"https:\/\/www.europesays.com\/fr\/wp-json\/wp\/v2\/media\/349389"}],"wp:attachment":[{"href":"https:\/\/www.europesays.com\/fr\/wp-json\/wp\/v2\/media?parent=349388"}],"wp:term":[{"taxonomy":"category","embeddable":true,"href":"https:\/\/www.europesays.com\/fr\/wp-json\/wp\/v2\/categories?post=349388"},{"taxonomy":"post_tag","embeddable":true,"href":"https:\/\/www.europesays.com\/fr\/wp-json\/wp\/v2\/tags?post=349388"}],"curies":[{"name":"wp","href":"https:\/\/api.w.org\/{rel}","templated":true}]}}