{"id":349392,"date":"2025-08-28T06:38:15","date_gmt":"2025-08-28T06:38:15","guid":{"rendered":"https:\/\/www.europesays.com\/fr\/349392\/"},"modified":"2025-08-28T06:38:15","modified_gmt":"2025-08-28T06:38:15","slug":"ukraine-les-responsables-de-la-lutte-contre-la-corruption-se-sentent-proteges-par-les-negociations-dadhesion-a-lue","status":"publish","type":"post","link":"https:\/\/www.europesays.com\/fr\/349392\/","title":{"rendered":"Ukraine : les responsables de la lutte contre la corruption se sentent prot\u00e9g\u00e9s par les n\u00e9gociations d&rsquo;adh\u00e9sion \u00e0 l&rsquo;UE"},"content":{"rendered":"<p>\n         Publi\u00e9 le<br \/>\n            28\/08\/2025 &#8211; 7:59 UTC+2\n            <\/p>\n<p>          <img decoding=\"async\" class=\"c-ad__placeholder__logo\" src=\"https:\/\/static.euronews.com\/website\/images\/logos\/logo-euronews-stacked-outlined-72x72-grey-9.svg\" width=\"72\" height=\"72\" alt=\"\" loading=\"lazy\"\/><br \/>\n          PUBLICIT\u00c9<\/p>\n<p>Les responsables ukrainiens de la lutte contre la corruption ont dit \u00e0 la Commission europ\u00e9enne que l&rsquo;ouverture des n\u00e9gociations d&rsquo;adh\u00e9sion les prot\u00e9gerait contre d&rsquo;autres tentatives d&rsquo;affaiblir leur ind\u00e9pendance, ont d\u00e9clar\u00e9 \u00e0 <strong>Euronews<\/strong> des sources famili\u00e8res avec la question.<\/p>\n<p>Semen Kryvonos, le directeur du Bureau national ukrainien de lutte contre la corruption (NABU), et Oleksandr Klymenko, le procureur g\u00e9n\u00e9ral adjoint et chef du Bureau du procureur sp\u00e9cialis\u00e9 dans la lutte contre la corruption (SAP ou SAPO, en anglais), ont rencontr\u00e9 la commissaire europ\u00e9enne \u00e0 l&rsquo;\u00e9largissement Marta Kos mardi dernier.<\/p>\n<p>Des sources sous couvert d&rsquo;anonymat ont d\u00e9clar\u00e9 \u00e0 <strong>Euronews<\/strong> que les deux hommes ont exhort\u00e9 la Commission \u00e0 continuer \u00e0 soutenir la candidature de l&rsquo;Ukraine \u00e0 l&rsquo;adh\u00e9sion \u00e0 l&rsquo;UE. Ils affirment que cela pr\u00e9serverait leurs activit\u00e9s de lutte contre la corruption et que les exigences en mati\u00e8re d&rsquo;Etat de droit sont un \u00e9l\u00e9ment important du processus d&rsquo;adh\u00e9sion.<\/p>\n<p>Les chefs des deux agences ont \u00e9voqu\u00e9 des cas d&rsquo;ing\u00e9rence possible de l&rsquo;\u00c9tat dans leur travail, notamment <a href=\"https:\/\/fr.euronews.com\/my-europe\/2025\/07\/22\/ukraine-lindignation-internationale-suite-aux-purges-dans-lagence-anticorruption\" target=\"_blank\" rel=\"noopener\"><strong>la d\u00e9tention de deux de leurs d\u00e9tectives \u00e0 la suite de perquisitions et de saisies<\/strong><\/a> effectu\u00e9es par le Service de s\u00e9curit\u00e9 de l&rsquo;Ukraine (SBU) \u00e0 l&rsquo;encontre de 17 de leurs employ\u00e9s sur la base d&rsquo;all\u00e9gations d&rsquo;infiltration russe, ont \u00e9galement indiqu\u00e9 les sources.<\/p>\n<p>Les deux agences anti-corruption r\u00e9futent les accusations port\u00e9es contre leurs employ\u00e9s.<\/p>\n<p>Le NABU et le SAP estiment \u00e9galement qu&rsquo;un projet de loi actuellement \u00e0 l&rsquo;\u00e9tude, qui accorderait une immunit\u00e9 totale de responsabilit\u00e9 p\u00e9nale aux personnes participant \u00e0 des activit\u00e9s de contre-espionnage, porterait atteinte \u00e0 leur ind\u00e9pendance.<\/p>\n<p>Selon ce projet de loi, le SBU pourrait prot\u00e9ger toute personne, y compris d&rsquo;autres fonctionnaires ou hommes d&rsquo;affaires, d&rsquo;une enqu\u00eate du NABU ou du SAP en attestant qu&rsquo;elle les a aid\u00e9s dans leur travail.<\/p>\n<p>Cette proposition intervient moins d&rsquo;un mois apr\u00e8s l&rsquo;adoption par le Parlement et la ratification par le pr\u00e9sident Volodymyr Zelensky d&rsquo;une loi qui aurait s\u00e9v\u00e8rement limit\u00e9 les pouvoirs de la NABU et de la SAPO en mati\u00e8re d&rsquo;enqu\u00eate sur la corruption de haut niveau, ce qui a d\u00e9clench\u00e9 des protestations massives dans tout le pays.<\/p>\n<p>La loi, qui a \u00e9galement suscit\u00e9 des critiques de la part de la soci\u00e9t\u00e9 civile <a href=\"https:\/\/fr.euronews.com\/my-europe\/2025\/07\/25\/pas-de-compromis-possible-lue-suit-de-pres-la-volte-face-de-zelensky-sur-la-loi-anticorrup\" target=\"_blank\" rel=\"noopener\"><strong>et de la Commission<\/strong><\/a>, a ensuite \u00e9t\u00e9 retir\u00e9e.<\/p>\n<p>Un porte-parole de la Commission a d\u00e9clar\u00e9 \u00e0 <strong>Euronews<\/strong> que lors de leur r\u00e9union de mardi, Mme Kos avait r\u00e9it\u00e9r\u00e9 son soutien total au travail entrepris par le NABU et le SAP et qu&rsquo;il \u00e9tait essentiel pour l&rsquo;adh\u00e9sion de l&rsquo;Ukraine \u00e0 l&rsquo;UE et pour sa reconstruction.<\/p>\n<p>\u00ab\u00a0La commissaire a soulign\u00e9 l&rsquo;importance de la lutte contre la corruption dans les efforts de l&rsquo;Ukraine pour rejoindre l&rsquo;UE, expliquant qu&rsquo;elle fait partie des \u00e9l\u00e9ments fondamentaux du processus d&rsquo;adh\u00e9sion formel et qu&rsquo;elle est une garantie indispensable pour les investisseurs et les entreprises qui sont n\u00e9cessaires \u00e0 la reconstruction et \u00e0 la prosp\u00e9rit\u00e9 de l&rsquo;Ukraine\u00a0\u00bb, a ajout\u00e9 le porte-parole.<\/p>\n<p>Le pays d\u00e9chir\u00e9 par la guerre s&rsquo;est vu accorder le statut de candidat \u00e0 l&rsquo;adh\u00e9sion \u00e0 l&rsquo;UE quelques mois apr\u00e8s avoir soumis sa candidature, peu de temps apr\u00e8s que la Russie a lanc\u00e9 son invasion \u00e0 grande \u00e9chelle. La Commission europ\u00e9enne a depuis d\u00e9clar\u00e9 que l&rsquo;Ukraine avait men\u00e9 \u00e0 bien tous les travaux n\u00e9cessaires \u00e0 l&rsquo;ouverture du premier groupe de n\u00e9gociations, mais cette \u00e9tape est <a href=\"https:\/\/fr.euronews.com\/my-europe\/2025\/06\/23\/la-hongrie-et-la-slovaquie-sappretent-a-bloquer-le-nouveau-train-de-sanctions-de-lue-a-len\" target=\"_blank\" rel=\"noopener\"><strong>bloqu\u00e9e depuis des mois par la Hongrie<\/strong><\/a>.<\/p>\n<p>L&rsquo;ouverture de ces n\u00e9gociations requiert l&rsquo;unanimit\u00e9 des 27 \u00c9tats membres.<\/p>\n<p>Le Premier ministre <a href=\"https:\/\/fr.euronews.com\/my-europe\/2025\/06\/26\/nous-convaincrons-la-hongrie-sur-ladhesion-a-lue-assure-lambassadeur-dukraine\" target=\"_blank\" rel=\"noopener\"><strong>hongrois<\/strong><\/a>, Viktor Orb\u00e1n, a tourn\u00e9 en d\u00e9rision l&rsquo;Ukraine \u00e0 plusieurs reprises, la qualifiant d&rsquo;\u00c9tat mafieux et corrompu.<\/p>\n<p>Un audit externe du NABU publi\u00e9 au d\u00e9but de l&rsquo;ann\u00e9e a conclu que l&rsquo;organisme \u00e9tait mod\u00e9r\u00e9ment efficace. Il recommandait, parmi 26 propositions, que le NABU soit autoris\u00e9 \u00e0 proc\u00e9der \u00e0 des \u00e9coutes t\u00e9l\u00e9phoniques autonomes et \u00e0 obtenir un acc\u00e8s direct \u00e0 des informations classifi\u00e9es afin de renforcer son ind\u00e9pendance.<\/p>\n<p>Sources additionnelles<strong> \u2022 adaptation : Serge Duch\u00eane<\/strong><\/p>\n","protected":false},"excerpt":{"rendered":"Publi\u00e9 le 28\/08\/2025 &#8211; 7:59 UTC+2 PUBLICIT\u00c9 Les responsables ukrainiens de la lutte contre la corruption ont dit&hellip;\n","protected":false},"author":2,"featured_media":349393,"comment_status":"","ping_status":"","sticky":false,"template":"","format":"standard","meta":{"footnotes":""},"categories":[1586],"tags":[11,1770,6157,1777,674,1779,1011,27,6158,12,25,1778,220,364,134],"class_list":{"0":"post-349392","1":"post","2":"type-post","3":"status-publish","4":"format-standard","5":"has-post-thumbnail","7":"category-europe","8":"tag-actualites","9":"tag-corruption","10":"tag-elargissement-de-lunion-europeenne","11":"tag-eu","12":"tag-europe","13":"tag-european-union","14":"tag-fr","15":"tag-france","16":"tag-marta-kos","17":"tag-news","18":"tag-republique-francaise","19":"tag-ue","20":"tag-ukraine","21":"tag-union-europeenne","22":"tag-volodymyr-zelensky"},"share_on_mastodon":{"url":"https:\/\/pubeurope.com\/@fr\/115105018965251389","error":""},"_links":{"self":[{"href":"https:\/\/www.europesays.com\/fr\/wp-json\/wp\/v2\/posts\/349392","targetHints":{"allow":["GET"]}}],"collection":[{"href":"https:\/\/www.europesays.com\/fr\/wp-json\/wp\/v2\/posts"}],"about":[{"href":"https:\/\/www.europesays.com\/fr\/wp-json\/wp\/v2\/types\/post"}],"author":[{"embeddable":true,"href":"https:\/\/www.europesays.com\/fr\/wp-json\/wp\/v2\/users\/2"}],"replies":[{"embeddable":true,"href":"https:\/\/www.europesays.com\/fr\/wp-json\/wp\/v2\/comments?post=349392"}],"version-history":[{"count":0,"href":"https:\/\/www.europesays.com\/fr\/wp-json\/wp\/v2\/posts\/349392\/revisions"}],"wp:featuredmedia":[{"embeddable":true,"href":"https:\/\/www.europesays.com\/fr\/wp-json\/wp\/v2\/media\/349393"}],"wp:attachment":[{"href":"https:\/\/www.europesays.com\/fr\/wp-json\/wp\/v2\/media?parent=349392"}],"wp:term":[{"taxonomy":"category","embeddable":true,"href":"https:\/\/www.europesays.com\/fr\/wp-json\/wp\/v2\/categories?post=349392"},{"taxonomy":"post_tag","embeddable":true,"href":"https:\/\/www.europesays.com\/fr\/wp-json\/wp\/v2\/tags?post=349392"}],"curies":[{"name":"wp","href":"https:\/\/api.w.org\/{rel}","templated":true}]}}